{"id":405811,"date":"2025-09-20T22:21:46","date_gmt":"2025-09-20T22:21:46","guid":{"rendered":"https:\/\/www.europesays.com\/fr\/405811\/"},"modified":"2025-09-20T22:21:46","modified_gmt":"2025-09-20T22:21:46","slug":"deux-gendarmes-blesses-par-des-tirs-de-feux-dartifice-pres-de-grenoble-3","status":"publish","type":"post","link":"https:\/\/www.europesays.com\/fr\/405811\/","title":{"rendered":"Deux gendarmes bless\u00e9s par des tirs de feux d\u2019artifice pr\u00e8s de Grenoble"},"content":{"rendered":"<p>Deux gendarmes ont \u00e9t\u00e9 bless\u00e9s vendredi 19\u00a0septembre 2025<a href=\"https:\/\/nimes.maville.com\/\/\" target=\"_blank\" rel=\"noopener\"> \u00e0 Saint-Egr\u00e8ve pr\u00e8s de Grenoble (Is\u00e8re)<\/a> apr\u00e8s l\u2019explosion d\u2019un feu d\u2019artifice contre leur voiture, a appris l\u2019Agence France-Presse (AFP) samedi aupr\u00e8s des gendarmes.<\/p>\n<p>Sept jours d\u2019arr\u00eat de travail<\/p>\n<p>Vendredi vers 20\u00a0h\u00a030, les deux gendarmes patrouillaient dans un quartier de Saint-Egr\u00e8ve <strong>\u00ab\u00a0et sont tomb\u00e9s dans un guet-apens\u00a0: un individu embusqu\u00e9 a cibl\u00e9 leur v\u00e9hicule avec des tirs de feux d\u2019artifice et des \u00e9clats sont entr\u00e9s dans l\u2019habitacle par une fen\u00eatre ouverte\u00a0\u00bb,<\/strong> a indiqu\u00e9 la compagnie de gendarmerie de Grenoble \u00e0 l\u2019AFP, confirmant une information <a href=\"https:\/\/www.ledauphine.com\/faits-divers-justice\/2025\/09\/20\/deux-gendarmes-blesses-par-l-explosion-d-un-mortier-d-artifice\" target=\"_blank\" rel=\"noopener\">du <\/a>  <a href=\"https:\/\/www.ledauphine.com\/faits-divers-justice\/2025\/09\/20\/deux-gendarmes-blesses-par-l-explosion-d-un-mortier-d-artifice\" target=\"_blank\" rel=\"noopener\">Dauphin\u00e9 Lib\u00e9r\u00e9.<\/a> <\/p>\n<p>Les deux militaires, appartenant \u00e0 la brigade de Sassenage, souffrent d\u2019un <strong>\u00ab\u00a0traumatisme sonore important\u00a0\u00bb<\/strong> et se sont vus prescrire un arr\u00eat maladie de sept jours, a-t-elle pr\u00e9cis\u00e9.<\/p>\n<p>Une enqu\u00eate a \u00e9t\u00e9 confi\u00e9e aux gendarmes de la brigade de Saint-Egr\u00e8ve pour identifier l\u2019auteur des tirs. Plus tard dans la soir\u00e9e, d\u2019autres tirs de mortiers d\u2019artifice ont \u00e9t\u00e9 signal\u00e9s aux forces de l\u2019ordre dans le m\u00eame quartier.<\/p>\n<p>\u00a0<\/p>\n","protected":false},"excerpt":{"rendered":"Deux gendarmes ont \u00e9t\u00e9 bless\u00e9s vendredi 19\u00a0septembre 2025 \u00e0 Saint-Egr\u00e8ve pr\u00e8s de Grenoble (Is\u00e8re) apr\u00e8s l\u2019explosion d\u2019un feu&hellip;\n","protected":false},"author":2,"featured_media":405812,"comment_status":"","ping_status":"","sticky":false,"template":"","format":"standard","meta":{"footnotes":""},"categories":[9566],"tags":[1111,11,38471,2430,4901,1777,674,18844,1011,27,13369,2731,12,3762,25,12326,9655],"class_list":{"0":"post-405811","1":"post","2":"type-post","3":"status-publish","4":"format-standard","5":"has-post-thumbnail","7":"category-grenoble","8":"tag-actu","9":"tag-actualites","10":"tag-artifice","11":"tag-auvergne-rhone-alpes","12":"tag-blesses","13":"tag-eu","14":"tag-europe","15":"tag-feux","16":"tag-fr","17":"tag-france","18":"tag-gendarmes","19":"tag-grenoble","20":"tag-news","21":"tag-pres","22":"tag-republique-francaise","23":"tag-seyne","24":"tag-tirs"},"share_on_mastodon":{"url":"https:\/\/pubeurope.com\/@fr\/115238960648363797","error":""},"_links":{"self":[{"href":"https:\/\/www.europesays.com\/fr\/wp-json\/wp\/v2\/posts\/405811","targetHints":{"allow":["GET"]}}],"collection":[{"href":"https:\/\/www.europesays.com\/fr\/wp-json\/wp\/v2\/posts"}],"about":[{"href":"https:\/\/www.europesays.com\/fr\/wp-json\/wp\/v2\/types\/post"}],"author":[{"embeddable":true,"href":"https:\/\/www.europesays.com\/fr\/wp-json\/wp\/v2\/users\/2"}],"replies":[{"embeddable":true,"href":"https:\/\/www.europesays.com\/fr\/wp-json\/wp\/v2\/comments?post=405811"}],"version-history":[{"count":0,"href":"https:\/\/www.europesays.com\/fr\/wp-json\/wp\/v2\/posts\/405811\/revisions"}],"wp:featuredmedia":[{"embeddable":true,"href":"https:\/\/www.europesays.com\/fr\/wp-json\/wp\/v2\/media\/405812"}],"wp:attachment":[{"href":"https:\/\/www.europesays.com\/fr\/wp-json\/wp\/v2\/media?parent=405811"}],"wp:term":[{"taxonomy":"category","embeddable":true,"href":"https:\/\/www.europesays.com\/fr\/wp-json\/wp\/v2\/categories?post=405811"},{"taxonomy":"post_tag","embeddable":true,"href":"https:\/\/www.europesays.com\/fr\/wp-json\/wp\/v2\/tags?post=405811"}],"curies":[{"name":"wp","href":"https:\/\/api.w.org\/{rel}","templated":true}]}}