{"id":405819,"date":"2025-09-20T22:25:22","date_gmt":"2025-09-20T22:25:22","guid":{"rendered":"https:\/\/www.europesays.com\/fr\/405819\/"},"modified":"2025-09-20T22:25:22","modified_gmt":"2025-09-20T22:25:22","slug":"pendant-6-jours-le-culturathon-est-de-retour-a-strasbourg","status":"publish","type":"post","link":"https:\/\/www.europesays.com\/fr\/405819\/","title":{"rendered":"pendant 6 jours, le Culturathon est de retour \u00e0 Strasbourg !"},"content":{"rendered":"<p>    <img loading=\"lazy\" width=\"1800\" height=\"900\" src=\"https:\/\/www.europesays.com\/fr\/wp-content\/uploads\/2025\/08\/jeanne-callthepolice.jpg\" class=\"attachment-full size-full\" alt=\"\" id=\"imageLove\" decoding=\"async\"  \/><\/p>\n<p id=\"breadcrumbs\"><a href=\"https:\/\/pokaa.fr\/\" target=\"_blank\" rel=\"noopener\">Accueil<\/a> \/ <a href=\"https:\/\/pokaa.fr\/categories\/ses-sorties\/\" target=\"_blank\" rel=\"noopener\">Sorties<\/a> \/ C\u2019est parti pour les festivit\u00e9s : pendant 6 jours, le Culturathon est de retour \u00e0 Strasbourg !<\/p>\n<p>                    Sorties<\/p>\n<p><b>\u00ab Il y avait le Marathon\u2026 Puis le Barathon\u2026 Place au Culturathon. \u00bb\u00a0C\u2019est avec cette phrase d\u2019accroche que l\u2019on nous annonce la 2e \u00e9dition de ce festival cr\u00e9\u00e9 par et pour les \u00e9tudiant(e)s. Une version agrandie, du 22 au 27 septembre, pour d\u00e9couvrir chaque jour Strasbourg par le prisme de la culture, et de ses talents \u00e9mergents. Drag, impro th\u00e9\u00e2trale, DJ sets, cin\u00e9, mode, vulgarisation scientifique\u00a0: en plus d\u2019\u00eatre vari\u00e9, c\u2019est m\u00eame tout public\u00a0!<\/b><\/p>\n<p><b>Rendre la culture locale accessible, et en c\u00e9l\u00e9brer sa diversit\u00e9<\/b>. C\u2019est le projet du Culturathon, cr\u00e9\u00e9 l\u2019an pass\u00e9 et port\u00e9 par <b>Ast\u00e9rism Live<\/b> et la toute jeune association \u00e9tudiante internationale <b>MHI<\/b> [Mugen (infini en japonais) Hope International, ndlr], <b>et soutenu par des partenaires locaux\/les.\u00a0<\/b><\/p>\n<p>Imagin\u00e9 par des \u00e9tudiant(e)s b\u00e9n\u00e9voles, \u00e0 destination de leurs comp\u00e8res,<b> ce festival pluridisciplinaire encourage aussi la <\/b><b>\u00ab\u00a0participation communautaire\u00a0\u00bb<\/b><b> <\/b>et a pens\u00e9 sa programmation non seulement comme un <b>\u00ab\u00a0marathon de la culture\u00a0\u00bb<\/b>, mais aussi comme <b>\u00ab\u00a0une sc\u00e8ne tremplin pour les futurs talents de demain\u00a0\u00bb<\/b>. L\u2019id\u00e9e\u00a0?<b> Faire voter le public<\/b> pour \u00e9lire leurs artistes pr\u00e9f\u00e9r\u00e9(e)s.<\/p>\n<p>    <img width=\"800\" height=\"450\" src=\"https:\/\/www.europesays.com\/fr\/wp-content\/uploads\/2025\/09\/capture-decran-2025-09-16-a-112418-800x450.png\" class=\"attachment-image-size-L size-image-size-L\" alt=\"Culturathon\" decoding=\"async\" loading=\"lazy\"  \/>         Culturathon 2024 au Mus\u00e9e historique de Strasbourg. \u00a9 Document remis <\/p>\n<p>Si l\u2019an pass\u00e9, le Culturathon avait d\u00e9j\u00e0 r\u00e9uni <b>plus de 200 participant(e)s sur une journ\u00e9e<\/b>, la seconde \u00e9dition s\u2019\u00e9tendra d\u00e9sormais sur <b>six jours cons\u00e9cutifs<\/b>\u2026 Et esp\u00e8re s\u00e9duire jusqu\u2019\u00e0 1000 personnes ! En seras-tu ?<\/p>\n<p>                <img width=\"892\" height=\"500\" src=\"https:\/\/www.europesays.com\/fr\/wp-content\/uploads\/2025\/09\/capture-decran-2025-09-16-a-112357-892x500.png\" class=\"attachment-gallery size-gallery\" alt=\"Culturathon\" data-full-url=\"https:\/\/pokaa.fr\/wp-content\/uploads\/2025\/09\/16\/capture-decran-2025-09-16-a-112357.png\" decoding=\"async\" loading=\"lazy\"  \/>            <\/p>\n<p>                <img width=\"889\" height=\"500\" src=\"https:\/\/www.europesays.com\/fr\/wp-content\/uploads\/2025\/09\/capture-decran-2025-09-16-a-112332-889x500.png\" class=\"attachment-gallery size-gallery\" alt=\"Culturathon\" data-full-url=\"https:\/\/pokaa.fr\/wp-content\/uploads\/2025\/09\/16\/capture-decran-2025-09-16-a-112332.png\" decoding=\"async\" loading=\"lazy\"  \/>            <\/p>\n<p>                    Culturathon 2024 : 1. Exposition mont\u00e9e avec @Unist\u2019Arts, l\u2019association des \u00e9tudiant(e)s en design, au Palais Universitaire.\u00a0\u00a9 Document remis ; 2. \u00a9 Document remis<\/p>\n<p>Culturathon\u00a0: attrapez-les tous\u00a0!<\/p>\n<p>S\u2019il est possible de rejoindre le Culturathon <b>que pour une seule soir\u00e9e<\/b>, le festival fonctionne \u00e9galement avec <b>un \u00ab\u00a0pass\u00a0\u00bb donnant acc\u00e8s \u00e0 l\u2019enti\u00e8ret\u00e9 de la programmation de la semaine<\/b>. Six jours, six concepts\u00a0: autant en profiter, et les encha\u00eener\u00a0!<\/p>\n<p>Le tour commencera ainsi <b>le lundi 22 septembre au Centre culturel Les Bateliers<\/b>, pour <b>un match d\u2019improvisation<\/b> qui verra s\u2019opposer l\u2019association \u00e9ponyme<b>\u00a0\u00e0 la Lolita <\/b>(\u00e0 20h). Au public de les d\u00e9partager, en votant pour son \u00e9quipe pr\u00e9f\u00e9r\u00e9e.<\/p>\n<p>    <img width=\"800\" height=\"533\" src=\"https:\/\/www.europesays.com\/fr\/wp-content\/uploads\/2025\/09\/449517337-1001761265284826-4530566766509970650-n1-800x533.jpg\" class=\"attachment-image-size-L size-image-size-L\" alt=\"Lolita + impro\" decoding=\"async\" loading=\"lazy\"  \/>         La Lolita en match d&rsquo;impro. \u00a9 C\u00e9line Bescont \/ Document remis <\/p>\n<p><b>Le mardi 23<\/b> d\u00e8s 18h, <b>The People<\/b> accueillera une soir\u00e9e th\u00e9matique autour de la <b>vulgarisation scientifique<\/b>. Avec <b>un atelier de la DD&amp;RS<\/b> (D\u00e9veloppement durable et responsabilit\u00e9 soci\u00e9tale) autour d\u2019une<b> fresque\/quiz du climat<\/b>, et de <b>l\u2019improvisation scientifique <\/b>en compagnie du <b>Schlouk de Sciences<\/b> (un collectif de m\u00e9diation et culture scientifique).<\/p>\n<p>Le lendemain\u00a0: <b>projection\/concours de courts-m\u00e9trages au cin\u00e9ma Star Saint-Exup\u00e9ry<\/b> (de 17h \u00e0 19h). Apr\u00e8s avoir lanc\u00e9 \u2013 sur ses r\u00e9seaux \u2013 un appel \u00e0 films aux cin\u00e9astes en herbe de la ville, le Culturathon fera voter le public pour son film pr\u00e9f\u00e9r\u00e9.<\/p>\n<p>    <img width=\"800\" height=\"448\" src=\"https:\/\/www.europesays.com\/fr\/wp-content\/uploads\/2025\/09\/capture-decran-2025-09-16-a-112455-800x448.png\" class=\"attachment-image-size-L size-image-size-L\" alt=\"Culturathon\" decoding=\"async\" loading=\"lazy\"  \/>         Entretien avec Leo Durante (@rougee.e) sur son court m\u00e9trage, au cin\u00e9ma Star Saint-Exup\u00e9ry. \u00a9 Document remis <\/p>\n<p><b>Le jeudi 25, La Grenze enverra du lourd avec des drag shows <\/b>(de 18h \u00e0 22h) ! En premi\u00e8re partie : un podcast ; puis<b> un concours drag<\/b> en seconde, qui verra s\u2019affronter<b> <\/b>sur sc\u00e8ne<b> huit performeurs\/ses \u00e9mergent(e)s<\/b>, pour esp\u00e9rer d\u00e9crocher la couronne.<\/p>\n<p>Pour nous en mettre plein les yeux\u00a0? 100\u00e9chines, Bitch is Born, Dany Hot, Karbone, Killer Klown, Olympea, Scolopendra et Valentimpe\u00a0; et \u00e0 la pr\u00e9sentation\u00a0: la d\u00e9moniaque <b>Frankie Kekshoz<\/b>.<\/p>\n<p><b>Le vendredi 26<\/b> (de 19h \u00e0 23h), direction le<b> D\u00e9lirium <\/b>pour un nouveau concours. Cette fois,<b> une comp\u00e9tition de DJ <\/b>(avec le Club DJ de l\u2019INSA Strasbourg), afin de s\u00e9lectionner les gagnant(e)s pour l\u2019affiche de la soir\u00e9e de cl\u00f4ture du lendemain.<\/p>\n<p>    <img width=\"800\" height=\"449\" src=\"https:\/\/www.europesays.com\/fr\/wp-content\/uploads\/2025\/09\/capture-decran-2025-09-16-a-112528-800x449.png\" class=\"attachment-image-size-L size-image-size-L\" alt=\"Culturathon\" decoding=\"async\" loading=\"lazy\"  \/>         Frankie Kekshoz. \u00a9 Document remis <\/p>\n<p>Et enfin, pour le<b> Grand Final du samedi 27, organis\u00e9 \u00e0 La Grenze (de 14h \u00e0 00h30)<\/b>, le Culturathon annonce <b>un <\/b><b>\u00ab\u00a0mix des activit\u00e9s\u00a0\u00bb<\/b> propos\u00e9es dans la semaine. On retrouvera les talents gagnants de la semaine, ainsi qu\u2019un<b> concert d\u2019ETN<\/b> (de 19h \u00e0 20h) \u2013 un talent \u00e0 suivre de pr\u00e8s d\u2019apr\u00e8s Lou Barr\u00e9 le cofondateur d\u2019Ast\u00e9rism Live et du Culturathon.<\/p>\n<p>    <img width=\"800\" height=\"435\" src=\"https:\/\/www.europesays.com\/fr\/wp-content\/uploads\/2025\/09\/la-grenze16-francoisfreundlich-800x435.jpg\" class=\"attachment-image-size-L size-image-size-L\" alt=\"La Grenze\" decoding=\"async\" loading=\"lazy\"  \/>         La Grenze. \u00a9 Fran\u00e7ois Freundlich \/ Document remis <\/p>\n<p>Mais aussi\u00a0: <b>un d\u00e9fil\u00e9 de mode durable et inclusif<\/b>. Celui-ci mettra en sc\u00e8ne une vari\u00e9t\u00e9 de mod\u00e8les et de v\u00eatements (de seconde main et durables, et des pi\u00e8ces ethniques et tribales), en partenariat avec TROK et Tibet Bleu.<\/p>\n<p><strong>Que le Culturathon commence\u00a0!<\/strong><\/p>\n<p>            Culturathon 2025 &#8211; 2e \u00e9dition<\/p>\n<p>            Quoi ? <\/p>\n<p>Festival par et pour les \u00e9tudiant(e)s autour de la culture locale : match d\u2019impro, drag shows, concert et DJ sets, projection de courts-m\u00e9trages, vulgarisation scientifique, d\u00e9fil\u00e9 de mode, etc.<\/p>\n<p>                Quand ?<\/p>\n<p>Du lundi 22 au samedi 27 septembre<\/p>\n<p>            o\u00f9 ?<\/p>\n<p>Dans divers lieux \u00e0 Strasbourg<\/p>\n<p>                Plus d&rsquo;infos ?<\/p>\n<p><a href=\"https:\/\/culturathon.fr\/\" target=\"_blank\" rel=\"noopener\">Le site web<\/a><br \/><a href=\"https:\/\/www.helloasso.com\/associations\/asterism-live\/evenements\/le-culturathon\" target=\"_blank\" rel=\"noopener\">Billetterie en ligne<\/a><\/p>\n","protected":false},"excerpt":{"rendered":"Accueil \/ Sorties \/ C\u2019est parti pour les festivit\u00e9s : pendant 6 jours, le Culturathon est de retour&hellip;\n","protected":false},"author":2,"featured_media":405820,"comment_status":"","ping_status":"","sticky":false,"template":"","format":"standard","meta":{"footnotes":""},"categories":[2820],"tags":[1111,11,4396,650,53704,251,12084,29739,4081,1777,674,849,1011,27,53705,775,39031,12,21919,3907,25,640,4064],"class_list":{"0":"post-405819","1":"post","2":"type-post","3":"status-publish","4":"format-standard","5":"has-post-thumbnail","7":"category-strasbourg","8":"tag-actu","9":"tag-actualites","10":"tag-atelier","11":"tag-cinema","12":"tag-culturathon","13":"tag-culture","14":"tag-dj-set","15":"tag-dragshow","16":"tag-etudiant","17":"tag-eu","18":"tag-europe","19":"tag-festival","20":"tag-fr","21":"tag-france","22":"tag-fresque-du-climat","23":"tag-grand-est","24":"tag-impro","25":"tag-news","26":"tag-ou-sortir","27":"tag-que-faire","28":"tag-republique-francaise","29":"tag-strasbourg","30":"tag-week-end"},"share_on_mastodon":{"url":"https:\/\/pubeurope.com\/@fr\/115238976161481014","error":""},"_links":{"self":[{"href":"https:\/\/www.europesays.com\/fr\/wp-json\/wp\/v2\/posts\/405819","targetHints":{"allow":["GET"]}}],"collection":[{"href":"https:\/\/www.europesays.com\/fr\/wp-json\/wp\/v2\/posts"}],"about":[{"href":"https:\/\/www.europesays.com\/fr\/wp-json\/wp\/v2\/types\/post"}],"author":[{"embeddable":true,"href":"https:\/\/www.europesays.com\/fr\/wp-json\/wp\/v2\/users\/2"}],"replies":[{"embeddable":true,"href":"https:\/\/www.europesays.com\/fr\/wp-json\/wp\/v2\/comments?post=405819"}],"version-history":[{"count":0,"href":"https:\/\/www.europesays.com\/fr\/wp-json\/wp\/v2\/posts\/405819\/revisions"}],"wp:featuredmedia":[{"embeddable":true,"href":"https:\/\/www.europesays.com\/fr\/wp-json\/wp\/v2\/media\/405820"}],"wp:attachment":[{"href":"https:\/\/www.europesays.com\/fr\/wp-json\/wp\/v2\/media?parent=405819"}],"wp:term":[{"taxonomy":"category","embeddable":true,"href":"https:\/\/www.europesays.com\/fr\/wp-json\/wp\/v2\/categories?post=405819"},{"taxonomy":"post_tag","embeddable":true,"href":"https:\/\/www.europesays.com\/fr\/wp-json\/wp\/v2\/tags?post=405819"}],"curies":[{"name":"wp","href":"https:\/\/api.w.org\/{rel}","templated":true}]}}