{"id":405821,"date":"2025-09-20T22:26:11","date_gmt":"2025-09-20T22:26:11","guid":{"rendered":"https:\/\/www.europesays.com\/fr\/405821\/"},"modified":"2025-09-20T22:26:11","modified_gmt":"2025-09-20T22:26:11","slug":"un-mort-et-neuf-blesses-dans-un-incendie-a-strasbourg","status":"publish","type":"post","link":"https:\/\/www.europesays.com\/fr\/405821\/","title":{"rendered":"Un mort et neuf bless\u00e9s dans un incendie \u00e0 Strasbourg"},"content":{"rendered":"<p class=\"paragraph text_align_left lp-f-body-02\">Drame dans la capitale alsacienne. Ce samedi, les sapeurs-pompiers du Bas-Rhin ont re\u00e7u plusieurs dizaines d\u2019appels signalant un incendie en cours dans le quartier de Koenigshoffen \u00e0 Strasbourg, <a href=\"https:\/\/www.dna.fr\/faits-divers-justice\/2025\/09\/20\/incendie-en-cours-a-koenigshoffen-un-immeuble-en-proie-aux-flammes\" target=\"_blank\" rel=\"noreferrer nofollow noopener\">rapporte les DNA<\/a>.<\/p>\n<p class=\"paragraph text_align_left lp-f-body-02\">Pr\u00e8s de soixante sapeurs-pompiers ont \u00e9t\u00e9 engag\u00e9s \u00e0 bord d\u2019une trentaine d\u2019engins pour combattre l\u2019incendie dans un b\u00e2timent, autrefois un ancien corps de ferme. Des flammes de plusieurs m\u00e8tres d\u00e9passaient du b\u00e2timent selon plusieurs t\u00e9moins au moment de l\u2019arriv\u00e9e des secours.<\/p>\n<p class=\"paragraph text_align_left lp-f-body-02\">\u00ab La pr\u00e9sence de planchers et d\u2019un escalier en bois a forc\u00e9ment facilit\u00e9 la propagation des flammes \u00bb, a retrac\u00e9 le lieutenant-colonel Pierre-Jean Cheze, officier de permanence des sapeurs-pompiers du Bas-Rhin.<\/p>\n<p>Sauvetage de sept adultes et deux enfants<\/p>\n<p class=\"paragraph text_align_left lp-f-body-02\">\u00ab On a proc\u00e9d\u00e9 imm\u00e9diatement \u00e0 un sauvetage d\u2019une personne qui \u00e9tait r\u00e9fugi\u00e9e sur le toit. Une autre a \u00e9t\u00e9 mise en s\u00e9curit\u00e9 \u00bb, a expliqu\u00e9 l\u2019officier au m\u00e9dial local. Un homme handicap\u00e9, en fauteuil roulant, est malheureusement rest\u00e9 prisonnier des flammes au deuxi\u00e8me \u00e9tage. Les sapeurs-pompiers l\u2019ont retrouv\u00e9 d\u00e9c\u00e9d\u00e9.<\/p>\n<p class=\"lp-card-podcast-highlighting__title  lp-f-subtitle-05\">[5\/6] Jubillar : de la disparition au proc\u00e8s, une affaire sans corps ni aveux<\/p>\n<p class=\"lp-card-podcast-highlighting__description lp-f-ui-05\">Crime story raconte chaque semaine les grandes affaires criminelles.<\/p>\n<p><a class=\"lp-card-podcast-highlighting__call-to-action\" data-page-type=\"HP\" data-block-name=\"podcast-highlight\">\u00c9couter<\/a><\/p>\n<p class=\"paragraph text_align_left lp-f-body-02\">Neuf autres occupants de ce b\u00e2timent ancien, sept adultes et deux enfants, ont \u00e9t\u00e9 pris en charge par les services de secours puis hospitalis\u00e9s apr\u00e8s une intoxication aux fum\u00e9es. Leurs jours ne sont plus en danger selon les pompiers.<\/p>\n<p class=\"paragraph text_align_left lp-f-body-02\">Dans la soir\u00e9e, les sapeurs-pompiers recherchaient encore une femme, qui vivait au deuxi\u00e8me \u00e9tage de la b\u00e2tisse, sans qu\u2019il soit possible d\u2019\u00e9tablir si elle \u00e9tait chez elle au moment du drame.<\/p>\n","protected":false},"excerpt":{"rendered":"Drame dans la capitale alsacienne. Ce samedi, les sapeurs-pompiers du Bas-Rhin ont re\u00e7u plusieurs dizaines d\u2019appels signalant un&hellip;\n","protected":false},"author":2,"featured_media":405822,"comment_status":"","ping_status":"","sticky":false,"template":"","format":"standard","meta":{"footnotes":""},"categories":[2820],"tags":[1111,11,459,1777,674,118,1011,27,775,12,25,640],"class_list":{"0":"post-405821","1":"post","2":"type-post","3":"status-publish","4":"format-standard","5":"has-post-thumbnail","7":"category-strasbourg","8":"tag-actu","9":"tag-actualites","10":"tag-departements-horsidfo","11":"tag-eu","12":"tag-europe","13":"tag-faits-divers","14":"tag-fr","15":"tag-france","16":"tag-grand-est","17":"tag-news","18":"tag-republique-francaise","19":"tag-strasbourg"},"share_on_mastodon":{"url":"https:\/\/pubeurope.com\/@fr\/115238979810758149","error":""},"_links":{"self":[{"href":"https:\/\/www.europesays.com\/fr\/wp-json\/wp\/v2\/posts\/405821","targetHints":{"allow":["GET"]}}],"collection":[{"href":"https:\/\/www.europesays.com\/fr\/wp-json\/wp\/v2\/posts"}],"about":[{"href":"https:\/\/www.europesays.com\/fr\/wp-json\/wp\/v2\/types\/post"}],"author":[{"embeddable":true,"href":"https:\/\/www.europesays.com\/fr\/wp-json\/wp\/v2\/users\/2"}],"replies":[{"embeddable":true,"href":"https:\/\/www.europesays.com\/fr\/wp-json\/wp\/v2\/comments?post=405821"}],"version-history":[{"count":0,"href":"https:\/\/www.europesays.com\/fr\/wp-json\/wp\/v2\/posts\/405821\/revisions"}],"wp:featuredmedia":[{"embeddable":true,"href":"https:\/\/www.europesays.com\/fr\/wp-json\/wp\/v2\/media\/405822"}],"wp:attachment":[{"href":"https:\/\/www.europesays.com\/fr\/wp-json\/wp\/v2\/media?parent=405821"}],"wp:term":[{"taxonomy":"category","embeddable":true,"href":"https:\/\/www.europesays.com\/fr\/wp-json\/wp\/v2\/categories?post=405821"},{"taxonomy":"post_tag","embeddable":true,"href":"https:\/\/www.europesays.com\/fr\/wp-json\/wp\/v2\/tags?post=405821"}],"curies":[{"name":"wp","href":"https:\/\/api.w.org\/{rel}","templated":true}]}}