{"id":405827,"date":"2025-09-20T22:29:24","date_gmt":"2025-09-20T22:29:24","guid":{"rendered":"https:\/\/www.europesays.com\/fr\/405827\/"},"modified":"2025-09-20T22:29:24","modified_gmt":"2025-09-20T22:29:24","slug":"orvault-lapes-organise-un-vide-ta-chambre-solidaire-dimanche","status":"publish","type":"post","link":"https:\/\/www.europesays.com\/fr\/405827\/","title":{"rendered":"Orvault. L\u2019Apes organise un vide ta chambre solidaire dimanche"},"content":{"rendered":"<p>La nouvelle \u00e9quipe de l\u2019association des parents d\u2019\u00e9l\u00e8ves de La Salentine (Apes) se mobilise et organise un vide ta chambre d\u00e9di\u00e9 \u00e0 l\u2019enfance et \u00e0 l\u2019adolescence, avec la vente de jeux, jouets, livres, v\u00eatements et accessoires de pu\u00e9riculture. Il sera solidaire avec l\u2019entr\u00e9e des visiteurs \u00e0 1\u00a0\u20ac au profit de l\u2019\u00e9cole.<\/p>\n<p>\u00a0Nous faisons le constat que les chambres de nos enfants d\u00e9bordent litt\u00e9ralement. Nous voulons leur montrer que prendre soin de leurs affaires est important car cela peut resservir pour d\u2019autres\u00a0, explique C\u00e9line Charpentier, sa pr\u00e9sidente. Les quarante stands ont trouv\u00e9 preneurs et l\u2019association fait payer 1\u00a0\u20ac l\u2019entr\u00e9e aux adultes. \u00a0Si nous d\u00e9gageons des b\u00e9n\u00e9fices, ils serviront \u00e0 financer des projets et sorties scolaires pour cette ann\u00e9e. Notre \u00e9cole est en pleine expansion et nous devons renouveler du mat\u00e9riel et il faudra \u00e9quiper la nouvelle classe qui ouvrira \u00e0 la rentr\u00e9e 2026\u00a0, pr\u00e9cise Leslie Roussel, la tr\u00e9sori\u00e8re.<\/p>\n<p>Dimanche 21\u00a0septembre, de 10\u00a0h \u00e0 16\u00a0h, \u00e0 l\u2019Odyss\u00e9e, Bois-Cesbron. Entr\u00e9e des visiteurs \u00e0 1\u00a0\u20ac au profit de l\u2019\u00e9cole. Contact\u00a0: apes.salentine@gmail.com<\/p>\n<p>\u00a0<\/p>\n","protected":false},"excerpt":{"rendered":"La nouvelle \u00e9quipe de l\u2019association des parents d\u2019\u00e9l\u00e8ves de La Salentine (Apes) se mobilise et organise un vide&hellip;\n","protected":false},"author":2,"featured_media":405828,"comment_status":"","ping_status":"","sticky":false,"template":"","format":"standard","meta":{"footnotes":""},"categories":[2818],"tags":[1111,11,53706,15760,6664,1777,674,1011,27,766,12,9271,4151,2636,25,12280,21632],"class_list":{"0":"post-405827","1":"post","2":"type-post","3":"status-publish","4":"format-standard","5":"has-post-thumbnail","7":"category-nantes","8":"tag-actu","9":"tag-actualites","10":"tag-apes","11":"tag-chambre","12":"tag-dimanche","13":"tag-eu","14":"tag-europe","15":"tag-fr","16":"tag-france","17":"tag-nantes","18":"tag-news","19":"tag-organise","20":"tag-orvault","21":"tag-pays-de-la-loire","22":"tag-republique-francaise","23":"tag-solidaire","24":"tag-vide"},"share_on_mastodon":{"url":"https:\/\/pubeurope.com\/@fr\/115238991478193639","error":""},"_links":{"self":[{"href":"https:\/\/www.europesays.com\/fr\/wp-json\/wp\/v2\/posts\/405827","targetHints":{"allow":["GET"]}}],"collection":[{"href":"https:\/\/www.europesays.com\/fr\/wp-json\/wp\/v2\/posts"}],"about":[{"href":"https:\/\/www.europesays.com\/fr\/wp-json\/wp\/v2\/types\/post"}],"author":[{"embeddable":true,"href":"https:\/\/www.europesays.com\/fr\/wp-json\/wp\/v2\/users\/2"}],"replies":[{"embeddable":true,"href":"https:\/\/www.europesays.com\/fr\/wp-json\/wp\/v2\/comments?post=405827"}],"version-history":[{"count":0,"href":"https:\/\/www.europesays.com\/fr\/wp-json\/wp\/v2\/posts\/405827\/revisions"}],"wp:featuredmedia":[{"embeddable":true,"href":"https:\/\/www.europesays.com\/fr\/wp-json\/wp\/v2\/media\/405828"}],"wp:attachment":[{"href":"https:\/\/www.europesays.com\/fr\/wp-json\/wp\/v2\/media?parent=405827"}],"wp:term":[{"taxonomy":"category","embeddable":true,"href":"https:\/\/www.europesays.com\/fr\/wp-json\/wp\/v2\/categories?post=405827"},{"taxonomy":"post_tag","embeddable":true,"href":"https:\/\/www.europesays.com\/fr\/wp-json\/wp\/v2\/tags?post=405827"}],"curies":[{"name":"wp","href":"https:\/\/api.w.org\/{rel}","templated":true}]}}