{"id":405839,"date":"2025-09-20T22:38:15","date_gmt":"2025-09-20T22:38:15","guid":{"rendered":"https:\/\/www.europesays.com\/fr\/405839\/"},"modified":"2025-09-20T22:38:15","modified_gmt":"2025-09-20T22:38:15","slug":"thauvin-en-mode-total-regal-giroud-cadenasse-bollaert-en-fusion-les-tops-et-les-flops-du-derby","status":"publish","type":"post","link":"https:\/\/www.europesays.com\/fr\/405839\/","title":{"rendered":"Thauvin en mode \u00abtotal r\u00e9gal\u00bb, Giroud cadenass\u00e9, Bollaert en fusion&#8230; Les tops et les flops du derby"},"content":{"rendered":"<p>Devant un Bollaert chauff\u00e9 \u00e0 blanc, Florian Thauvin et la d\u00e9fense lensoise ont marqu\u00e9 de leurs empreintes le derby du Nord face \u00e0 des Lillois en perdition \u00e0 l\u2019image de Giroud.<\/p>\n<p class=\"fig-paragraph\">TOPS<\/p>\n<p>Un Florian Thauvin de grande classe<\/p>\n<p class=\"fig-paragraph\">Bollaert s\u2019est lev\u00e9, Bollaert l\u2019a acclam\u00e9 et a chant\u00e9 en son honneur. Pour seulement son cinqui\u00e8me match avec les Sang et Or,\u00a0<a href=\"http:\/\/www.lefigaro.fr\/sports\/football\/transferts\/mercato-c-est-officiel-florian-thauvin-rejoint-le-rc-lens-20250808\" target=\"_blank\" data-fig-type=\"NewsFlash\" rel=\"sponsored noopener\" data-gtm-custom-categorie=\"navigation\" data-gtm-custom-action=\"crossclick\" data-gtm-custom-label=\"Contextuel\" data-gtm-event=\"customEventSPE\" data-fig-domain=\"LEFIGARO\">Florian Thauvin<\/a>\u00a0a conquis (si ce n\u2019\u00e9tait pas encore le cas) les supporters du\u00a0<a href=\"http:\/\/www.lefigaro.fr\/sports\/football\/ligue-1\/ligue-1-vers-une-reorganisation-a-la-tete-du-rc-lens-avec-les-departs-de-pierre-dreossi-et-diego-lopez-20250522\" target=\"_blank\" data-fig-type=\"NewsFlash\" rel=\"sponsored noopener\" data-gtm-custom-categorie=\"navigation\" data-gtm-custom-action=\"crossclick\" data-gtm-custom-label=\"Contextuel\" data-gtm-event=\"customEventSPE\" data-fig-domain=\"LEFIGARO\">RC Lens<\/a>. Tr\u00e8s en jambes d\u00e8s l\u2019entame de match, \u00e0 l\u2019image de son \u00e9quipe, l\u2019international fran\u00e7ais \u00e9tait en mode \u00abtotal r\u00e9gal\u00bb a-t-il confi\u00e9 au micro de Ligue 1 +. Une prestation ponctu\u00e9e par ce but (43e, 2-0) d\u2019une splendide frappe enroul\u00e9e dans la lucarne lilloise.<\/p>\n<p>                                    <a class=\"fig-a11y-skip a11y-hidden\" href=\"#fig-a11y-skip-main-inarticle\"><br \/>\n        Passer la publicit\u00e9<br \/>\n    <\/a><\/p>\n<p>La d\u00e9fense des Sang et Or<\/p>\n<p class=\"fig-paragraph\">Avant la rencontre, le Losc se pr\u00e9sentait avec la meilleure attaque du championnat (13 buts en 4 matches). Face \u00e0 Olivier Giroud, Haraldsson, Correia et toute l\u2019attaque lilloise, la d\u00e9fense lensoise s\u2019est montr\u00e9e \u00e9tincelante. En premi\u00e8re mi-temps, les hommes de Pierre Sage ont failli c\u00e9der, mais gr\u00e2ce \u00e0 des rat\u00e9s adverses (voir les flops ci-dessous) et un Robin Risser vigilant dans les cages&#8230; Les Sang et Or repartent de Bollaert avec un \u00abclean sheet\u00bb amplement m\u00e9rit\u00e9 en ne conc\u00e9dant aucun tir cadr\u00e9 dans le deuxi\u00e8me acte.<\/p>\n<p>Le public lensois<\/p>\n<p class=\"fig-paragraph\">Le score, largement en faveur du RC Lens, aura certainement jou\u00e9 dans ce top. Mais, encore une fois, c\u2019\u00e9tait l\u2019ambiance des grands soirs \u00e0\u00a0<a href=\"http:\/\/www.lefigaro.fr\/sports\/football\/foot-le-rc-lens-acte-le-rachat-du-stade-bollaert-a-la-ville-20250521\" target=\"_blank\" data-fig-type=\"NewsFlash\" rel=\"sponsored noopener\" data-gtm-custom-categorie=\"navigation\" data-gtm-custom-action=\"crossclick\" data-gtm-custom-label=\"Contextuel\" data-gtm-event=\"customEventSPE\" data-fig-domain=\"LEFIGARO\">Bollaert<\/a>. Pour la 70e fois d\u2019affil\u00e9e en match officiel, les Sang et Or \u00e9voluaient dans un stade \u00e0 guichets ferm\u00e9s (plus de 38 000 spectateurs).<\/p>\n<p class=\"fig-paragraph\">Les Corons auront r\u00e9sonn\u00e9, les applaudissements et les chants se sont succ\u00e9d\u00e9, m\u00eame lorsqu\u2019un Lillois, certes pas n\u2019importe lequel (Olivier Giroud) est sorti. Seul incident \u00e0 signaler, l\u2019utilisation de fumig\u00e8nes (30e) qui auront provoqu\u00e9 l\u2019arr\u00eat du jeu quelques minutes. Il fallait bien un peu de piment dans ce\u00a0<a href=\"http:\/\/www.lefigaro.fr\/sports\/football\/ligue-1\/derby-de-l-ouest-derby-du-nord-classique-un-week-end-de-chocs-en-ligue-1-20250919\" target=\"_blank\" data-fig-type=\"NewsFlash\" rel=\"sponsored noopener\" data-gtm-custom-categorie=\"navigation\" data-gtm-custom-action=\"crossclick\" data-gtm-custom-label=\"Contextuel\" data-gtm-event=\"customEventSPE\" data-fig-domain=\"LEFIGARO\">derby du Nord<\/a>.<\/p>\n<p class=\"fig-paragraph\">FLOPS<\/p>\n<p>Giroud esseul\u00e9<\/p>\n<p class=\"fig-paragraph\">On ne l\u2019aura pas vu ou presque. Comme toute l\u2019attaque du Losc (pourtant meilleure attaque de Ligue 1 avec 13 buts),\u00a0<a href=\"http:\/\/www.lefigaro.fr\/sports\/football\/ligue-1\/foot-ca-m-a-traverse-l-esprit-d-arreter-revele-olivier-giroud-avant-son-retour-en-france-cet-ete-20250908\" target=\"_blank\" data-fig-type=\"NewsFlash\" rel=\"sponsored noopener\" data-gtm-custom-categorie=\"navigation\" data-gtm-custom-action=\"crossclick\" data-gtm-custom-label=\"Contextuel\" data-gtm-event=\"customEventSPE\" data-fig-domain=\"LEFIGARO\">Olivier Giroud<\/a>\u00a0a \u00e9t\u00e9 cadenass\u00e9 par la d\u00e9fense des Sang et Or. Le meilleur buteur de l\u2019histoire de l\u2019\u00c9quipe de France (57 buts) n\u2019aura pas pes\u00e9 dans le derby&#8230; Il pourra regretter cette action en d\u00e9but de match (7e) o\u00f9, plac\u00e9 au point de p\u00e9nalty, il ne parvient pas \u00e0 trouver le cadre de Risser. Remplac\u00e9 \u00e0 la 77e (par Hamza Igamane) sous les applaudissements de Bollaert.<\/p>\n<p>                                    <a class=\"fig-a11y-skip a11y-hidden\" href=\"#fig-a11y-skip-main-inarticle_mtf\"><br \/>\n        Passer la publicit\u00e9<br \/>\n    <\/a><\/p>\n<p>Haraldsson d\u00e9boussol\u00e9<\/p>\n<p class=\"fig-paragraph\">Le milieu de terrain islandais aura v\u00e9cu l\u2019enfer du Nord ce soir \u00e0 Bollaert. Pendant toute la rencontre,\u00a0<a href=\"http:\/\/www.lefigaro.fr\/sports\/football\/ligue-1\/angers-lille-haraldsson-brille-pour-le-losc-diakite-aurait-pu-couter-cher-les-tops-et-les-flops-20250427\" target=\"_blank\" data-fig-type=\"NewsFlash\" rel=\"sponsored noopener\" data-gtm-custom-categorie=\"navigation\" data-gtm-custom-action=\"crossclick\" data-gtm-custom-label=\"Contextuel\" data-gtm-event=\"customEventSPE\" data-fig-domain=\"LEFIGARO\">Haraldsson<\/a>\u00a0a tra\u00een\u00e9 en boulet son gros rat\u00e9, \u00e0 cinq m\u00e8tres des cages (hors cadre) en d\u00e9but de match (20e)&#8230; Une frappe pourtant largement \u00e0 sa port\u00e9e.<\/p>\n<p class=\"fig-body-link\">\n            \u00c0 lire aussi<br \/>\n        <a class=\"fig-body-link__link\" href=\"https:\/\/www.lefigaro.fr\/sports\/football\/live\/ligue-1\/2025\/2568469\/lens-lille\" target=\"_blank\" data-fig-type=\"Live\" rel=\"sponsored noopener\" data-gtm-custom-categorie=\"navigation\" data-gtm-custom-action=\"crossclick\" data-gtm-custom-label=\"Contextuel\" data-gtm-event=\"customEventSPE\" data-fig-domain=\"LEFIGARO\">Lens-Lille\u00a0: revivez la d\u00e9monstration des Sang et Or dans le derby du Nord<br \/>\n    <\/a>\n<\/p>\n<p class=\"fig-paragraph\">Sur coup de pied arr\u00eat\u00e9 \u00e9galement, l\u2019international islandais n\u2019aura pas su se montrer en r\u00e9ussite \u00e0 l\u2019image de ce corner (42e) qui ne passe pas le premier poteau.\u00a0<a href=\"http:\/\/www.lefigaro.fr\/sports\/football\/ligue-1\/ligue-1-bruno-genesio-sera-encore-sur-le-banc-de-lille-la-saison-prochaine-20250519\" target=\"_blank\" data-fig-type=\"NewsFlash\" rel=\"sponsored noopener\" data-gtm-custom-categorie=\"navigation\" data-gtm-custom-action=\"crossclick\" data-gtm-custom-label=\"Contextuel\" data-gtm-event=\"customEventSPE\" data-fig-domain=\"LEFIGARO\">Bruno G\u00e9n\u00e9sio\u00a0<\/a>d\u00e9cide de stopper sa soir\u00e9e au d\u00e9but de la deuxi\u00e8me mi-temps (59e) par Mukau. Une prestation \u00e0 oublier et qui sera dure \u00e0 dig\u00e9rer.<\/p>\n","protected":false},"excerpt":{"rendered":"Devant un Bollaert chauff\u00e9 \u00e0 blanc, Florian Thauvin et la d\u00e9fense lensoise ont marqu\u00e9 de leurs empreintes le&hellip;\n","protected":false},"author":2,"featured_media":405840,"comment_status":"","ping_status":"","sticky":false,"template":"","format":"standard","meta":{"footnotes":""},"categories":[2815],"tags":[1111,11,1777,674,43563,1011,27,811,1307,2267,12,5959,2264,25],"class_list":{"0":"post-405839","1":"post","2":"type-post","3":"status-publish","4":"format-standard","5":"has-post-thumbnail","7":"category-lille","8":"tag-actu","9":"tag-actualites","10":"tag-eu","11":"tag-europe","12":"tag-florian-thauvin","13":"tag-fr","14":"tag-france","15":"tag-hauts-de-france","16":"tag-lille","17":"tag-losc","18":"tag-news","19":"tag-olivier-giroud","20":"tag-rc-lens","21":"tag-republique-francaise"},"share_on_mastodon":{"url":"https:\/\/pubeurope.com\/@fr\/115239026953978536","error":""},"_links":{"self":[{"href":"https:\/\/www.europesays.com\/fr\/wp-json\/wp\/v2\/posts\/405839","targetHints":{"allow":["GET"]}}],"collection":[{"href":"https:\/\/www.europesays.com\/fr\/wp-json\/wp\/v2\/posts"}],"about":[{"href":"https:\/\/www.europesays.com\/fr\/wp-json\/wp\/v2\/types\/post"}],"author":[{"embeddable":true,"href":"https:\/\/www.europesays.com\/fr\/wp-json\/wp\/v2\/users\/2"}],"replies":[{"embeddable":true,"href":"https:\/\/www.europesays.com\/fr\/wp-json\/wp\/v2\/comments?post=405839"}],"version-history":[{"count":0,"href":"https:\/\/www.europesays.com\/fr\/wp-json\/wp\/v2\/posts\/405839\/revisions"}],"wp:featuredmedia":[{"embeddable":true,"href":"https:\/\/www.europesays.com\/fr\/wp-json\/wp\/v2\/media\/405840"}],"wp:attachment":[{"href":"https:\/\/www.europesays.com\/fr\/wp-json\/wp\/v2\/media?parent=405839"}],"wp:term":[{"taxonomy":"category","embeddable":true,"href":"https:\/\/www.europesays.com\/fr\/wp-json\/wp\/v2\/categories?post=405839"},{"taxonomy":"post_tag","embeddable":true,"href":"https:\/\/www.europesays.com\/fr\/wp-json\/wp\/v2\/tags?post=405839"}],"curies":[{"name":"wp","href":"https:\/\/api.w.org\/{rel}","templated":true}]}}