{"id":405853,"date":"2025-09-20T22:46:11","date_gmt":"2025-09-20T22:46:11","guid":{"rendered":"https:\/\/www.europesays.com\/fr\/405853\/"},"modified":"2025-09-20T22:46:11","modified_gmt":"2025-09-20T22:46:11","slug":"michel-barnier-donne-favori-de-la-legislative-partielle-organisee-a-paris","status":"publish","type":"post","link":"https:\/\/www.europesays.com\/fr\/405853\/","title":{"rendered":"Michel Barnier donn\u00e9 favori de la l\u00e9gislative partielle organis\u00e9e \u00e0 Paris"},"content":{"rendered":"<p class=\"mb-4 text-lg md:leading-8 break-words\">Ce dimanche 21 septembre, les \u00e9lections l\u00e9gislatives partielles se d\u00e9roulent dans la deuxi\u00e8me circonscription de Paris. Un d\u00e9put\u00e9 macroniste, Jean Lassucq, avait d\u00fb rendre son si\u00e8ge de d\u00e9put\u00e9 cet \u00e9t\u00e9 en raison d&rsquo;irr\u00e9gularit\u00e9s dans ses comptes de campagne, et son si\u00e8ge est remis en jeu. Dix-sept candidats sont en lice, mais c\u2019est surtout entre l\u2019\u00e9ph\u00e9m\u00e8re Premier ministre de droite, Michel Barnier, et l\u2019ancienne ministre socialiste Fr\u00e9d\u00e9rique Bredin, que tout se joue.<\/p>\n<p class=\"mb-4 text-lg md:leading-8 break-words\">L\u2019avantage net est pour <a href=\"https:\/\/www.rfi.fr\/fr\/tag\/michel-barnier\/\" class=\"link \" rel=\"nofollow noopener\" target=\"_blank\" data-ylk=\"slk:Michel Barnier;elm:context_link;itc:0;sec:content-canvas\"><strong>Michel Barnie<\/strong>r<\/a>. On s&rsquo;affiche d\u2019ailleurs optimiste chez LR. L\u2019ancien Premier ministre \u00ab est connu \u00bb et \u00ab son profil correspond \u00e0 la sociologie de la circonscription \u00bb, analysent ses soutiens. De fait, la deuxi\u00e8me circonscription de <strong><a href=\"https:\/\/www.rfi.fr\/fr\/tag\/paris\/\" class=\"link \" rel=\"nofollow noopener\" target=\"_blank\" data-ylk=\"slk:Paris;elm:context_link;itc:0;sec:content-canvas\">Paris<\/a><\/strong> est historiquement ancr\u00e9e \u00e0 droite. \u00c0 cela s\u2019ajoute un autre obstacle pour Fr\u00e9d\u00e9rique Bredin, des d\u00e9lais tr\u00e8s courts pour mener campagne \u2013 un mois \u00e0 peine.<\/p>\n<p class=\"mb-4 text-lg md:leading-8 break-words\">Si l&rsquo;ancienne ministre des Sports se dit elle-m\u00eame \u00ab consciente de la difficult\u00e9 de l\u2019exercice \u00bb, ces vents contraires ne l&#8217;emp\u00eachent pas de croire en sa bonne \u00e9toile. D&rsquo;abord, la gauche part unie pour cette \u00e9lection. Ensuite, depuis pr\u00e8s de 10 ans, ce n&rsquo;est pas la droite, mais le parti Renaissance qui tient cette circonscription.<\/p>\n<p>La candidate socialiste esp\u00e8re avoir les voix des macronistes<\/p>\n<p class=\"mb-4 text-lg md:leading-8 break-words\">Fr\u00e9d\u00e9rique Bredin esp\u00e8re justement attirer des \u00e9lecteurs macronistes, qui ne se reconnaissent pas dans la candidature de Michel Barnier. Il faut aussi avoir en t\u00eate que, dans cette circonscription, lors des l\u00e9gislatives l\u2019an dernier, la candidate de la gauche \u00e9tait arriv\u00e9e en t\u00eate au 1er tour.<\/p>\n<p class=\"mb-4 text-lg md:leading-8 break-words\">Parmi les autres candidats : Thierry Mariani, figure du RN ou encore un candidat zemmouriste, Hilaire Bouy\u00e9. Deux autres \u00e9lections l\u00e9gislatives partielles auront lieu en <strong><a href=\"https:\/\/www.rfi.fr\/fr\/tag\/france\/\" class=\"link \" rel=\"nofollow noopener\" target=\"_blank\" data-ylk=\"slk:France;elm:context_link;itc:0;sec:content-canvas\">France<\/a><\/strong>, dans les deux prochaines semaines, dans le Tarn-et-Garonne et pour les Fran\u00e7ais de l\u2019\u00e9tranger.<\/p>\n<p class=\"mb-4 text-lg md:leading-8 break-words\">\u00c0 lire aussi<a href=\"https:\/\/www.rfi.fr\/fr\/podcasts\/politique-le-choix-de-la-semaine\/20241215-michel-barnier-l-heure-des-regrets\" class=\"link \" rel=\"nofollow noopener\" target=\"_blank\" data-ylk=\"slk:Michel Barnier, l&#039;heure des regrets;elm:context_link;itc:0;sec:content-canvas\">Michel Barnier, l&rsquo;heure des regrets<\/a><\/p>\n","protected":false},"excerpt":{"rendered":"Ce dimanche 21 septembre, les \u00e9lections l\u00e9gislatives partielles se d\u00e9roulent dans la deuxi\u00e8me circonscription de Paris. Un d\u00e9put\u00e9&hellip;\n","protected":false},"author":2,"featured_media":405854,"comment_status":"","ping_status":"","sticky":false,"template":"","format":"standard","meta":{"footnotes":""},"categories":[1888],"tags":[1111,1928,11,1927,53708,8513,1777,674,1011,27,44130,40672,27636,12,1926,626,1925,25],"class_list":{"0":"post-405853","1":"post","2":"type-post","3":"status-publish","4":"format-standard","5":"has-post-thumbnail","7":"category-paris","8":"tag-actu","9":"tag-actu-paris","10":"tag-actualites","11":"tag-actualites-paris","12":"tag-comptes-de-campagne","13":"tag-elections-legislatives","14":"tag-eu","15":"tag-europe","16":"tag-fr","17":"tag-france","18":"tag-frederique-bredin","19":"tag-legislatives-partielles","20":"tag-michel-barnier","21":"tag-news","22":"tag-news-paris","23":"tag-paris","24":"tag-paris-news","25":"tag-republique-francaise"},"share_on_mastodon":{"url":"https:\/\/pubeurope.com\/@fr\/115239058662996851","error":""},"_links":{"self":[{"href":"https:\/\/www.europesays.com\/fr\/wp-json\/wp\/v2\/posts\/405853","targetHints":{"allow":["GET"]}}],"collection":[{"href":"https:\/\/www.europesays.com\/fr\/wp-json\/wp\/v2\/posts"}],"about":[{"href":"https:\/\/www.europesays.com\/fr\/wp-json\/wp\/v2\/types\/post"}],"author":[{"embeddable":true,"href":"https:\/\/www.europesays.com\/fr\/wp-json\/wp\/v2\/users\/2"}],"replies":[{"embeddable":true,"href":"https:\/\/www.europesays.com\/fr\/wp-json\/wp\/v2\/comments?post=405853"}],"version-history":[{"count":0,"href":"https:\/\/www.europesays.com\/fr\/wp-json\/wp\/v2\/posts\/405853\/revisions"}],"wp:featuredmedia":[{"embeddable":true,"href":"https:\/\/www.europesays.com\/fr\/wp-json\/wp\/v2\/media\/405854"}],"wp:attachment":[{"href":"https:\/\/www.europesays.com\/fr\/wp-json\/wp\/v2\/media?parent=405853"}],"wp:term":[{"taxonomy":"category","embeddable":true,"href":"https:\/\/www.europesays.com\/fr\/wp-json\/wp\/v2\/categories?post=405853"},{"taxonomy":"post_tag","embeddable":true,"href":"https:\/\/www.europesays.com\/fr\/wp-json\/wp\/v2\/tags?post=405853"}],"curies":[{"name":"wp","href":"https:\/\/api.w.org\/{rel}","templated":true}]}}