{"id":405895,"date":"2025-09-20T23:11:36","date_gmt":"2025-09-20T23:11:36","guid":{"rendered":"https:\/\/www.europesays.com\/fr\/405895\/"},"modified":"2025-09-20T23:11:36","modified_gmt":"2025-09-20T23:11:36","slug":"cash-vincent-mcdoom-tacle-matthieu-delormeau-et-cyril-hanouna-clocharde","status":"publish","type":"post","link":"https:\/\/www.europesays.com\/fr\/405895\/","title":{"rendered":"Cash, Vincent McDoom tacle Matthieu Delormeau et Cyril Hanouna : \u00ab\u00a0Clocharde\u00a0\u00bb"},"content":{"rendered":"<p>Deux ans apr\u00e8s avoir quitt\u00e9 Touche Pas \u00e0 Mon Poste, <a href=\"https:\/\/www.melty.fr\/tele\/tbt9-matthieu-delormeau-dans-lemission-les-coulisses-de-son-retour-devoilees-il-faisait-un-peu-peur-2262313.html\" target=\"_blank\" rel=\"noopener\"><br \/>\nMatthieu Delormeau a fait son grand retour \u00e0 la t\u00e9l\u00e9vision<\/a> ce<br \/>\nlundi 1er septembre. Le chroniqueur fait d\u00e9sormais partie de Tout<br \/>\nbeau, tout neuf, le nouveau talk show de Cyril Hanouna sur W9. Mais<br \/>\navant de prendre place autour de la table, Matthieu Delormeau a<br \/>\nvoulu faire une mise au point sur tous les scandales le concernant<br \/>\nqui ont \u00e9clat\u00e9s ces derniers mois.<\/p>\n<p>\u00ab\u00a0J\u00a0\u00bbai v\u00e9cu la police, la justice, les gardes \u00e0 vue, la<br \/>\nprison, les cit\u00e9s, les dealers\u00a0\u00bb<\/p>\n<p>Dans un premier temps, Matthieu Delormeau a \u00e9voqu\u00e9 sa<br \/>\nconsommation de coca\u00efne. \u00ab\u00a0Je te remercie. C&rsquo;est tr\u00e8s touchant<br \/>\nde faire une entr\u00e9e un peu star, alors que depuis deux ans, on m&rsquo;a<br \/>\nquand m\u00eame plus vu dans les commissariats que dans cette position.<br \/>\n(&#8230;)<strong>\u00a0La seule chose que je veux vraiment faire, c&rsquo;est<br \/>\nde vous raconter tout dans le d\u00e9tail, parce que j&rsquo;ai v\u00e9cu la<br \/>\npolice, la justice, les gardes \u00e0 vue, la prison, les cit\u00e9s, les<br \/>\ndealers<\/strong>\u00ab\u00a0, a-t-il d\u00e9clar\u00e9 pour commencer.<\/p>\n<p>Par la suite, il a ajout\u00e9 : \u00ab\u00a0La drogue, je voudrais vraiment<br \/>\ndire aux parents comment la rep\u00e9rer. (&#8230;) La deuxi\u00e8me c&rsquo;est qu&rsquo;il<br \/>\ny a des gens qui ont v\u00e9cu ce que j&rsquo;ai v\u00e9cu et qui regardent la<br \/>\nt\u00e9l\u00e9vision et qui pensent que c&rsquo;est la fin. <strong>J&rsquo;aimerais<br \/>\njuste vous dire quand dans les cures de drogue. Un, c&rsquo;est alcool.<br \/>\nDeux, c&rsquo;est pas la coca\u00efne, c&rsquo;est le cannabis.<\/strong> Cela fait<br \/>\ndes ravages entre 10 et 16 ans, \u00e7a te br\u00fble les neurones. Ce que<br \/>\nj&rsquo;ai vu pendant deux ans, je te promets&#8230; Comme disait Jean-Michel<br \/>\nMaire un jour, &lsquo;je n&rsquo;ai jamais eu d&rsquo;id\u00e9es noires, mais si la<br \/>\nFaucheuse \u00e9tait venue me chercher, je ne l&rsquo;aurais pas<br \/>\nretenue&rsquo;.\u00a0\u00bb<\/p>\n<p>Matthieu Delormeau a tout perdu apr\u00e8s un contr\u00f4le fiscal<\/p>\n<p>Matthieu Delormeau a \u00e9galement avou\u00e9 avoir eu un contr\u00f4le fiscal<br \/>\nqui l&rsquo;a plong\u00e9 dans de grosses difficult\u00e9s financi\u00e8res.<br \/>\n\u00ab\u00a0<strong>Cette ann\u00e9e, j&rsquo;ai mis 21 salari\u00e9s \u00e0 la porte. J&rsquo;ai eu<br \/>\nun contr\u00f4le fiscal qui a dur\u00e9 un an et demi.<\/strong> J&rsquo;ai pay\u00e9 3<br \/>\n568 euros d&rsquo;amende, pour te dire que ma bo\u00eete \u00e9tait tr\u00e8s saine.<br \/>\nMais pendant un an, tu as des gens qui te demandent des papiers<br \/>\ntoutes les heures.\u00a0Mes salari\u00e9s ne pouvaient faire que \u00e7a, je<br \/>\nne pouvais plus avoir de chiffre d&rsquo;affaires, je ne pouvais plus<br \/>\ntravailler\u00a0\u00bb.\u00a0<\/p>\n<p>Un moment compliqu\u00e9 qui lui a fait prendre une grande d\u00e9cision<br \/>\n:\u00a0<strong>\u00ab\u00a0Je ne veux plus de bo\u00eete. Un moment, arr\u00eatez de<br \/>\nme taper sur la t\u00eate. J&rsquo;ai mis vingt personnes au ch\u00f4mage cette<br \/>\nann\u00e9e et ce n&rsquo;est pas \u00e0 moi que \u00e7a fait le plus mal.\u00a0\u00bb<\/strong><br \/>\n<a href=\"https:\/\/www.melty.fr\/people\/matthieu-delormeau-brise-enfin-le-silence-sur-sa-video-intime-je-ne-prenais-plus-du-tout-de-drogue-2260583.html\" target=\"_blank\" rel=\"noopener\"><br \/>\nMatthieu Delormeau a ensuite parl\u00e9 de sa vid\u00e9o intime qu&rsquo;il a post\u00e9<br \/>\npar erreur sur les r\u00e9seaux sociaux.<\/a><\/p>\n<p>Vincent McDoom ne m\u00e2che pas ses<br \/>\nmots<\/p>\n<p>Le retour de Matthieu Delormeau \u00e0 la t\u00e9l\u00e9vision a forc\u00e9ment fait<br \/>\nbeaucoup de bruit sur les r\u00e9seaux sociaux. Interrog\u00e9 par le<br \/>\nYoutubeur Aaron, Vincent McDoom a r\u00e9cemment comment\u00e9 le style<br \/>\nvestimentaire du chroniqueur et il a imm\u00e9diatement l\u00e2ch\u00e9 :<br \/>\n<strong>\u00ab\u00a0Clocharde\u00a0\u00bb.<\/strong> Il s&rsquo;est ensuite attaqu\u00e9 \u00e0<br \/>\nCyril Hanouna en balan\u00e7ant : <strong>\u00ab\u00a0Peut-\u00eatre qu&rsquo;il a des<br \/>\ncouilles petites, et il a ajout\u00e9 plus de couilles avec le ballon<br \/>\ndans la poche.\u00a0\u00bb<\/strong><\/p>\n<p>Vincent McDoom a \u00e9galement \u00e9t\u00e9 tr\u00e8s franc en disant :<br \/>\n\u00ab\u00a0<strong>Je trouve \u00e7a malsain de faire venir quelqu&rsquo;un qui est<br \/>\nmalade et de lui donner une visibilit\u00e9 par rapport \u00e0 sa<br \/>\nmaladie.<\/strong> Faire du buzz avec\u00a0la maladie de quelqu&rsquo;un,<br \/>\nc&rsquo;est aussi foutre la personne dans un probl\u00e8me. C&rsquo;est<br \/>\nnon-assistance \u00e0 personne ne danger. C&rsquo;est pr\u00e9cipit\u00e9 ce retour, il<br \/>\nest fragile en ce moment, on l&rsquo;a fait avec\u00a0Loana et (&#8230;) on a<br \/>\nvu le probl\u00e8me avec Pierre Palmade. Moi je trouve que c&rsquo;est pas de<br \/>\nla bonne t\u00e9l\u00e9,\u00a0c&rsquo;est de la t\u00e9l\u00e9 trash\u00a0\u00bb.<\/p>\n","protected":false},"excerpt":{"rendered":"Deux ans apr\u00e8s avoir quitt\u00e9 Touche Pas \u00e0 Mon Poste, Matthieu Delormeau a fait son grand retour \u00e0&hellip;\n","protected":false},"author":2,"featured_media":405896,"comment_status":"","ping_status":"","sticky":false,"template":"","format":"standard","meta":{"footnotes":""},"categories":[1356],"tags":[1083,58,59,1011,27,7830,252,1364],"class_list":{"0":"post-405895","1":"post","2":"type-post","3":"status-publish","4":"format-standard","5":"has-post-thumbnail","7":"category-television","8":"tag-cyril-hanouna","9":"tag-divertissement","10":"tag-entertainment","11":"tag-fr","12":"tag-france","13":"tag-matthieu-delormeau","14":"tag-television","15":"tag-tv"},"share_on_mastodon":{"url":"https:\/\/pubeurope.com\/@fr\/115239156795471869","error":""},"_links":{"self":[{"href":"https:\/\/www.europesays.com\/fr\/wp-json\/wp\/v2\/posts\/405895","targetHints":{"allow":["GET"]}}],"collection":[{"href":"https:\/\/www.europesays.com\/fr\/wp-json\/wp\/v2\/posts"}],"about":[{"href":"https:\/\/www.europesays.com\/fr\/wp-json\/wp\/v2\/types\/post"}],"author":[{"embeddable":true,"href":"https:\/\/www.europesays.com\/fr\/wp-json\/wp\/v2\/users\/2"}],"replies":[{"embeddable":true,"href":"https:\/\/www.europesays.com\/fr\/wp-json\/wp\/v2\/comments?post=405895"}],"version-history":[{"count":0,"href":"https:\/\/www.europesays.com\/fr\/wp-json\/wp\/v2\/posts\/405895\/revisions"}],"wp:featuredmedia":[{"embeddable":true,"href":"https:\/\/www.europesays.com\/fr\/wp-json\/wp\/v2\/media\/405896"}],"wp:attachment":[{"href":"https:\/\/www.europesays.com\/fr\/wp-json\/wp\/v2\/media?parent=405895"}],"wp:term":[{"taxonomy":"category","embeddable":true,"href":"https:\/\/www.europesays.com\/fr\/wp-json\/wp\/v2\/categories?post=405895"},{"taxonomy":"post_tag","embeddable":true,"href":"https:\/\/www.europesays.com\/fr\/wp-json\/wp\/v2\/tags?post=405895"}],"curies":[{"name":"wp","href":"https:\/\/api.w.org\/{rel}","templated":true}]}}