{"id":405913,"date":"2025-09-20T23:20:13","date_gmt":"2025-09-20T23:20:13","guid":{"rendered":"https:\/\/www.europesays.com\/fr\/405913\/"},"modified":"2025-09-20T23:20:13","modified_gmt":"2025-09-20T23:20:13","slug":"marine-le-pen-reclame-le-depart-de-delphine-ernotte-la-presidente-de-france-televisions","status":"publish","type":"post","link":"https:\/\/www.europesays.com\/fr\/405913\/","title":{"rendered":"Marine Le\u00a0Pen r\u00e9clame le d\u00e9part de Delphine Ernotte, la pr\u00e9sidente de France T\u00e9l\u00e9visions"},"content":{"rendered":"<p>        <img decoding=\"async\" loading=\"lazy\" src=\"https:\/\/www.europesays.com\/fr\/wp-content\/uploads\/2025\/09\/18323b7_sirius-fs-upload-1-r5q46s4t2adn-1749475783288-000-49nu7zp.jpg\"  width=\"728\" height=\"409\" alt=\"Marine Le Pen r\u00e9clame le d\u00e9part de Delphine Ernotte, la patronne de France T\u00e9l\u00e9visions, affirmant qu\u2019elle est \u00ab\u00a0une militante tr\u00e8s marqu\u00e9e \u00e0 gauche\u00a0\u00bb (Photo d\u2019illustration)\"\/>  <\/p>\n<p>JEAN-FRANCOIS MONIER \/ AFP<\/p>\n<p>Marine Le Pen r\u00e9clame le d\u00e9part de Delphine Ernotte, la patronne de France T\u00e9l\u00e9visions, affirmant qu\u2019elle est \u00ab\u00a0une militante tr\u00e8s marqu\u00e9e \u00e0 gauche\u00a0\u00bb (Photo d\u2019illustration)<\/p>\n<p class=\"asset asset-text\">POLITIQUE &#8211; La passe d\u2019armes continue. <a href=\"https:\/\/www.huffingtonpost.fr\/politique\/article\/marine-le-pen-dement-envisager-une-loi-d-amnistie-pour-elle-meme-en-cas-de-dissolution-une-elucubration_254722.html\" target=\"_blank\" rel=\"noopener\">Marine Le\u00a0Pen<\/a> a r\u00e9clam\u00e9 ce samedi 20\u00a0septembre le d\u00e9part de <a href=\"https:\/\/www.huffingtonpost.fr\/medias\/article\/la-charge-frontale-de-delphine-ernotte-contre-cnews-chaine-d-extreme-droite_254963.html\" target=\"_blank\" rel=\"noopener\">Delphine Ernotte<\/a>, la patronne de <a href=\"https:\/\/www.huffingtonpost.fr\/medias\/article\/affaire-legrand-cohen-les-patronnes-de-france-tv-et-radio-france-ripostent-contre-les-medias-bollore_254950.html\" target=\"_blank\" rel=\"noopener\">France T\u00e9l\u00e9visions<\/a>, \u00ab\u00a0une militante tr\u00e8s marqu\u00e9e \u00e0 gauche\u00a0\u00bb qui est selon la cheffe des d\u00e9put\u00e9s RN sortie de \u00ab\u00a0son r\u00f4le\u00a0\u00bb en qualifiant CNews d\u2019extr\u00eame droite.<\/p>\n<p class=\"asset asset-text\">\u00ab\u00a0C\u2019est un secret de Polichinelle que Mme\u00a0Ernotte est une militante tr\u00e8s marqu\u00e9e \u00e0 gauche. Mais l\u00e0, elle franchit un cap suppl\u00e9mentaire\u00a0\u00bb, a d\u00e9plor\u00e9 Marine Le\u00a0Pen dans une interview au <a href=\"https:\/\/www.lejdd.fr\/politique\/marine-le-pen-au-jdd-dissoudre-ou-durer-macron-doit-choisir-162105\" target=\"_blank\" rel=\"noopener\" title=\"Nouvelle fen\u00eatre\">Journal du Dimanche<\/a> (JDD), m\u00e9dia dans le giron du milliardaire conservateur Vincent Bollor\u00e9, \u00e0 l\u2019instar de CNews.<\/p>\n<p class=\"asset asset-text\">En qualifiant CNews de \u00ab\u00a0cha\u00eene d\u2019extr\u00eame droite\u00a0\u00bb dans un r\u00e9cent entretien au Monde, Delphine Ernotte \u00ab\u00a0n\u2019est absolument pas dans son r\u00f4le\u00a0\u00bb, a encore d\u00e9nonc\u00e9 Marine Le\u00a0Pen qui recommande la privatisation de l\u2019audiovisuel public.<\/p>\n<p class=\"asset asset-text\">\u00ab\u00a0Ce type de sortie devrait conduire \u00e0 son d\u00e9part. Parce qu\u2019il ne revient pas \u00e0 la pr\u00e9sidente de France T\u00e9l\u00e9visions de distribuer des brevets d\u2019honorabilit\u00e9 aux cha\u00eenes priv\u00e9es\u00a0\u00bb, a-t-elle insist\u00e9.<\/p>\n<p>                     \u00ab\u00a0Qu\u2019il existe des m\u00e9dias d\u2019opinion ne me choque pas\u00a0\u00bb    <\/p>\n<p class=\"asset asset-text\">La guerre fait actuellement rage entre les m\u00e9dias de la galaxie Vincent Bollor\u00e9 et l\u2019audiovisuel public, dans le sillage de l\u2019affaire Legrand-Cohen, deux journalistes du service public accus\u00e9s de connivence avec le Parti socialiste.<\/p>\n<p class=\"asset asset-text\">Les m\u00e9dias de la galaxie Bollor\u00e9 accusent ceux de Radio France et France T\u00e9l\u00e9visions de partialit\u00e9 en faveur de la gauche. En retour, ces derniers ont fait appel \u00e0 l\u2019Arcom, le r\u00e9gulateur de l\u2019audiovisuel.<\/p>\n<p class=\"asset asset-text\">Dans ce contexte, Delphine Ernotte a ajout\u00e9 une pi\u00e8ce dans la machine en lan\u00e7ant\u00a0: \u00ab\u00a0il faut admettre que CNews est un m\u00e9dia d\u2019opinion. Qu\u2019ils assument d\u2019\u00eatre une cha\u00eene d\u2019extr\u00eame droite\u00a0!\u00a0\u00bb. Pour Marine Le\u00a0Pen, ces affaires sont un signe qu\u2019\u00ab\u00a0il faut privatiser l\u2019audiovisuel public\u00a0\u00bb.<\/p>\n<p class=\"asset asset-text\">\u00ab\u00a0La neutralit\u00e9 est exig\u00e9e du service public, pas des cha\u00eenes priv\u00e9es. Qu\u2019il existe des m\u00e9dias d\u2019opinion ne me choque pas. Mais un service public financ\u00e9 par les Fran\u00e7ais doit \u00eatre irr\u00e9prochablement neutre, et il ne l\u2019est pas\u00a0\u00bb, a-t-elle fait valoir. \u00ab\u00a0Une grande d\u00e9mocratie comme la France n\u2019a aucune raison de d\u00e9penser 4\u00a0milliards par an pour un mastodonte m\u00e9diatique partisan\u00a0\u00bb, a-t-elle aussi martel\u00e9.<\/p>\n","protected":false},"excerpt":{"rendered":"JEAN-FRANCOIS MONIER \/ AFP Marine Le Pen r\u00e9clame le d\u00e9part de Delphine Ernotte, la patronne de France T\u00e9l\u00e9visions,&hellip;\n","protected":false},"author":2,"featured_media":252266,"comment_status":"","ping_status":"","sticky":false,"template":"","format":"standard","meta":{"footnotes":""},"categories":[4],"tags":[11,11255,1011,27,2400,430,500,12,316,25],"class_list":{"0":"post-405913","1":"post","2":"type-post","3":"status-publish","4":"format-standard","5":"has-post-thumbnail","7":"category-france","8":"tag-actualites","9":"tag-delphine-ernotte","10":"tag-fr","11":"tag-france","12":"tag-france-televisions","13":"tag-marine-le-pen","14":"tag-medias","15":"tag-news","16":"tag-politique","17":"tag-republique-francaise"},"share_on_mastodon":{"url":"https:\/\/pubeurope.com\/@fr\/115239193366343279","error":""},"_links":{"self":[{"href":"https:\/\/www.europesays.com\/fr\/wp-json\/wp\/v2\/posts\/405913","targetHints":{"allow":["GET"]}}],"collection":[{"href":"https:\/\/www.europesays.com\/fr\/wp-json\/wp\/v2\/posts"}],"about":[{"href":"https:\/\/www.europesays.com\/fr\/wp-json\/wp\/v2\/types\/post"}],"author":[{"embeddable":true,"href":"https:\/\/www.europesays.com\/fr\/wp-json\/wp\/v2\/users\/2"}],"replies":[{"embeddable":true,"href":"https:\/\/www.europesays.com\/fr\/wp-json\/wp\/v2\/comments?post=405913"}],"version-history":[{"count":0,"href":"https:\/\/www.europesays.com\/fr\/wp-json\/wp\/v2\/posts\/405913\/revisions"}],"wp:featuredmedia":[{"embeddable":true,"href":"https:\/\/www.europesays.com\/fr\/wp-json\/wp\/v2\/media\/252266"}],"wp:attachment":[{"href":"https:\/\/www.europesays.com\/fr\/wp-json\/wp\/v2\/media?parent=405913"}],"wp:term":[{"taxonomy":"category","embeddable":true,"href":"https:\/\/www.europesays.com\/fr\/wp-json\/wp\/v2\/categories?post=405913"},{"taxonomy":"post_tag","embeddable":true,"href":"https:\/\/www.europesays.com\/fr\/wp-json\/wp\/v2\/tags?post=405913"}],"curies":[{"name":"wp","href":"https:\/\/api.w.org\/{rel}","templated":true}]}}