{"id":405923,"date":"2025-09-20T23:31:10","date_gmt":"2025-09-20T23:31:10","guid":{"rendered":"https:\/\/www.europesays.com\/fr\/405923\/"},"modified":"2025-09-20T23:31:10","modified_gmt":"2025-09-20T23:31:10","slug":"previsions-du-dimanche-21-septembre-2025","status":"publish","type":"post","link":"https:\/\/www.europesays.com\/fr\/405923\/","title":{"rendered":"pr\u00e9visions du dimanche 21 septembre 2025"},"content":{"rendered":"<p>Aujourd&rsquo;hui, le soleil sera cach\u00e9 derri\u00e8re des nuages \u00e0 Montpellier, o\u00f9 le ciel sera voil\u00e9. On pr\u00e9voit des valeurs avoisinant 19\u00b0C. Un vent de nord-est rafra\u00eechira un peu l&rsquo;atmosph\u00e8re. La grisaille ne se disperse toujours pas, il y aura encore des nuages le matin. Des pluies \u00e9parses vont tomber sur la ville. Les maximales iront jusqu&rsquo;\u00e0 22\u00b0C et les minimales seront de 20\u00b0C. Des averses rendront l&rsquo;apr\u00e8s-midi morose. Les temp\u00e9ratures afficheront entre 19 et 22\u00b0C. Des averses arriveront le soir. Il va faire 18\u00b0C en moyenne. Une nuit claire vous attendra entre dimanche et lundi.<\/p>\n<p>Demain, les valeurs seront comprises entre 16 et 22\u00b0C \u00e0 Montpellier. Une modeste brise de nord-ouest sera ressentie par les habitants. Le matin, le beau temps va peu \u00e0 peu prendre la place des nuages. Les temp\u00e9ratures avoisineront les 17\u00b0C. L&rsquo;apr\u00e8s-midi qui s&rsquo;annonce, promet d&rsquo;\u00eatre beau et ensoleill\u00e9 ! Les temp\u00e9ratures vont enregistrer une augmentation de plusieurs degr\u00e9s. Les valeurs s&rsquo;\u00e9chelonneront de 20 \u00e0 22\u00b0C. Demain soir, le thermom\u00e8tre affichera 18\u00b0C en moyenne.<\/p>\n<p>La m\u00e9t\u00e9o restera stable les jours \u00e0 venir. Il fera 20\u00b0C en moyenne pour des journ\u00e9es avec une m\u00e9t\u00e9o ensoleill\u00e9e.<\/p>\n<p><\/p>\n","protected":false},"excerpt":{"rendered":"Aujourd&rsquo;hui, le soleil sera cach\u00e9 derri\u00e8re des nuages \u00e0 Montpellier, o\u00f9 le ciel sera voil\u00e9. On pr\u00e9voit des&hellip;\n","protected":false},"author":2,"featured_media":405924,"comment_status":"","ping_status":"","sticky":false,"template":"","format":"standard","meta":{"footnotes":""},"categories":[9599],"tags":[1111,11,1777,674,1011,27,7089,2681,2208,12,2680,2119,25],"class_list":{"0":"post-405923","1":"post","2":"type-post","3":"status-publish","4":"format-standard","5":"has-post-thumbnail","7":"category-montpellier","8":"tag-actu","9":"tag-actualites","10":"tag-eu","11":"tag-europe","12":"tag-fr","13":"tag-france","14":"tag-herault","15":"tag-languedoc-roussillon","16":"tag-montpellier","17":"tag-news","18":"tag-occitanie","19":"tag-previsions-meteo","20":"tag-republique-francaise"},"share_on_mastodon":{"url":"https:\/\/pubeurope.com\/@fr\/115239235338756077","error":""},"_links":{"self":[{"href":"https:\/\/www.europesays.com\/fr\/wp-json\/wp\/v2\/posts\/405923","targetHints":{"allow":["GET"]}}],"collection":[{"href":"https:\/\/www.europesays.com\/fr\/wp-json\/wp\/v2\/posts"}],"about":[{"href":"https:\/\/www.europesays.com\/fr\/wp-json\/wp\/v2\/types\/post"}],"author":[{"embeddable":true,"href":"https:\/\/www.europesays.com\/fr\/wp-json\/wp\/v2\/users\/2"}],"replies":[{"embeddable":true,"href":"https:\/\/www.europesays.com\/fr\/wp-json\/wp\/v2\/comments?post=405923"}],"version-history":[{"count":0,"href":"https:\/\/www.europesays.com\/fr\/wp-json\/wp\/v2\/posts\/405923\/revisions"}],"wp:featuredmedia":[{"embeddable":true,"href":"https:\/\/www.europesays.com\/fr\/wp-json\/wp\/v2\/media\/405924"}],"wp:attachment":[{"href":"https:\/\/www.europesays.com\/fr\/wp-json\/wp\/v2\/media?parent=405923"}],"wp:term":[{"taxonomy":"category","embeddable":true,"href":"https:\/\/www.europesays.com\/fr\/wp-json\/wp\/v2\/categories?post=405923"},{"taxonomy":"post_tag","embeddable":true,"href":"https:\/\/www.europesays.com\/fr\/wp-json\/wp\/v2\/tags?post=405923"}],"curies":[{"name":"wp","href":"https:\/\/api.w.org\/{rel}","templated":true}]}}