{"id":405929,"date":"2025-09-20T23:36:21","date_gmt":"2025-09-20T23:36:21","guid":{"rendered":"https:\/\/www.europesays.com\/fr\/405929\/"},"modified":"2025-09-20T23:36:21","modified_gmt":"2025-09-20T23:36:21","slug":"deux-gendarmes-blesses-par-des-tirs-de-feux-dartifice-2","status":"publish","type":"post","link":"https:\/\/www.europesays.com\/fr\/405929\/","title":{"rendered":"Deux gendarmes bless\u00e9s par des tirs de feux d\u2019artifice"},"content":{"rendered":"<p class=\"mb-4 text-lg md:leading-8 break-words\">Une attaque. Deux <a data-i13n=\"cpos:1;pos:1\" href=\"https:\/\/www.20minutes.fr\/societe\/gendarme\/?at_medium=RSS%20feed&amp;at_campaign=ynews&amp;utm_source=yahoo&amp;utm_medium=rss&amp;utm_campaign=news_feed&amp;utm_content=in_article_link\" rel=\"nofollow noopener\" target=\"_blank\" data-ylk=\"slk:gendarmes;cpos:1;pos:1;elm:context_link;itc:0;sec:content-canvas\" class=\"link \">gendarmes <\/a>ont \u00e9t\u00e9 bless\u00e9s vendredi soir \u00e0 Saint-Egr\u00e8ve pr\u00e8s de <a data-i13n=\"cpos:2;pos:1\" href=\"https:\/\/www.20minutes.fr\/grenoble\/?at_medium=RSS%20feed&amp;at_campaign=ynews&amp;utm_source=yahoo&amp;utm_medium=rss&amp;utm_campaign=news_feed&amp;utm_content=in_article_link\" rel=\"nofollow noopener\" target=\"_blank\" data-ylk=\"slk:Grenoble;cpos:2;pos:1;elm:context_link;itc:0;sec:content-canvas\" class=\"link \">Grenoble <\/a>apr\u00e8s l\u2019explosion d\u2019un feu d\u2019artifice contre leur voiture, a-t-on appris samedi aupr\u00e8s des gendarmes.<\/p>\n<p class=\"mb-4 text-lg md:leading-8 break-words\">Vendredi vers 20h30, les deux gendarmes patrouillaient dans un quartier de Saint-Egr\u00e8ve \u00ab et sont tomb\u00e9s dans un guet-apens : un individu embusqu\u00e9 a cibl\u00e9 leur v\u00e9hicule avec des tirs de feux d\u2019artifice et des \u00e9clats sont entr\u00e9s dans l\u2019habitacle par une fen\u00eatre ouverte \u00bb, a indiqu\u00e9 la compagnie de <a data-i13n=\"cpos:3;pos:1\" href=\"https:\/\/www.20minutes.fr\/dossier\/gendarmerie?at_medium=RSS%20feed&amp;at_campaign=ynews&amp;utm_source=yahoo&amp;utm_medium=rss&amp;utm_campaign=news_feed&amp;utm_content=in_article_link\" rel=\"nofollow noopener\" target=\"_blank\" data-ylk=\"slk:gendarmerie;cpos:3;pos:1;elm:context_link;itc:0;sec:content-canvas\" class=\"link \">gendarmerie <\/a>de Grenoble \u00e0 l\u2019AFP, confirmant une information du Dauphin\u00e9 Lib\u00e9r\u00e9.<\/p>\n<p class=\"mb-4 text-lg md:leading-8 break-words\">Les deux militaires, appartenant \u00e0 la brigade de Sassenage, souffrent d\u2019un \u00ab traumatisme sonore important \u00bb et se sont vus prescrire un arr\u00eat maladie de sept jours, a-t-elle pr\u00e9cis\u00e9. Une enqu\u00eate a \u00e9t\u00e9 confi\u00e9e aux gendarmes de la brigade de Saint-Egr\u00e8ve pour identifier l\u2019auteur des tirs.<\/p>\n<p class=\"mb-4 text-lg md:leading-8 break-words\"><a data-i13n=\"cpos:4;pos:1\" href=\"https:\/\/www.20minutes.fr\/faits_divers\/4174286-20250920-grenoble-deux-gendarmes-blesses-tirs-feux-artifice?at_medium=RSS%20feed&amp;at_campaign=ynews&amp;utm_source=yahoo&amp;utm_medium=rss&amp;utm_campaign=news_feed&amp;utm_content=read_more_link%22\" rel=\"nofollow noopener\" target=\"_blank\" data-ylk=\"slk:Lire la suite sur 20minutes;cpos:4;pos:1;elm:context_link;itc:0;sec:content-canvas\" class=\"link \">Lire la suite sur 20minutes<\/a><\/p>\n<p>\u00c0 lire aussi :<br \/><a data-i13n=\"cpos:5;pos:1\" href=\"https:\/\/www.20minutes.fr\/societe\/4174075-20250919-velo-ca-roule-ouest-assez-sud-barometre-villes-cyclables-revele-grand-fosse?at_medium=RSS%20feed&amp;at_campaign=ynews&amp;utm_source=yahoo&amp;utm_medium=rss&amp;utm_campaign=news_feed&amp;utm_content=related_content_link\" rel=\"nofollow noopener\" target=\"_blank\" data-ylk=\"slk:V\u00e9lo : \u00c7a roule dans l\u2019Ouest, pas assez dans le Sud-Est\u2026 Le barom\u00e8tre des villes cyclables r\u00e9v\u00e8le un grand foss\u00e9;cpos:5;pos:1;elm:context_link;itc:0;sec:content-canvas\" class=\"link \">V\u00e9lo : \u00c7a roule dans l\u2019Ouest, pas assez dans le Sud-Est\u2026 Le barom\u00e8tre des villes cyclables r\u00e9v\u00e8le un grand foss\u00e9<\/a><br \/><a data-i13n=\"cpos:6;pos:1\" href=\"https:\/\/www.20minutes.fr\/politique\/4173557-20250917-ecologistes-englue-affaire-judiciaire-eric-piolle-sanctionne-parti?at_medium=RSS%20feed&amp;at_campaign=ynews&amp;utm_source=yahoo&amp;utm_medium=rss&amp;utm_campaign=news_feed&amp;utm_content=related_content_link\" rel=\"nofollow noopener\" target=\"_blank\" data-ylk=\"slk:Les Ecologistes : Englu\u00e9 dans une affaire judiciaire, \u00c9ric Piolle sanctionn\u00e9 par son parti;cpos:6;pos:1;elm:context_link;itc:0;sec:content-canvas\" class=\"link \">Les Ecologistes : Englu\u00e9 dans une affaire judiciaire, \u00c9ric Piolle sanctionn\u00e9 par son parti<\/a><\/p>\n","protected":false},"excerpt":{"rendered":"Une attaque. Deux gendarmes ont \u00e9t\u00e9 bless\u00e9s vendredi soir \u00e0 Saint-Egr\u00e8ve pr\u00e8s de Grenoble apr\u00e8s l\u2019explosion d\u2019un feu&hellip;\n","protected":false},"author":2,"featured_media":405930,"comment_status":"","ping_status":"","sticky":false,"template":"","format":"standard","meta":{"footnotes":""},"categories":[9566],"tags":[1111,11,2430,1777,674,16701,38268,1011,27,13369,2731,12,25,275],"class_list":{"0":"post-405929","1":"post","2":"type-post","3":"status-publish","4":"format-standard","5":"has-post-thumbnail","7":"category-grenoble","8":"tag-actu","9":"tag-actualites","10":"tag-auvergne-rhone-alpes","11":"tag-eu","12":"tag-europe","13":"tag-feu-dartifice","14":"tag-feux-dartifice","15":"tag-fr","16":"tag-france","17":"tag-gendarmes","18":"tag-grenoble","19":"tag-news","20":"tag-republique-francaise","21":"tag-saint-egreve"},"share_on_mastodon":{"url":"https:\/\/pubeurope.com\/@fr\/115239254982280975","error":""},"_links":{"self":[{"href":"https:\/\/www.europesays.com\/fr\/wp-json\/wp\/v2\/posts\/405929","targetHints":{"allow":["GET"]}}],"collection":[{"href":"https:\/\/www.europesays.com\/fr\/wp-json\/wp\/v2\/posts"}],"about":[{"href":"https:\/\/www.europesays.com\/fr\/wp-json\/wp\/v2\/types\/post"}],"author":[{"embeddable":true,"href":"https:\/\/www.europesays.com\/fr\/wp-json\/wp\/v2\/users\/2"}],"replies":[{"embeddable":true,"href":"https:\/\/www.europesays.com\/fr\/wp-json\/wp\/v2\/comments?post=405929"}],"version-history":[{"count":0,"href":"https:\/\/www.europesays.com\/fr\/wp-json\/wp\/v2\/posts\/405929\/revisions"}],"wp:featuredmedia":[{"embeddable":true,"href":"https:\/\/www.europesays.com\/fr\/wp-json\/wp\/v2\/media\/405930"}],"wp:attachment":[{"href":"https:\/\/www.europesays.com\/fr\/wp-json\/wp\/v2\/media?parent=405929"}],"wp:term":[{"taxonomy":"category","embeddable":true,"href":"https:\/\/www.europesays.com\/fr\/wp-json\/wp\/v2\/categories?post=405929"},{"taxonomy":"post_tag","embeddable":true,"href":"https:\/\/www.europesays.com\/fr\/wp-json\/wp\/v2\/tags?post=405929"}],"curies":[{"name":"wp","href":"https:\/\/api.w.org\/{rel}","templated":true}]}}