{"id":405936,"date":"2025-09-20T23:40:47","date_gmt":"2025-09-20T23:40:47","guid":{"rendered":"https:\/\/www.europesays.com\/fr\/405936\/"},"modified":"2025-09-20T23:40:47","modified_gmt":"2025-09-20T23:40:47","slug":"8-combines-et-bons-plans-pour-voir-plein-de-gens","status":"publish","type":"post","link":"https:\/\/www.europesays.com\/fr\/405936\/","title":{"rendered":"8 combines et bons plans pour voir plein de gens"},"content":{"rendered":"<p><b>Quand on d\u00e9barque dans une nouvelle ville, on peut vite se sentir isol\u00e9(e) le temps de s\u2019acclimater. Alors pour se jeter dans le bain bouillonnant de la vie strasbourgeoise et rencontrer un tas de personnes avec qui boire un verre, faire des activit\u00e9s, faire connaissance et passer du bon temps, voici nos meilleurs tips !<\/b><\/p>\n<p>Les bars propices aux rencontres<\/p>\n<p>Les caf\u00e9t\u00e9rias des facs font partie des meilleurs plans pour boire pas cher et rencontrer du monde quand on est \u00e9tudiant(e). Parmi les plus connues et les plus anim\u00e9es, on peut te conseiller <a href=\"https:\/\/amicale-sciences.fr\/la-k-fet\/\" target=\"_blank\" rel=\"noopener\"><b>la K\u2019fet des sciences<\/b><\/a><b>, <\/b><a href=\"https:\/\/www.facebook.com\/alcanes\/\" target=\"_blank\" rel=\"noopener\"><b>la K\u2019fet de chimie<\/b><\/a><b>, <\/b><a href=\"https:\/\/www.instagram.com\/aaems_carabin\/\" target=\"_blank\" rel=\"noopener\"><b>la K\u2019fet de m\u00e9decine<\/b><\/a><b>, <\/b>ou encore <a href=\"https:\/\/www.facebook.com\/KfetHotzeplotz\" target=\"_blank\" rel=\"noopener\"><b>la K\u2019fet Hotzeplotz<\/b><\/a> (de pharma, sur le campus d\u2019Illkirch). Tu en trouveras <a href=\"https:\/\/www.unistra.fr\/vie-pratique\/restauration\/cafeterias-des-associations-etudiantes\" target=\"_blank\" rel=\"noopener\"><b>quelques-unes de plus par ici.<\/b><\/a> N\u2019h\u00e9site pas \u00e0 y faire un tour !<\/p>\n<p>En dehors des campus universitaires, la ville regorge de bars dans lesquels se rendre pour \u00e9changer avec la table d\u2019\u00e0 c\u00f4t\u00e9. <strong>Tu trouveras forc\u00e9ment chaussure \u00e0 ton pied <a href=\"https:\/\/pokaa.fr\/categories\/les-bonnes-adresses\/ses-bars-et-cafe\/\" target=\"_blank\" rel=\"noopener\">par ici<\/a>.<\/strong> Et si tu aimes jouer, Strasbourg regorge aussi de bars \u00e0 jeux pour partager ta passion, comme <b>le Meltdown<\/b> si tu es fan de jeux vid\u00e9o, ou encore <strong>le<\/strong> <b>Philibar, les Tricheurs et le Schluck &amp; Spiel<\/b>. <\/p>\n<p>                <a href=\"https:\/\/pokaa.fr\/2023\/04\/14\/strasbourg-8-bars-surprenants-et-hors-du-temps-indifferent\/\" target=\"_blank\" rel=\"noopener\"><br \/>\n                    <img width=\"450\" height=\"270\" src=\"https:\/\/www.europesays.com\/fr\/wp-content\/uploads\/2025\/09\/340716644-178146561359643-7053099504619215413-n-450x270.jpg\" class=\"attachment-card-horizontal--same-subject size-card-horizontal--same-subject wp-post-image\" alt=\"\" decoding=\"async\" loading=\"lazy\"\/>                <\/a><\/p>\n<p>                <img width=\"890\" height=\"500\" src=\"https:\/\/www.europesays.com\/fr\/wp-content\/uploads\/2025\/09\/philibar-strasbourg.jpg\" class=\"attachment-gallery size-gallery\" alt=\"philibar-strasbourg\" data-full-url=\"https:\/\/www.europesays.com\/fr\/wp-content\/uploads\/2025\/09\/philibar-strasbourg.jpg\" decoding=\"async\" loading=\"lazy\"  \/>            <\/p>\n<p>                <img width=\"667\" height=\"500\" src=\"https:\/\/www.europesays.com\/fr\/wp-content\/uploads\/2025\/09\/img-3153-667x500.jpg\" class=\"attachment-gallery size-gallery\" alt=\"savons d\u2019H\u00e9l\u00e8ne\" data-full-url=\"https:\/\/pokaa.fr\/wp-content\/uploads\/2024\/10\/24\/img-3153.jpg\" decoding=\"async\" loading=\"lazy\"  \/>            <\/p>\n<p>                    1. \u00a9 Pokaa ; 2. \u00a9 Coraline Lafon \/ Pokaa <\/p>\n<p>Faire connaissance en transpirant<\/p>\n<p>Chaque \u00e9tudiant(e) de l\u2019universit\u00e9 de Strasbourg qui a pay\u00e9 sa CVEC au moment de son inscription, ou bien qui a \u00e9t\u00e9 exon\u00e9r\u00e9(e), a acc\u00e8s aux cours propos\u00e9s par le SUAPS.<b> Le Service universitaire des activit\u00e9s physiques et sportives propose une multitude de disciplines <\/b>aux \u00e9tudiant(e)s, allant de l\u2019aviron au tir \u00e0 l\u2019arc, en passant par le golf. Il y en a pour tous les go\u00fbts, mais attention, les places sont souvent limit\u00e9es et pour les inscriptions, <a href=\"https:\/\/sport.unistra.fr\/\" target=\"_blank\" rel=\"noopener\"><b>\u00e7a se passe par l\u00e0.<\/b><\/a><\/p>\n<p>Dans le cas o\u00f9 tu disposes d\u2019un budget plus important, la ville compte de nombreuses salles de sport facilement rep\u00e9rables sur Google. <a href=\"https:\/\/ods67.com\/\" target=\"_blank\" rel=\"noopener\"><b>L\u2019Office des sports de Strasbourg r\u00e9f\u00e9rence \u00e0 lui seul plus de 200 clubs<\/b><\/a> qui proposent diff\u00e9rentes disciplines.\u00a0<\/p>\n<p>    <img width=\"800\" height=\"600\" src=\"https:\/\/www.europesays.com\/fr\/wp-content\/uploads\/2025\/09\/image00004-11.jpeg\" class=\"attachment-image-size-L size-image-size-L\" alt=\"O\u2019Zone salle de sport\" decoding=\"async\" loading=\"lazy\"  \/>         \u00a9\u00a0Pokaa <\/p>\n<p>Manifester, militer ou s\u2019engager dans une association <\/p>\n<p>Si tu es plut\u00f4t militant(e) et engag\u00e9(e) et que tu t\u2019int\u00e9resses aux enjeux politiques, une mani\u00e8re simple de faire connaissance avec des personnes qui partagent avec toi certaines valeurs est de <b>pratiquer le sport national dans lequel les Fran\u00e7ais(es) excellent : manifester.<\/b> Chaque semaine, en fonction de l\u2019actualit\u00e9 sociale, politique ou internationale, des manifestations sont organis\u00e9es \u00e0 Strasbourg. <b>Crier et revendiquer en c\u0153ur, \u00e7a rapproche.<\/b><\/p>\n<p>Une autre mani\u00e8re de croiser du monde sur le terrain, c\u2019est de s\u2019engager dans le milieu associatif. \u00c0 Strasbourg, il existe une multitude d\u2019associations et de th\u00e9matiques dans lesquelles s\u2019investir.<b> En tant qu\u2019\u00e9tudiant(e), le plus \u00e9vident reste l\u2019association \u00e9tudiante de ta fac ou le BDE<\/b>, o\u00f9 tu pourras prendre part \u00e0 diff\u00e9rentes activit\u00e9s comme l\u2019organisation d\u2019\u00e9v\u00e9nements ou la tenue de la caf\u00e9t\u00e9ria. \u00c0 Strasbourg, <a href=\"https:\/\/www.facebook.com\/AFGES\/?locale=fr_FR\" target=\"_blank\" rel=\"noopener\"><b>l\u2019AFGES<\/b><\/a><b> coordonne de nombreuses associations \u00e9tudiantes<\/b> et diffuse de nombreuses infos utiles tout au long de l\u2019ann\u00e9e.<\/p>\n<p>                <a href=\"https:\/\/pokaa.fr\/2025\/09\/11\/sengager-ou-se-faire-aider-9-assos-strasbourgeoises-qui-sadressent-aux-etudiantes\/\" target=\"_blank\" rel=\"noopener\"><br \/>\n                    <img width=\"450\" height=\"270\" src=\"https:\/\/www.europesays.com\/fr\/wp-content\/uploads\/2025\/09\/dsc-6053-450x270.jpg\" class=\"attachment-card-horizontal--same-subject size-card-horizontal--same-subject wp-post-image\" alt=\"\" decoding=\"async\" loading=\"lazy\"\/>                <\/a><\/p>\n<p><strong><a href=\"https:\/\/www.instagram.com\/ae_strasbourg\/?hl=fr\" target=\"_blank\" rel=\"noopener\">Le syndicat Alternative \u00e9tudiante Strasbourg (AES)<\/a> <\/strong>qui a remport\u00e9 <strong>pour la premi\u00e8re fois les \u00e9lections des repr\u00e9sentant(e)s \u00e9tudiant(e)s en f\u00e9vrier 2025<\/strong> est, quant \u00e0 lui, <strong>marqu\u00e9 \u00e0 gauche,<\/strong> bien qu\u2019il ne soit affili\u00e9 \u00e0 aucun parti politique. Il organise et invite les \u00e9tudiant(e)s \u00e0 prendre part \u00e0 de nombreuses <strong>actions militantes<\/strong> tout au long de l\u2019ann\u00e9e. <strong>Des formations sont aussi propos\u00e9es \u00e0 ses adh\u00e9rent(e)s<\/strong> autour de th\u00e8mes comme le validisme ou encore l\u2019anticolonialisme.<\/p>\n<p>Pour les autres, elles sont r\u00e9pertori\u00e9es au sein de l\u2019annuaire de la Maison des associations de Strasbourg disponible <a href=\"https:\/\/www.mdas.org\/annuaire\/\" target=\"_blank\" rel=\"noopener\"><b>juste ici<\/b><\/a>. Si tu es pr\u00e9occup\u00e9(e) par la question \u00e9cologique et que tu veux participer \u00e0 rendre notre ville plus propre et plus belle,<b> les <\/b><a href=\"https:\/\/www.instagram.com\/cleanwalker.strasbourg\/\" target=\"_blank\" rel=\"noopener\"><b>Cleanwalker<\/b><\/a><b> organisent r\u00e9guli\u00e8rement des sessions de ramassage<\/b> de d\u00e9chets dans l\u2019Eurom\u00e9tropole.<\/p>\n<p>                <img width=\"750\" height=\"500\" src=\"https:\/\/www.europesays.com\/fr\/wp-content\/uploads\/2025\/09\/241001-pka-rentree-social-9-750x500.jpg\" class=\"attachment-gallery size-gallery\" alt=\"Rentr\u00e9e sociale manifestation Strasbourg retraites gouvernement Barnier\" data-full-url=\"https:\/\/pokaa.fr\/wp-content\/uploads\/2024\/10\/01\/241001-pka-rentree-social-9.jpg\" decoding=\"async\" loading=\"lazy\"  \/>            <\/p>\n<p>                <img width=\"750\" height=\"500\" src=\"https:\/\/www.europesays.com\/fr\/wp-content\/uploads\/2025\/09\/operation-zero-megot-strasbourg-ramassage-14.jpg\" class=\"attachment-gallery size-gallery\" alt=\"operation zero megot strasbourg ramassage (14)\" data-full-url=\"https:\/\/www.europesays.com\/fr\/wp-content\/uploads\/2025\/09\/operation-zero-megot-strasbourg-ramassage-14.jpg\" decoding=\"async\" loading=\"lazy\"  \/>            <\/p>\n<p>                    1. \u00a9 Adrien Labit \/ Pokaa ; 2. \u00a9 Pokaa<\/p>\n<p>Rejoindre une troupe de th\u00e9\u00e2tre, un orchestre ou un cin\u00e9-club<\/p>\n<p><b>L\u2019ARTUS<\/b>, le th\u00e9\u00e2tre universitaire de Strasbourg, propose des ateliers et plusieurs spectacles par an. Tu trouveras plus d\u2019infos <a href=\"https:\/\/artusasso.fr\/\" target=\"_blank\" rel=\"noopener\"><b>par l\u00e0<\/b><\/a> si tu as envie d\u2019int\u00e9grer la troupe. Sinon, <strong>c\u2019est peut-\u00eatre l\u2019occasion de te lancer dans l\u2019improvisation,<\/strong> une discipline qui gagne du terrain \u00e0 Strasbourg. Pour d\u00e9couvrir diff\u00e9rentes compagnies, <a href=\"https:\/\/pokaa.fr\/2019\/09\/14\/faire-du-theatre-dimpro-a-strasbourg-ou-comment-et-surtout-pourquoi\/\" target=\"_blank\" rel=\"noopener\"><b>c\u2019est par ici<\/b><\/a> (l\u2019article est un peu vieux, mais la majorit\u00e9 des troupes existent toujours).<\/p>\n<p>Si tu es musicienne ou musicien, tu peux rejoindre le fameux <a href=\"https:\/\/ous.unistra.fr\/recrutement\/\" target=\"_blank\" rel=\"noopener\"><b>Orchestre universitaire de Strasbourg.<\/b><\/a> L\u2019Orchestre recrute chaque ann\u00e9e, d\u00e8s le mois de septembre. Pour passer une audition, il faut prendre contact par mail \u00e0 l\u2019adresse suivante : <b><a href=\"http:\/\/pokaa.fr\/cdn-cgi\/l\/email-protection#60030f0e140103144e0f15134e150e091314120120070d01090c4e030f0d\" target=\"_blank\" rel=\"noopener\">[email\u00a0protected]<\/a>.<\/b><\/p>\n<p>                <a href=\"https:\/\/pokaa.fr\/2024\/10\/15\/strasbourg-on-a-participe-a-un-cours-dimprovisation-dans-une-ecole-du-rire-tres-atypique\/\" target=\"_blank\" rel=\"noopener\"><br \/>\n                    <img width=\"450\" height=\"270\" src=\"https:\/\/www.europesays.com\/fr\/wp-content\/uploads\/2025\/09\/les-improvisateurs-ecole-6-450x270.jpg\" class=\"attachment-card-horizontal--same-subject size-card-horizontal--same-subject wp-post-image\" alt=\"\" decoding=\"async\" loading=\"lazy\"\/>                <\/a><\/p>\n<p>    <img width=\"800\" height=\"533\" src=\"https:\/\/www.europesays.com\/fr\/wp-content\/uploads\/2025\/09\/fete-musique-2024-wilfried-rion-65-800x533.jpg\" class=\"attachment-image-size-L size-image-size-L\" alt=\"Musique Orchestre \u00a9Wilfried RION\" decoding=\"async\" loading=\"lazy\"  \/>         \u00a9 Wilfried Rion \/ Pokaa <\/p>\n<p>Si tu veux rejoindre ou former un groupe, tu trouveras s\u00fbrement des partenaires motiv\u00e9(e)s sur <b>la page <\/b><a href=\"https:\/\/www.facebook.com\/groups\/322097584797753\" target=\"_blank\" rel=\"noopener\"><b>Facebook Musicien.ne.s de Strasbourg<\/b><\/a><b>,<\/b> qui compte plus de 5 800 membres. Et oui, \u00e7a joue pas mal par chez nous !<\/p>\n<p>Si tu pr\u00e9f\u00e8res utiliser tes cordes vocales comme instrument, plusieurs chorales existent : l\u2019incontournable <a href=\"https:\/\/evus.unistra.fr\" target=\"_blank\" rel=\"noopener\"><b>Ensemble vocal universitaire de Strasbourg<\/b><\/a><b>, <\/b><a href=\"http:\/\/www.variations.asso.fr\/\" target=\"_blank\" rel=\"noopener\"><b>l\u2019ensemble vocal Variations<\/b><\/a>, ou encore la chorale <a href=\"https:\/\/pelicanto.eu\/\" target=\"_blank\" rel=\"noopener\"><b>LGBTQIA+ Pelicanto<\/b><\/a><b>.<\/b><\/p>\n<p>Si tu es fan de cinoche et que tu passes ton temps libre dans les salles obscures, tu trouveras forc\u00e9ment ton bonheur parmi les cin\u00e9-clubs du campus. La facult\u00e9 de droit, de sociologie, <b>l\u2019EM Strasbourg, l\u2019UFR de math\u00e9matique et d\u2019informatique<\/b> et <a href=\"https:\/\/www.facebook.com\/p\/Cin%C3%A9club-Insa-Strasbourg-100064717537154\/?paipv=0&amp;eav=Afa5EkpMxQhWgsxJXm7Bq0zyqVDvK7q8POcPRuxvFov68dGhdlBpCKMt1h3Ovq6GBs4&amp;_rdr\" target=\"_blank\" rel=\"noopener\"><b>l\u2019INSA<\/b><\/a> en ont un. L\u2019id\u00e9al, c\u2019est de se rapprocher de ta fac ou des associations \u00e9tudiantes pour trouver celui qui te convient.<\/p>\n<p>                <img width=\"750\" height=\"500\" src=\"https:\/\/www.europesays.com\/fr\/wp-content\/uploads\/2025\/09\/feffs-2-e1695074983161-750x500.jpg\" class=\"attachment-gallery size-gallery\" alt=\"feffs + festival europ\u00e9en du film fantastique + cin\u00e9ma vox\" data-full-url=\"https:\/\/pokaa.fr\/wp-content\/uploads\/2023\/09\/feffs-2-1500x1000.jpg\" decoding=\"async\" loading=\"lazy\"  \/>            <\/p>\n<p>                <img width=\"755\" height=\"500\" src=\"https:\/\/www.europesays.com\/fr\/wp-content\/uploads\/2025\/09\/image-from-rawpixel-id-5907770-jpeg-755x500.jpg\" class=\"attachment-gallery size-gallery\" alt=\"th\u00e9\u00e2tre cin\u00e9ma fauteuil\" data-full-url=\"https:\/\/pokaa.fr\/wp-content\/uploads\/2024\/04\/09\/image-from-rawpixel-id-5907770-jpeg.jpg\" decoding=\"async\" loading=\"lazy\"  \/>            <\/p>\n<p>                    1. \u00a9 FEFFS \/ Document remis ; 2. \u00a9 Auteur inconnu &#8211; Rawpixel \/ Photo d&rsquo;illustration<\/p>\n<p>Participer \u00e0 des jam sessions<\/p>\n<p>Si tu es musicien(ne),<strong> quoi de mieux que de faire des rencontres en musique ?<\/strong> Un tas d\u2019adresses strasbourgeoises organisent des jam sessions, o\u00f9 il est possible de jouer avec des inconnu(e)s.<b> <\/b><\/p>\n<p><b>Le Grincheux<\/b> propose un jeudi sur deux <a href=\"https:\/\/www.facebook.com\/jamgrincheux\/?locale=fr_FR\" target=\"_blank\" rel=\"noopener\">une jam session jazz funk<\/a>, du c\u00f4t\u00e9 du <a href=\"https:\/\/www.facebook.com\/lelocalbar\" target=\"_blank\" rel=\"noopener\"><b>Local<\/b><\/a> ce sera plut\u00f4t rock ou parfois latino, sans oublier <a href=\"https:\/\/www.facebook.com\/Loree85\" target=\"_blank\" rel=\"noopener\"><b>l\u2019Or\u00e9e 85<\/b><\/a>, ou encore <a href=\"https:\/\/www.instagram.com\/karmen.camina\/?hl=fr\" target=\"_blank\" rel=\"noopener\">les jam \u00e9lectro<\/a> du <b>Karmen Camina<\/b>. Et pour celles et ceux qui pr\u00e9f\u00e8rent jouer de leur voix comme d\u2019un instrument, <a href=\"https:\/\/www.facebook.com\/groups\/382665881868402\/\" target=\"_blank\" rel=\"noopener\"><b>les Freestyle mondays<\/b><\/a> se d\u00e9placent un peu partout dans Strasbourg et <b>la P\u00e9niche M\u00e9canique <\/b>organise des <a href=\"https:\/\/www.penichemecanique.com\/evenements\" target=\"_blank\" rel=\"noopener\">open mic hip-hop<\/a>.<\/p>\n<p>                <a href=\"https:\/\/pokaa.fr\/2025\/02\/19\/se-rencontrer-grace-a-la-musique-a-strasbourg-12-lieux-ou-jammer-avec-des-artistes\/\" target=\"_blank\" rel=\"noopener\"><br \/>\n                    <img width=\"450\" height=\"270\" src=\"https:\/\/www.europesays.com\/fr\/wp-content\/uploads\/2025\/09\/1758411639_592_1-450x270.png\" class=\"attachment-card-horizontal--same-subject size-card-horizontal--same-subject wp-post-image\" alt=\"\" decoding=\"async\" loading=\"lazy\"\/>                <\/a><\/p>\n<p>    <img width=\"800\" height=\"533\" src=\"https:\/\/www.europesays.com\/fr\/wp-content\/uploads\/2025\/09\/jamboma-11.jpg\" class=\"attachment-image-size-L size-image-size-L\" alt=\"jamboma-11\" decoding=\"async\" loading=\"lazy\"  \/>         \u00a9 Pokaa <\/p>\n<p>Les applications et les r\u00e9seaux sociaux<\/p>\n<p><a href=\"https:\/\/knockk.app\/\" target=\"_blank\" rel=\"noopener\"><b>L\u2019application de sorties Knockk<\/b><\/a> est d\u00e9di\u00e9e aux rencontres amicales. Elle se base sur les centres d\u2019int\u00e9r\u00eat de l\u2019utilisateur\/rice pour lui proposer <b>des sorties et des activit\u00e9s dans sa ville.\u00a0<\/b><\/p>\n<p>    <img width=\"800\" height=\"444\" src=\"https:\/\/www.europesays.com\/fr\/wp-content\/uploads\/2025\/09\/pokaa10ans-20-800x444.png\" class=\"attachment-image-size-L size-image-size-L\" alt=\"10 ans Pokaa \u00e9v\u00e9nement anniversaire\" decoding=\"async\" loading=\"lazy\"  \/>         \u00a9 Manon Jensen \/ Pokaa <\/p>\n<p>Plusieurs autres <b>groupes Facebook<\/b> peuvent s\u2019av\u00e9rer utiles, comme <a href=\"https:\/\/www.facebook.com\/groups\/199440310648420\/?locale=fr_FR\" target=\"_blank\" rel=\"noopener\">Sortir et Rencontrer des Gens dans le Bas-Rhin \u00e0 Strasbourg et Alentours<\/a>, <a href=\"https:\/\/www.facebook.com\/groups\/219060528265662\/\" target=\"_blank\" rel=\"noopener\">Rencontre sur Strasbourg, Haguenau Et Environs !<\/a>, <a href=\"https:\/\/www.facebook.com\/groups\/strasbourg.etudiants\/discussion\/preview\" target=\"_blank\" rel=\"noopener\">\u00c9tudiants Strasbourg : sorties, entraide, rencontres<\/a>,<b> ou bien pour des sorties uniquement entre femmes, <\/b><a href=\"https:\/\/www.facebook.com\/groups\/135334118454094\/\" target=\"_blank\" rel=\"noopener\">Copines de Strasbourg<\/a>, <b>ou encore d\u00e9di\u00e9es \u00e0 la communaut\u00e9 queer strasbourgeoise comme<\/b> <a href=\"https:\/\/www.facebook.com\/groups\/2174434062876622\/\" target=\"_blank\" rel=\"noopener\">Queer Strasbourg<\/a>.<\/p>\n<p>Et pour se rapprocher de personnes qui partagent la m\u00eame passion ou les m\u00eames go\u00fbts, il existe aussi <a href=\"https:\/\/www.facebook.com\/groups\/1006514247657504\/\" target=\"_blank\" rel=\"noopener\"><b>Groupe sortie Techno et BPM Strasbourg<\/b><\/a> pour celles et ceux qui aiment la techno, <a href=\"https:\/\/www.facebook.com\/JeunesRandonneursSansFrontieres\" target=\"_blank\" rel=\"noopener\"><b>Les Jeunes Randonneurs Sans Fronti\u00e8res<\/b><\/a><b>, <\/b><a href=\"https:\/\/www.facebook.com\/groups\/3714768551883288\/\" target=\"_blank\" rel=\"noopener\"><b>Randonn\u00e9es &amp; Balades en Alsace et Environs<\/b><\/a> et <a href=\"https:\/\/www.facebook.com\/groups\/2689699734413128\/?notif_id=1614171158224367&amp;notif_t=group_r2j_approved&amp;ref=notif\" target=\"_blank\" rel=\"noopener\"><b>Randonn\u00e9es en Alsace<\/b><\/a> pour celles et ceux qui aiment la rando, <a href=\"https:\/\/www.facebook.com\/clublatinostrasbourg\" target=\"_blank\" rel=\"noopener\"><b>Club Latino Strasbourg Kehl<\/b><\/a> pour celles et ceux qui aiment danser, <a href=\"https:\/\/www.facebook.com\/groups\/181181995824278\/\" target=\"_blank\" rel=\"noopener\"><b>Jeu de r\u00f4le Strasbourg \u2013 geekosph\u00e8re<\/b><\/a> pour parler et trouver des tables de jeux de r\u00f4le \u00e0 Strasbourg, et enfin <a href=\"https:\/\/www.facebook.com\/groups\/StrasSignes\/\" target=\"_blank\" rel=\"noopener\"><b>Stras\u2019Signes<\/b><\/a> qui organise un caf\u00e9\u00a0signe chaque premier vendredi du mois.<\/p>\n<p>                <img width=\"667\" height=\"500\" src=\"https:\/\/www.europesays.com\/fr\/wp-content\/uploads\/2025\/09\/img-5663-667x500.jpg\" class=\"attachment-gallery size-gallery\" alt=\"Randonn\u00e9e Vignoble Dorlisheim \u2013 Vue sur Rosenwiller\" data-full-url=\"https:\/\/pokaa.fr\/wp-content\/uploads\/2024\/07\/10\/img-5663.jpg\" decoding=\"async\" loading=\"lazy\"  \/>            <\/p>\n<p>                <img width=\"749\" height=\"500\" src=\"https:\/\/www.europesays.com\/fr\/wp-content\/uploads\/2025\/06\/dsc-7525-749x500.jpg\" class=\"attachment-gallery size-gallery\" alt=\"marche; visibilit\u00e9; lgbt; droits; pride; arc-en-ciel; lgbtqi\" data-full-url=\"https:\/\/pokaa.fr\/wp-content\/uploads\/2023\/06\/dsc-7525.jpg\" decoding=\"async\" loading=\"lazy\"  \/>            <\/p>\n<p>                    1. \u00a9 Baptiste Kocher \/ Pokaa ; 2. \u00a9 Mathilde Cybulski \/ Pokaa<\/p>\n<p>Les serveurs Discord<\/p>\n<p>Le subreddit de la ville de Strasbourg a \u00e9galement <a href=\"https:\/\/discord.gg\/CgPpTdh\" target=\"_blank\" rel=\"noopener\"><b>son Discord nomm\u00e9 r\/Strasbourg<\/b><\/a> et se compose de <strong>214<\/strong><b>\u00a0membres. <\/b>Le serveur a pour but de \u00ab servir de lieu de rencontre en ligne pour la communaut\u00e9 strasbourgeoise de Reddit \u00bb.<\/p>\n<p>    <img width=\"800\" height=\"601\" src=\"https:\/\/www.europesays.com\/fr\/wp-content\/uploads\/2025\/08\/pexels-photo-821721-1-e1568366757843.jpeg\" class=\"attachment-image-size-L size-image-size-L\" alt=\"ordinateur CC\" decoding=\"async\" loading=\"lazy\"\/>         \u00a9 Pokaa <\/p>\n<p>Suivre l\u2019agenda Pokaa pour sortir en soir\u00e9e<\/p>\n<p><b>Deux fois par mois sur le site web et tr\u00e8s r\u00e9guli\u00e8rement sur <\/b><a href=\"https:\/\/www.instagram.com\/pokaa.fr\/?hl=fr\" target=\"_blank\" rel=\"noopener\"><b>le compte Instagram<\/b><\/a>, la r\u00e9daction <b>Pokaa publie <\/b><a href=\"https:\/\/pokaa.fr\/categories\/ses-sorties\/\" target=\"_blank\" rel=\"noopener\"><b>son Agenda des sorties<\/b><\/a> \u00e0 ne pas louper, en plus de tous les \u00e9v\u00e9nements partag\u00e9s au cours du mois. Strasbourg est une ville particuli\u00e8rement bouillonnante et il y a largement de quoi trouver son bonheur <b>parmi tous les \u00e9v\u00e9nements organis\u00e9s.<\/b><\/p>\n<p>                <a href=\"https:\/\/pokaa.fr\/2025\/09\/03\/sport-activites-passions-8-idees-pour-sortir-de-ta-chambre-etudiante-a-strasbourg\/\" target=\"_blank\" rel=\"noopener\"><br \/>\n                    <img width=\"450\" height=\"270\" src=\"https:\/\/www.europesays.com\/fr\/wp-content\/uploads\/2025\/09\/h1-450x270.png\" class=\"attachment-card-horizontal--same-subject size-card-horizontal--same-subject wp-post-image\" alt=\"\" decoding=\"async\" loading=\"lazy\"\/>                <\/a><\/p>\n<p><script async src=\"\/\/www.instagram.com\/embed.js\"><\/script><\/p>\n","protected":false},"excerpt":{"rendered":"Quand on d\u00e9barque dans une nouvelle ville, on peut vite se sentir isol\u00e9(e) le temps de s\u2019acclimater. Alors&hellip;\n","protected":false},"author":2,"featured_media":405937,"comment_status":"","ping_status":"","sticky":false,"template":"","format":"standard","meta":{"footnotes":""},"categories":[2820],"tags":[1111,11,6379,1777,674,1011,27,775,12,10270,25,1669,640],"class_list":{"0":"post-405936","1":"post","2":"type-post","3":"status-publish","4":"format-standard","5":"has-post-thumbnail","7":"category-strasbourg","8":"tag-actu","9":"tag-actualites","10":"tag-etudiants","11":"tag-eu","12":"tag-europe","13":"tag-fr","14":"tag-france","15":"tag-grand-est","16":"tag-news","17":"tag-rencontres","18":"tag-republique-francaise","19":"tag-sorties","20":"tag-strasbourg"},"share_on_mastodon":{"url":"https:\/\/pubeurope.com\/@fr\/115239275684743557","error":""},"_links":{"self":[{"href":"https:\/\/www.europesays.com\/fr\/wp-json\/wp\/v2\/posts\/405936","targetHints":{"allow":["GET"]}}],"collection":[{"href":"https:\/\/www.europesays.com\/fr\/wp-json\/wp\/v2\/posts"}],"about":[{"href":"https:\/\/www.europesays.com\/fr\/wp-json\/wp\/v2\/types\/post"}],"author":[{"embeddable":true,"href":"https:\/\/www.europesays.com\/fr\/wp-json\/wp\/v2\/users\/2"}],"replies":[{"embeddable":true,"href":"https:\/\/www.europesays.com\/fr\/wp-json\/wp\/v2\/comments?post=405936"}],"version-history":[{"count":0,"href":"https:\/\/www.europesays.com\/fr\/wp-json\/wp\/v2\/posts\/405936\/revisions"}],"wp:featuredmedia":[{"embeddable":true,"href":"https:\/\/www.europesays.com\/fr\/wp-json\/wp\/v2\/media\/405937"}],"wp:attachment":[{"href":"https:\/\/www.europesays.com\/fr\/wp-json\/wp\/v2\/media?parent=405936"}],"wp:term":[{"taxonomy":"category","embeddable":true,"href":"https:\/\/www.europesays.com\/fr\/wp-json\/wp\/v2\/categories?post=405936"},{"taxonomy":"post_tag","embeddable":true,"href":"https:\/\/www.europesays.com\/fr\/wp-json\/wp\/v2\/tags?post=405936"}],"curies":[{"name":"wp","href":"https:\/\/api.w.org\/{rel}","templated":true}]}}