{"id":405938,"date":"2025-09-20T23:41:11","date_gmt":"2025-09-20T23:41:11","guid":{"rendered":"https:\/\/www.europesays.com\/fr\/405938\/"},"modified":"2025-09-20T23:41:11","modified_gmt":"2025-09-20T23:41:11","slug":"previsions-du-dimanche-21-septembre-2025-3","status":"publish","type":"post","link":"https:\/\/www.europesays.com\/fr\/405938\/","title":{"rendered":"pr\u00e9visions du dimanche 21 septembre 2025"},"content":{"rendered":"<p>Un superbe soleil va briller sur Nice et ce, tout au long de la journ\u00e9e. Les valeurs seront comprises entre 20\u00b0C et 25\u00b0C. Un vent de sud-est rafra\u00eechira quelque peu l&rsquo;atmosph\u00e8re. Les maximales pourront atteindre 25\u00b0C dans la matin\u00e9e alors que les minimales seront de 21\u00b0C. Les temp\u00e9ratures s&rsquo;\u00e9chelonneront entre 23 et 25\u00b0C pendant l&rsquo;apr\u00e8s-midi. Il va faire 22\u00b0C en moyenne le soir. On passera de dimanche \u00e0 lundi par une nuit claire.<\/p>\n<p>Demain, c&rsquo;est sur un ciel tapiss\u00e9 de nuages qu&rsquo;il faudra compter \u00e0 Nice. Le mercure va descendre de quelques degr\u00e9s. Les valeurs afficheront entre 18 et 22\u00b0C. Un modeste vent de sud-est sera ressenti par les habitants. D&rsquo;un autre c\u00f4t\u00e9, cette matin\u00e9e rimera avec grand soleil. Les temp\u00e9ratures iront de 19 \u00e0 22\u00b0C. Un ciel voil\u00e9 avec un d\u00e9veloppement de nuages est pr\u00e9vu dans l&rsquo;apr\u00e8s-midi. Des pluies \u00e9parses sont attendues. Les valeurs seront comprises entre 20 et 22\u00b0C. On observera la pr\u00e9sence persistante de nuages demain soir. Il faudra anticiper des perturbations, les Ni\u00e7ois se retrouveront sous de la pluie. Il fera environ 19\u00b0C.<\/p>\n<p>Le temps va s&rsquo;am\u00e9liorer dans les journ\u00e9es suivantes. Une m\u00e9t\u00e9o ensoleill\u00e9e, pour des temp\u00e9ratures de 22\u00b0C en moyenne, est pr\u00e9vue.<\/p>\n<p><\/p>\n","protected":false},"excerpt":{"rendered":"Un superbe soleil va briller sur Nice et ce, tout au long de la journ\u00e9e. Les valeurs seront&hellip;\n","protected":false},"author":2,"featured_media":405939,"comment_status":"","ping_status":"","sticky":false,"template":"","format":"standard","meta":{"footnotes":""},"categories":[2819],"tags":[1111,11,2898,1777,674,1011,27,12,2401,883,2119,882,25],"class_list":{"0":"post-405938","1":"post","2":"type-post","3":"status-publish","4":"format-standard","5":"has-post-thumbnail","7":"category-nice","8":"tag-actu","9":"tag-actualites","10":"tag-alpes-maritimes","11":"tag-eu","12":"tag-europe","13":"tag-fr","14":"tag-france","15":"tag-news","16":"tag-nice","17":"tag-paca","18":"tag-previsions-meteo","19":"tag-provence-alpes-cote-dazur","20":"tag-republique-francaise"},"share_on_mastodon":{"url":"","error":""},"_links":{"self":[{"href":"https:\/\/www.europesays.com\/fr\/wp-json\/wp\/v2\/posts\/405938","targetHints":{"allow":["GET"]}}],"collection":[{"href":"https:\/\/www.europesays.com\/fr\/wp-json\/wp\/v2\/posts"}],"about":[{"href":"https:\/\/www.europesays.com\/fr\/wp-json\/wp\/v2\/types\/post"}],"author":[{"embeddable":true,"href":"https:\/\/www.europesays.com\/fr\/wp-json\/wp\/v2\/users\/2"}],"replies":[{"embeddable":true,"href":"https:\/\/www.europesays.com\/fr\/wp-json\/wp\/v2\/comments?post=405938"}],"version-history":[{"count":0,"href":"https:\/\/www.europesays.com\/fr\/wp-json\/wp\/v2\/posts\/405938\/revisions"}],"wp:featuredmedia":[{"embeddable":true,"href":"https:\/\/www.europesays.com\/fr\/wp-json\/wp\/v2\/media\/405939"}],"wp:attachment":[{"href":"https:\/\/www.europesays.com\/fr\/wp-json\/wp\/v2\/media?parent=405938"}],"wp:term":[{"taxonomy":"category","embeddable":true,"href":"https:\/\/www.europesays.com\/fr\/wp-json\/wp\/v2\/categories?post=405938"},{"taxonomy":"post_tag","embeddable":true,"href":"https:\/\/www.europesays.com\/fr\/wp-json\/wp\/v2\/tags?post=405938"}],"curies":[{"name":"wp","href":"https:\/\/api.w.org\/{rel}","templated":true}]}}