{"id":40594,"date":"2025-04-21T04:20:12","date_gmt":"2025-04-21T04:20:12","guid":{"rendered":"https:\/\/www.europesays.com\/fr\/40594\/"},"modified":"2025-04-21T04:20:12","modified_gmt":"2025-04-21T04:20:12","slug":"lukraine-et-la-russie-saccusent-mutuellement-davoir-viole-la-courte-treve-pascale","status":"publish","type":"post","link":"https:\/\/www.europesays.com\/fr\/40594\/","title":{"rendered":"L\u2019Ukraine et la Russie s\u2019accusent mutuellement d\u2019avoir viol\u00e9 la courte tr\u00eave pascale"},"content":{"rendered":"\n<p>\u201cEn plus d\u2019\u00eatre br\u00e8ve\u201d, la tr\u00eave de P\u00e2ques propos\u00e9e samedi par le pr\u00e9sident russe Vladimir Poutine et accept\u00e9e par son homologue Volodymyr Zelensky \u201ca \u00e9t\u00e9 symbolique\u201d, <a class=\"ithalc\" data-ithal=\"lien_externe\" data-ithalc=\"[nav_article]\" target=\"_blank\" href=\"https:\/\/www.lavanguardia.com\/internacional\/20250420\/10599378\/zelenski-acusa-rusia-intentos-aislados-avanzar-tregua-pascual-agenciaslv20250420.html\" rel=\"nofollow noopener\">constate <strong>La Vanguardia<\/strong>.<\/a> De fait, les deux parties se sont \u201cmutuellement accus\u00e9es de violer l\u2019accord\u201d et la tr\u00eave, qui s\u2019est achev\u00e9e dimanche soir \u00e0 minuit, n\u2019a pas \u00e9t\u00e9 prolong\u00e9e. \u201cDonc, sauf contre-ordre, peu ou rien n\u2019a chang\u00e9\u00a0: la guerre continue\u201d, observe le titre catalan.<\/p>\n<p>\u201cEncore une tentative de cessez-le-feu rat\u00e9e, qui souligne la cruaut\u00e9 d\u2019une guerre qui n\u2019en finit pas\u201d, <a class=\"ithalc\" data-ithal=\"lien_externe\" data-ithalc=\"[nav_article]\" target=\"_blank\" href=\"https:\/\/elpais.com\/internacional\/2025-04-20\/mas-de-dos-meses-de-negociaciones-sobre-ucrania-no-logran-frenar-la-guerra.html\" rel=\"nofollow noopener\">abonde <strong>El Pa\u00eds<\/strong>.<\/a> \u201cEt ce, malgr\u00e9 des dizaines de r\u00e9unions, voyages et appels \u00e0 la n\u00e9gociation, organis\u00e9s depuis que les \u00c9tats-Unis ont entam\u00e9 des pourparlers en vue d\u2019un \u00e9ventuel processus de paix il y a 70 jours\u201d.<\/p>\n<p>Selon les d\u00e9clarations du pr\u00e9sident ukrainien Volodymyr Zelensky, <a class=\"ithalc\" data-ithal=\"lien_externe\" data-ithalc=\"[nav_article]\" target=\"_blank\" href=\"https:\/\/kyivindependent.com\/multiple-russian-ceasefire-violations-reported-during-easter-ceasefire-zelensky-says\/\" rel=\"nofollow noopener\">rapport\u00e9es par <strong>The Kyiv Independent<\/strong><\/a>, la Russie aurait viol\u00e9 la tr\u00eave pascale \u201cpr\u00e8s de 3\u00a0000 fois\u201d depuis son entr\u00e9e en vigueur samedi \u00e0 18\u00a0heures (heure locale). L\u2019arm\u00e9e de Kiev a signal\u00e9 96 attaques russes contre des positions ukrainiennes, 1\u00a0882 bombardements et 950 utilisations de drones.<\/p>\n<p>\u201cAu final, sur toutes les positions principales du front, la Russie n\u2019a pas tenu sa propre promesse\u201d, a d\u00e9clar\u00e9 M. Zelensky, accusant le Kremlin d\u2019avoir organis\u00e9 une op\u00e9ration de \u201crelations publiques\u201d.<\/p>\n<p>               Num\u00e9ro de duettistes Poutine-Trump       <\/p>\n<p>Le minist\u00e8re russe de la D\u00e9fense a d\u00e9clar\u00e9 pour sa part avoir \u201crepouss\u00e9\u201d les assauts de l\u2019Ukraine et a accus\u00e9 Kiev d\u2019avoir lanc\u00e9 des centaines de drones et d\u2019obus sur les positions russes pendant la tr\u00eave pascale.<\/p>\n<p>Aucun m\u00e9dia ind\u00e9pendant n\u2019a pu v\u00e9rifier les affirmations des parties bellig\u00e9rantes.<\/p>\n<p><a class=\"ithalc\" data-ithal=\"lien_externe\" data-ithalc=\"[nav_article]\" target=\"_blank\" href=\"https:\/\/www.washingtonpost.com\/world\/2025\/04\/19\/ukraine-easter-truce-russia-putin\/\" rel=\"nofollow noopener\">Pour un expert interrog\u00e9 par le <strong>Washington Post<\/strong><\/a>, M.\u00a0Poutine a d\u00e9cr\u00e9t\u00e9 sa \u201cbr\u00e8ve tr\u00eave pascale\u201d dans le seul but de \u201crenvoyer la balle dans le camp adverse\u201d. Car \u201cUne bataille de propagande fait rage entre Moscou et Kiev, les deux camps s\u2019accusant mutuellement d\u2019\u00eatre responsables de la poursuite du conflit\u201d, d\u00e9clare-t-il. \u201cMais c\u2019est une com\u00e9die pour un seul spectateur\u00a0: Donald Trump\u201d.<\/p>\n<p>De fait, d\u00e8s samedi, une grande partie de la presse internationale soulignait d\u00e9j\u00e0 que la d\u00e9cision du pr\u00e9sident russe semblait destin\u00e9e \u00e0 d\u00e9montrer que Moscou \u00e9tait toujours ouvert aux n\u00e9gociations de paix et \u00e0 donner des gages \u00e0 l\u2019administration Trump, qui commen\u00e7ait \u00e0 montrer des signes d\u2019impatience.<\/p>\n<p>\u201cL\u2019administration Trump est r\u00e9solument du c\u00f4t\u00e9 de la Russie dans les n\u00e9gociations de paix. Ainsi, une offre soudaine du Kremlin d\u2019un cessez-le-feu unilat\u00e9ral aura \u00e9t\u00e9 bien accueillie par la Maison-Blanche et s\u2019inscrit dans le num\u00e9ro de duettistes Poutine-Trump\u201d, <a class=\"ithalc\" data-ithal=\"lien_externe\" data-ithalc=\"[nav_article]\" target=\"_blank\" href=\"https:\/\/www.the-independent.com\/news\/world\/europe\/putin-easter-ceasefire-truce-ukraine-b2736332.html\" rel=\"nofollow noopener\">remarque <strong>The Independent<\/strong>.<\/a> Dans cette dynamique, \u201cTrump feint d\u2019\u00eatre contrari\u00e9 par Poutine, qui apaise son irritation par un geste sans cons\u00e9quence concr\u00e8te sur la guerre qu\u2019il a d\u00e9clench\u00e9e\u201d.<\/p>\n<p>               Pas de prolongation de la tr\u00eave       <\/p>\n<p>De son c\u00f4t\u00e9, \u201cl\u2019Ukraine est largement \u00e0 la merci des d\u00e9cisions de l\u2019administration Trump, si elle veut obtenir une aide am\u00e9ricaine suppl\u00e9mentaire\u201d, <a class=\"ithalc\" data-ithal=\"lien_externe\" data-ithalc=\"[nav_article]\" target=\"_blank\" href=\"https:\/\/www.nytimes.com\/2025\/04\/20\/world\/europe\/ukraine-russia-easter-truce.html\" rel=\"nofollow noopener\">observe le <strong>New York Times<\/strong>.<\/a> Il fallait donc voir \u201cun signal clair adress\u00e9 \u00e0 Washington\u201d dans le fait, pour M. Zelensky de r\u00e9p\u00e9ter \u201c\u00e0 plusieurs reprises ce week-end que l\u2019Ukraine souhaitait prolonger la tr\u00eave de P\u00e2ques de 30 jours\u201d, estime le quotidien am\u00e9ricain.<\/p>\n<p>Mais Moscou a fait la sourde oreille. Dimanche soir \u00e0 minuit, la tr\u00eave pascale \u201cest arriv\u00e9e \u00e0 expiration\u201d et le porte-parole du Kremlin, Dmitri Peskov, a pr\u00e9cis\u00e9 que Vladimir Poutine \u201cn\u2019avait pas ordonn\u00e9 sa prolongation\u201d, <a class=\"ithalc\" data-ithal=\"lien_externe\" data-ithalc=\"[nav_article]\" target=\"_blank\" href=\"https:\/\/tass.com\/politics\/1946537\" rel=\"nofollow noopener\">a rapport\u00e9 l\u2019agence <strong>Tass<\/strong>.<\/a><\/p>\n<p>Cela n\u2019a pas emp\u00each\u00e9 Donald Trump de poster dimanche un bref message sur son r\u00e9seau Truth Social, dans lequel il dit esp\u00e9rer \u201cun accord cette semaine\u201d entre la Russie et l\u2019Ukraine, sans plus de d\u00e9tails, <a class=\"ithalc\" data-ithal=\"lien_externe\" data-ithalc=\"[nav_article]\" target=\"_blank\" href=\"https:\/\/www.theguardian.com\/world\/2025\/apr\/20\/zelenskyy-dismisses-putin-ceasefire-as-pr-and-says-russian-attacks-continue\" rel=\"nofollow noopener\">\u00e9crit <strong>The Guardian<\/strong>.<\/a><\/p>\n<p><a class=\"ithalc\" data-ithal=\"lien_externe\" data-ithalc=\"[nav_article]\" target=\"_blank\" href=\"https:\/\/www.bbc.com\/news\/articles\/cy70vj2eejzo\" rel=\"nofollow noopener\">La <strong>BBC<\/strong>, quant \u00e0 elle,<\/a> ne s\u2019interdit pas une forme d\u2019optimisme, soulignant que la tr\u00eave de P\u00e2ques du Kremlin \u201ca \u00e9t\u00e9 une surprise\u201d. Ce cessez-le-feu \u201cpourrait-il se transformer en quelque chose de plus substantiel, de plus complet\u00a0? \u201d. Et \u201cPoutine pourrait-il \u00eatre convaincu que le moment est venu de conclure un accord\u00a0? \u201d.<\/p>\n<p>\u201cC\u2019est difficile \u00e0 imaginer pour l\u2019instant\u201d, conc\u00e8de le diffuseur britannique. Mais \u201cen mati\u00e8re de diplomatie, nous ne sommes pas au courant de toutes les discussions \u00e0 huis clos ni des d\u00e9tails des accords potentiels en cours de discussion. Nous avons tendance \u00e0 ne voir que la partie \u00e9merg\u00e9e de l\u2019iceberg, ce qui laisse la porte ouverte \u00e0 d\u2019autres annonces inattendues\u201d.<\/p>\n","protected":false},"excerpt":{"rendered":"\u201cEn plus d\u2019\u00eatre br\u00e8ve\u201d, la tr\u00eave de P\u00e2ques propos\u00e9e samedi par le pr\u00e9sident russe Vladimir Poutine et accept\u00e9e&hellip;\n","protected":false},"author":2,"featured_media":40595,"comment_status":"","ping_status":"","sticky":false,"template":"","format":"standard","meta":{"footnotes":""},"categories":[1590],"tags":[11,75,1777,674,1892,131,12,316,132,220,135,134],"class_list":{"0":"post-40594","1":"post","2":"type-post","3":"status-publish","4":"format-standard","5":"has-post-thumbnail","7":"category-ukraine","8":"tag-actualites","9":"tag-donald-trump","10":"tag-eu","11":"tag-europe","12":"tag-gu00e9opolitique","13":"tag-guerre-en-ukraine","14":"tag-news","15":"tag-politique","16":"tag-russie","17":"tag-ukraine","18":"tag-vladimir-poutine","19":"tag-volodymyr-zelensky"},"share_on_mastodon":{"url":"https:\/\/pubeurope.com\/@fr\/114374038213031735","error":""},"_links":{"self":[{"href":"https:\/\/www.europesays.com\/fr\/wp-json\/wp\/v2\/posts\/40594","targetHints":{"allow":["GET"]}}],"collection":[{"href":"https:\/\/www.europesays.com\/fr\/wp-json\/wp\/v2\/posts"}],"about":[{"href":"https:\/\/www.europesays.com\/fr\/wp-json\/wp\/v2\/types\/post"}],"author":[{"embeddable":true,"href":"https:\/\/www.europesays.com\/fr\/wp-json\/wp\/v2\/users\/2"}],"replies":[{"embeddable":true,"href":"https:\/\/www.europesays.com\/fr\/wp-json\/wp\/v2\/comments?post=40594"}],"version-history":[{"count":0,"href":"https:\/\/www.europesays.com\/fr\/wp-json\/wp\/v2\/posts\/40594\/revisions"}],"wp:featuredmedia":[{"embeddable":true,"href":"https:\/\/www.europesays.com\/fr\/wp-json\/wp\/v2\/media\/40595"}],"wp:attachment":[{"href":"https:\/\/www.europesays.com\/fr\/wp-json\/wp\/v2\/media?parent=40594"}],"wp:term":[{"taxonomy":"category","embeddable":true,"href":"https:\/\/www.europesays.com\/fr\/wp-json\/wp\/v2\/categories?post=40594"},{"taxonomy":"post_tag","embeddable":true,"href":"https:\/\/www.europesays.com\/fr\/wp-json\/wp\/v2\/tags?post=40594"}],"curies":[{"name":"wp","href":"https:\/\/api.w.org\/{rel}","templated":true}]}}