{"id":405952,"date":"2025-09-20T23:49:10","date_gmt":"2025-09-20T23:49:10","guid":{"rendered":"https:\/\/www.europesays.com\/fr\/405952\/"},"modified":"2025-09-20T23:49:10","modified_gmt":"2025-09-20T23:49:10","slug":"previsions-du-dimanche-21-septembre-2025-6","status":"publish","type":"post","link":"https:\/\/www.europesays.com\/fr\/405952\/","title":{"rendered":"pr\u00e9visions du dimanche 21 septembre 2025"},"content":{"rendered":"<p>Aujourd&rsquo;hui, les valeurs s&rsquo;\u00e9chelonneront entre 11 et 16\u00b0C \u00e0 Lille. La ville profitera de quelques \u00e9claircies le matin. Le mercure affichera 14\u00b0C en moyenne. Une l\u00e9g\u00e8re brise de nord-ouest soufflera. L&rsquo;apr\u00e8s-midi, des nuages pars\u00e8meront le ciel, g\u00eanant ainsi l&rsquo;apparition du soleil. Des pluies \u00e9parses tomberont. Les temp\u00e9ratures seront comprises entre 14 et 16\u00b0C. Les maximales atteindront les 14\u00b0C dans la soir\u00e9e et les minimales seront de 13\u00b0C. On passera de dimanche \u00e0 lundi par une nuit claire.<\/p>\n<p>Demain, le vent va peu \u00e0 peu chasser les nuages \u00e0 Lille. On pr\u00e9voit des valeurs avoisinant 14\u00b0C. Un modeste vent de nord-est sera ressenti par les habitants. Les temp\u00e9ratures seront de 13\u00b0C dans la matin\u00e9e. Les valeurs afficheront entre 14\u00b0C et 17\u00b0C dans l&rsquo;apr\u00e8s-midi. Des \u00e9claircies appara\u00eetront dans la soir\u00e9e. Il fera 13\u00b0C en moyenne.<\/p>\n<p>La m\u00e9t\u00e9o des journ\u00e9es qui suivent va \u00e9voluer progressivement. La m\u00e9t\u00e9o se maintiendra mardi mais une d\u00e9gradation s&rsquo;ensuivra mercredi.<\/p>\n<p><\/p>\n","protected":false},"excerpt":{"rendered":"Aujourd&rsquo;hui, les valeurs s&rsquo;\u00e9chelonneront entre 11 et 16\u00b0C \u00e0 Lille. La ville profitera de quelques \u00e9claircies le matin.&hellip;\n","protected":false},"author":2,"featured_media":405953,"comment_status":"","ping_status":"","sticky":false,"template":"","format":"standard","meta":{"footnotes":""},"categories":[2815],"tags":[1111,11,1777,674,1011,27,811,1307,12,1308,1309,2119,25],"class_list":{"0":"post-405952","1":"post","2":"type-post","3":"status-publish","4":"format-standard","5":"has-post-thumbnail","7":"category-lille","8":"tag-actu","9":"tag-actualites","10":"tag-eu","11":"tag-europe","12":"tag-fr","13":"tag-france","14":"tag-hauts-de-france","15":"tag-lille","16":"tag-news","17":"tag-nord","18":"tag-nord-pas-de-calais","19":"tag-previsions-meteo","20":"tag-republique-francaise"},"share_on_mastodon":{"url":"https:\/\/pubeurope.com\/@fr\/115239306190682808","error":""},"_links":{"self":[{"href":"https:\/\/www.europesays.com\/fr\/wp-json\/wp\/v2\/posts\/405952","targetHints":{"allow":["GET"]}}],"collection":[{"href":"https:\/\/www.europesays.com\/fr\/wp-json\/wp\/v2\/posts"}],"about":[{"href":"https:\/\/www.europesays.com\/fr\/wp-json\/wp\/v2\/types\/post"}],"author":[{"embeddable":true,"href":"https:\/\/www.europesays.com\/fr\/wp-json\/wp\/v2\/users\/2"}],"replies":[{"embeddable":true,"href":"https:\/\/www.europesays.com\/fr\/wp-json\/wp\/v2\/comments?post=405952"}],"version-history":[{"count":0,"href":"https:\/\/www.europesays.com\/fr\/wp-json\/wp\/v2\/posts\/405952\/revisions"}],"wp:featuredmedia":[{"embeddable":true,"href":"https:\/\/www.europesays.com\/fr\/wp-json\/wp\/v2\/media\/405953"}],"wp:attachment":[{"href":"https:\/\/www.europesays.com\/fr\/wp-json\/wp\/v2\/media?parent=405952"}],"wp:term":[{"taxonomy":"category","embeddable":true,"href":"https:\/\/www.europesays.com\/fr\/wp-json\/wp\/v2\/categories?post=405952"},{"taxonomy":"post_tag","embeddable":true,"href":"https:\/\/www.europesays.com\/fr\/wp-json\/wp\/v2\/tags?post=405952"}],"curies":[{"name":"wp","href":"https:\/\/api.w.org\/{rel}","templated":true}]}}