{"id":405956,"date":"2025-09-20T23:51:19","date_gmt":"2025-09-20T23:51:19","guid":{"rendered":"https:\/\/www.europesays.com\/fr\/405956\/"},"modified":"2025-09-20T23:51:19","modified_gmt":"2025-09-20T23:51:19","slug":"previsions-du-dimanche-21-septembre-2025-7","status":"publish","type":"post","link":"https:\/\/www.europesays.com\/fr\/405956\/","title":{"rendered":"pr\u00e9visions du dimanche 21 septembre 2025"},"content":{"rendered":"<p>\u00c0 Marseille les temp\u00e9ratures s&rsquo;\u00e9chelonneront de 19 \u00e0 24\u00b0C sur l&rsquo;ensemble de la journ\u00e9e. Un vent de sud-est rafra\u00eechira sensiblement l&rsquo;atmosph\u00e8re. Le soleil sera au rendez-vous : une belle matin\u00e9e se profile ! Les valeurs seront comprises entre 21 et 24\u00b0C. La ville profitera de quelques \u00e9claircies l&rsquo;apr\u00e8s-midi. Les maximales atteindront les 24\u00b0C et les minimales seront de 23\u00b0C. Le soir, il est probable que de petites averses se d\u00e9clarent. On pr\u00e9voit des temp\u00e9ratures d&rsquo;environ 21\u00b0C. Le ciel sera clair dans la nuit de dimanche \u00e0 lundi.<\/p>\n<p>C&rsquo;est un soleil \u00e9clatant qui va se montrer demain sur Marseille. Le mercure va descendre de quelques degr\u00e9s. Les valeurs afficheront entre 18 et 22\u00b0C. Un petit vent de nord-ouest sera ressenti par les habitants. Les temp\u00e9ratures seront de 18\u00b0C au plus bas et de 20\u00b0C au plus haut la matin\u00e9e. Les valeurs s&rsquo;\u00e9chelonneront entre 21\u00b0C et 22\u00b0C dans l&rsquo;apr\u00e8s-midi. Le ciel sera relativement lumineux, avec quelques \u00e9claircies demain soir. Les temp\u00e9ratures seront comprises entre 20 et 21\u00b0C.<\/p>\n<p>Le temps restera stable les jours \u00e0 venir. Des temp\u00e9ratures dans les 19\u00b0C accompagneront un ciel ensoleill\u00e9.<\/p>\n<p><\/p>\n","protected":false},"excerpt":{"rendered":"\u00c0 Marseille les temp\u00e9ratures s&rsquo;\u00e9chelonneront de 19 \u00e0 24\u00b0C sur l&rsquo;ensemble de la journ\u00e9e. Un vent de sud-est&hellip;\n","protected":false},"author":2,"featured_media":405957,"comment_status":"","ping_status":"","sticky":false,"template":"","format":"standard","meta":{"footnotes":""},"categories":[2814],"tags":[1111,11,885,1777,674,1011,27,884,12,883,2119,882,25],"class_list":{"0":"post-405956","1":"post","2":"type-post","3":"status-publish","4":"format-standard","5":"has-post-thumbnail","7":"category-marseille","8":"tag-actu","9":"tag-actualites","10":"tag-bouches-du-rhone","11":"tag-eu","12":"tag-europe","13":"tag-fr","14":"tag-france","15":"tag-marseille","16":"tag-news","17":"tag-paca","18":"tag-previsions-meteo","19":"tag-provence-alpes-cote-dazur","20":"tag-republique-francaise"},"share_on_mastodon":{"url":"https:\/\/pubeurope.com\/@fr\/115239313889823059","error":""},"_links":{"self":[{"href":"https:\/\/www.europesays.com\/fr\/wp-json\/wp\/v2\/posts\/405956","targetHints":{"allow":["GET"]}}],"collection":[{"href":"https:\/\/www.europesays.com\/fr\/wp-json\/wp\/v2\/posts"}],"about":[{"href":"https:\/\/www.europesays.com\/fr\/wp-json\/wp\/v2\/types\/post"}],"author":[{"embeddable":true,"href":"https:\/\/www.europesays.com\/fr\/wp-json\/wp\/v2\/users\/2"}],"replies":[{"embeddable":true,"href":"https:\/\/www.europesays.com\/fr\/wp-json\/wp\/v2\/comments?post=405956"}],"version-history":[{"count":0,"href":"https:\/\/www.europesays.com\/fr\/wp-json\/wp\/v2\/posts\/405956\/revisions"}],"wp:featuredmedia":[{"embeddable":true,"href":"https:\/\/www.europesays.com\/fr\/wp-json\/wp\/v2\/media\/405957"}],"wp:attachment":[{"href":"https:\/\/www.europesays.com\/fr\/wp-json\/wp\/v2\/media?parent=405956"}],"wp:term":[{"taxonomy":"category","embeddable":true,"href":"https:\/\/www.europesays.com\/fr\/wp-json\/wp\/v2\/categories?post=405956"},{"taxonomy":"post_tag","embeddable":true,"href":"https:\/\/www.europesays.com\/fr\/wp-json\/wp\/v2\/tags?post=405956"}],"curies":[{"name":"wp","href":"https:\/\/api.w.org\/{rel}","templated":true}]}}