{"id":405978,"date":"2025-09-21T00:04:22","date_gmt":"2025-09-21T00:04:22","guid":{"rendered":"https:\/\/www.europesays.com\/fr\/405978\/"},"modified":"2025-09-21T00:04:22","modified_gmt":"2025-09-21T00:04:22","slug":"avec-lexercice-caraibes-souveraines-le-venezuela-montre-ses-muscles-face-aux-etats-unis","status":"publish","type":"post","link":"https:\/\/www.europesays.com\/fr\/405978\/","title":{"rendered":"Avec l\u2019exercice \u201cCara\u00efbes souveraines\u201d, le Venezuela montre ses muscles face aux \u00c9tats-Unis"},"content":{"rendered":"\n<p>Jusqu\u2019\u00e0 pr\u00e9sent, le Venezuela avait plut\u00f4t fait profil bas face au d\u00e9ploiement de l\u2019armada am\u00e9ricaine dans les Cara\u00efbes, sous couvert d\u2019une mission de lutte contre le narcotrafic. Mais cette semaine, le gouvernement de Nicol\u00e1s Maduro a d\u00e9cid\u00e9 de montrer ses muscles en mobilisant 12\u00a0navires et 22\u00a0a\u00e9ronefs dans ses eaux territoriales, ainsi que 2\u00a0500\u00a0soldats qui ont d\u00e9barqu\u00e9 sur l\u2019\u00eele de La Orchila (au nord du pays), <a class=\"ithalc\" data-ithal=\"lien_externe\" data-ithalc=\"[nav_article]\" target=\"_blank\" href=\"https:\/\/efectococuyo.com\/politica\/ministro-de-la-defensa-y-comandantes-de-la-fanb-dan-inicio-a-maniobra-de-campana-caribe-soberano-200\/\" rel=\"noopener\">indique le m\u00e9dia v\u00e9n\u00e9zu\u00e9lien <strong>Efecto Cocuyo<\/strong><\/a><strong>.<\/strong><\/p>\n<p>Une man\u0153uvre qui sonne comme une r\u00e9ponse aux frappes am\u00e9ricaines contre au moins trois hors-bord en provenance du Venezuela, transportant pr\u00e9tendument de la drogue et coul\u00e9s en pleine mer, avec un bilan de 17\u00a0morts. Vendredi 19\u00a0septembre, <a class=\"ithalc\" data-ithal=\"lien_externe\" data-ithalc=\"[nav_article]\" target=\"_blank\" href=\"https:\/\/www.miamiherald.com\/news\/nation-world\/world\/americas\/venezuela\/article312184848.html\" rel=\"noopener\">rapporte <strong>The Miami Herald<\/strong><\/a><strong>,<\/strong> le pr\u00e9sident am\u00e9ricain Donald Trump a de plus publi\u00e9, sur sa plateforme Truth Social, une nouvelle vid\u00e9o montrant ce qu\u2019il a pr\u00e9sent\u00e9 comme une\u00a0frappe qui a, selon lui, tu\u00e9 trois \u201cnarcoterroristes\u201d sur un bateau transportant de la drogue \u00e0 destination des \u00c9tats-Unis. Sans pr\u00e9ciser s\u2019il venait du Venezuela.<\/p>\n<p>Dans la r\u00e9gion, des ONG et certains gouvernements consid\u00e8rent ces actions comme des \u201cassassinats\u201d sans autre forme de proc\u00e8s. Le ministre v\u00e9n\u00e9zu\u00e9lien de la D\u00e9fense, Vladimir Padrino, parle, lui, de \u201cguerre non d\u00e9clar\u00e9e\u201d, <a class=\"ithalc\" data-ithal=\"lien_externe\" data-ithalc=\"[nav_article]\" target=\"_blank\" href=\"https:\/\/cnnespanol.cnn.com\/2025\/09\/19\/venezuela\/eeuu-libra-guerra-no-declarada-venezuela-vladimir-padrino-trax\" rel=\"noopener\">rel\u00e8ve <strong>CNN<\/strong><\/a><strong>.<\/strong> Caracas a ainsi d\u00e9cid\u00e9 de r\u00e9agir et conduit, du 17\u00a0au 19\u00a0septembre sur l\u2019\u00eele de La Orchila, des exercices militaires baptis\u00e9s \u201cCara\u00efbes souveraines\u00a0200\u201d. \u00c0 grand renfort de propagande comme le montre cette vid\u00e9o.<\/p>\n<p>      <img loading=\"lazy\" decoding=\"async\" src=\"https:\/\/www.europesays.com\/fr\/wp-content\/uploads\/2025\/09\/1758413062_956_sddefault.jpg\" alt=\"Maniobras de Campa\u00f1a \u201cCaribe Soberano 200\u201d. \" width=\"640\" height=\"360\"\/><\/p>\n<p>      Un rapport de force in\u00e9gal       <\/p>\n<p>De leur c\u00f4t\u00e9, les \u00c9tats-Unis ont commenc\u00e9 \u00e0 d\u00e9ployer dix avions de chasse F-35 \u00e0 Porto Rico afin de pr\u00eater main-forte aux huit navires et au sous-marin nucl\u00e9aire am\u00e9ricain qui patrouillent d\u00e9j\u00e0 la r\u00e9gion. Pour autant, l\u2019envoy\u00e9 sp\u00e9cial de Trump pour le Venezuela, Richard Grenell, continue de croire que \u201cla guerre peut \u00eatre \u00e9vit\u00e9e\u201d, <a class=\"ithalc\" data-ithal=\"lien_externe\" data-ithalc=\"[nav_article]\" target=\"_blank\" href=\"https:\/\/cnnespanol.cnn.com\/2025\/09\/16\/eeuu\/acuerdo-evitar-guerra-grenell-venezuela-orix\" rel=\"noopener\">note CNN<\/a>.<\/p>\n<p>Malgr\u00e9 les bravades du Venezuela, le rapport de force entre les deux pays reste profond\u00e9ment in\u00e9gal, <a class=\"ithalc\" data-ithal=\"lien_externe\" data-ithalc=\"[nav_article]\" target=\"_blank\" href=\"https:\/\/elcomercio.pe\/mundo\/venezuela\/venezuela-vs-estados-unidos-como-la-llegada-de-los-aviones-caza-f-35-a-puerto-rico-y-la-toma-por-asalto-de-un-pesquero-escalan-la-tension-entre-eeuu-y-venezuela-nicolas-maduro-donald-trump-milicia-bolivariana-noticia\/\" rel=\"noopener\">analyse le journal p\u00e9ruvien <strong>El Comercio<\/strong><\/a><strong>. <\/strong>Les avions de chasse F-16 dont dispose Caracas (achet\u00e9s aux \u00c9tats-Unis en\u00a01983) sont vieux.<\/p>\n<blockquote><p>\u201cDans un sc\u00e9nario hypoth\u00e9tique de confrontation, les F-35 am\u00e9ricains auraient un avantage \u00e9crasant sur les F-16 v\u00e9n\u00e9zu\u00e9liens.\u201d<\/p><\/blockquote>\n<p>Plus globalement, l\u2019arm\u00e9e v\u00e9n\u00e9zu\u00e9lienne est min\u00e9e, comme le pays, par des ann\u00e9es de crise \u00e9conomique. Le pouvoir s\u2019\u00e9chine malgr\u00e9 tout \u00e0 faire bonne figure. L\u2019Assembl\u00e9e nationale a ainsi adopt\u00e9 un trait\u00e9 d\u2019association strat\u00e9gique avec la Russie, avec qui Caracas a d\u00e9j\u00e0 nou\u00e9 d\u2019importants accords militaires par le pass\u00e9, <a class=\"ithalc\" data-ithal=\"lien_externe\" data-ithalc=\"[nav_article]\" target=\"_blank\" href=\"https:\/\/elpais.com\/america\/2025-09-18\/venezuela-amplia-sus-lazos-con-rusia-en-plena-escalada-de-la-tension-con-estados-unidos.html\" rel=\"noopener\">\u00e9crit <strong>El Pa\u00eds Am\u00e9rica<\/strong><\/a><strong>.<\/strong> Le gouvernement arme aussi les civils qui se sont port\u00e9s volontaires lors des journ\u00e9es de mobilisation de ces derni\u00e8res semaines. Le pr\u00e9sident Nicol\u00e1s Maduro parle de millions de miliciens quand les chiffres g\u00e9n\u00e9ralement avanc\u00e9s pour cette milice tournent autour de 20\u00a0000\u00a0hommes.<\/p>\n","protected":false},"excerpt":{"rendered":"Jusqu\u2019\u00e0 pr\u00e9sent, le Venezuela avait plut\u00f4t fait profil bas face au d\u00e9ploiement de l\u2019armada am\u00e9ricaine dans les Cara\u00efbes,&hellip;\n","protected":false},"author":2,"featured_media":405979,"comment_status":"","ping_status":"","sticky":false,"template":"","format":"standard","meta":{"footnotes":""},"categories":[1589],"tags":[11,3822,75,73,1866,1892,17662,12,52230,887,770,1864,1865,1863,308,337],"class_list":{"0":"post-405978","1":"post","2":"type-post","3":"status-publish","4":"format-standard","5":"has-post-thumbnail","7":"category-etats-unis","8":"tag-actualites","9":"tag-amu00e9riques","10":"tag-donald-trump","11":"tag-etats-unis","12":"tag-etats-unis-damerique","13":"tag-gu00e9opolitique","14":"tag-mers-et-ocu00e9ans","15":"tag-news","16":"tag-nicolu00e1s-maduro","17":"tag-trafic-de-drogue","18":"tag-u00e9tats-unis","19":"tag-united-states","20":"tag-united-states-of-america","21":"tag-us","22":"tag-usa","23":"tag-venezuela"},"share_on_mastodon":{"url":"https:\/\/pubeurope.com\/@fr\/115239365241443141","error":""},"_links":{"self":[{"href":"https:\/\/www.europesays.com\/fr\/wp-json\/wp\/v2\/posts\/405978","targetHints":{"allow":["GET"]}}],"collection":[{"href":"https:\/\/www.europesays.com\/fr\/wp-json\/wp\/v2\/posts"}],"about":[{"href":"https:\/\/www.europesays.com\/fr\/wp-json\/wp\/v2\/types\/post"}],"author":[{"embeddable":true,"href":"https:\/\/www.europesays.com\/fr\/wp-json\/wp\/v2\/users\/2"}],"replies":[{"embeddable":true,"href":"https:\/\/www.europesays.com\/fr\/wp-json\/wp\/v2\/comments?post=405978"}],"version-history":[{"count":0,"href":"https:\/\/www.europesays.com\/fr\/wp-json\/wp\/v2\/posts\/405978\/revisions"}],"wp:featuredmedia":[{"embeddable":true,"href":"https:\/\/www.europesays.com\/fr\/wp-json\/wp\/v2\/media\/405979"}],"wp:attachment":[{"href":"https:\/\/www.europesays.com\/fr\/wp-json\/wp\/v2\/media?parent=405978"}],"wp:term":[{"taxonomy":"category","embeddable":true,"href":"https:\/\/www.europesays.com\/fr\/wp-json\/wp\/v2\/categories?post=405978"},{"taxonomy":"post_tag","embeddable":true,"href":"https:\/\/www.europesays.com\/fr\/wp-json\/wp\/v2\/tags?post=405978"}],"curies":[{"name":"wp","href":"https:\/\/api.w.org\/{rel}","templated":true}]}}