{"id":405980,"date":"2025-09-21T00:05:28","date_gmt":"2025-09-21T00:05:28","guid":{"rendered":"https:\/\/www.europesays.com\/fr\/405980\/"},"modified":"2025-09-21T00:05:28","modified_gmt":"2025-09-21T00:05:28","slug":"manifestations-dextreme-droite-expulsions-de-migrants-vers-la-france-que-se-passe-t-il-au-royaume-uni","status":"publish","type":"post","link":"https:\/\/www.europesays.com\/fr\/405980\/","title":{"rendered":"Manifestations d&rsquo;extr\u00eame droite, expulsions de migrants vers la France : que se passe-t-il au Royaume-Uni ?"},"content":{"rendered":"<p><strong>Deux expulsions par avion de personnes exil\u00e9es vers la France ont \u00e9t\u00e9 op\u00e9r\u00e9es depuis le Royaume-Uni ce 18 et 19 septembre 2025, quelques jours \u00e0 peine apr\u00e8s la manifestation massive d\u2019extr\u00eame droite dans les rues de Londres, le 13 septembre. Ces \u00e9v\u00e8nements font suite \u00e0 un \u00e9t\u00e9 rythm\u00e9 par des rassemblements hostiles organis\u00e9s devant les h\u00f4tels pour demandeurs d\u2019asile. Rapports de Force vous aide \u00e0 comprendre ce mouvement x\u00e9nophobe au Royaume-Uni et ses cons\u00e9quences. <\/strong><\/p>\n<p>Les images ont marqu\u00e9 par l\u2019ampleur de la foule r\u00e9unie. Samedi 13 septembre, entre 110 000 et 150 000 personnes ont d\u00e9fil\u00e9 dans les rues de Londres \u00e0 l\u2019appel du militant d\u2019extr\u00eame droite britannique <a href=\"https:\/\/fr.wikipedia.org\/wiki\/Tommy_Robinson\" target=\"_blank\" rel=\"noopener\">Tommy Robinson<\/a>. Parmi les mots d\u2019ordre de cette marche, pr\u00e9sent\u00e9e comme \u00ab pour la libert\u00e9 d\u2019expression \u00bb : le rejet de l\u2019immigration. Une manifestation \u00e0 laquelle a particip\u00e9 \u00c9ric Zemmour, et qui a \u00e9t\u00e9 salu\u00e9e par le milliardaire Elon Musk. Ce dernier a en effet encourag\u00e9 \u00e0 \u00ab dissoudre le Parlement et organiser de nouvelles \u00e9lections \u00bb dans une vid\u00e9o appelant aussi \u00e0 la violence face aux arriv\u00e9es de personnes migrantes : \u00ab que vous choisissiez ou non la violence, la violence viendra \u00e0 vous (\u2026). Soit vous ripostez, soit vous mourez \u00bb.\u00a0<\/p>\n<p>Cet \u00e9v\u00e8nement est en fait l\u2019apog\u00e9e d\u2019une s\u00e9rie de manifestations anti-migrants qui dure depuis le mois de juillet. Celles-ci se sont tenues r\u00e9guli\u00e8rement, au cours de l\u2019\u00e9t\u00e9, devant les h\u00f4tels sociaux h\u00e9bergeant des exil\u00e9s en attente de l\u2019examen de leur demande d\u2019asile. \u00c0 l\u2019origine de la marche : l\u2019influenceur islamophobe Tommy Robinson, plusieurs fois condamn\u00e9 pour troubles \u00e0 l\u2019ordre public et hooliganisme <a href=\"https:\/\/www.franceinfo.fr\/monde\/royaume-uni\/c-est-vraiment-un-mec-d-extreme-droite-qui-est-tommy-robinson-activiste-a-l-origine-d-une-marche-pour-la-liberte-d-expression-a-londres_7489885.html\" target=\"_blank\" rel=\"noreferrer noopener\">comme l\u2019a retrac\u00e9 France Info<\/a>. L\u2019homme est aussi soup\u00e7onn\u00e9 d\u2019avoir \u00e9t\u00e9 l\u2019un des instigateurs des manifestations anti-migrants qui avaient d\u00e9j\u00e0 eu lieu \u00e0 l\u2019\u00e9t\u00e9 2024, d\u2019une mani\u00e8re tout \u00e0 fait similaire, devant les h\u00f4tels pour demandeurs d\u2019asile. Cette ann\u00e9e, ces manifestations hostiles aux personnes migrantes ont pris davantage d\u2019ampleur. Comment l\u2019expliquer ?<\/p>\n<p>\u00ab La violence et l\u2019intimidation \u00e0 l\u2019ext\u00e9rieur des centres d\u2019h\u00e9bergement pour migrants sont un mouvement raciste d\u2019extr\u00eame-droite encourag\u00e9 par le pouvoir, manipulant des personnes l\u00e9gitimement en col\u00e8re face aux probl\u00e8mes socio-\u00e9conomiques \u00bb, estime Libby Kane, coordinatrice du CrossBorder Forum qui r\u00e9unit plusieurs collectifs et associations britanniques, belges et fran\u00e7aises autour de la fronti\u00e8re franco-britannique. <\/p>\n<p>Le contexte du pays est celui d\u2019une aggravation de la pr\u00e9carit\u00e9 ces derni\u00e8res ann\u00e9es. Aujourd\u2019hui, un Britannique sur cinq est en situation de pauvret\u00e9. La journaliste Juliette Dumas, <a href=\"https:\/\/www.rtbf.be\/article\/le-royaume-uni-mine-par-la-pauvrete-depuis-plusieurs-annees-on-normalise-le-fait-de-ne-pas-pouvoir-se-chauffer-11528421\" target=\"_blank\" rel=\"noreferrer noopener\">autrice de l\u2019ouvrage<\/a> Les affam\u00e9s du royaume\u00a0: la crise de la pauvret\u00e9 en Grande-Bretagne (paru chez Stock), \u00e9pingle \u00ab un discours politique qui normalise ou qui ne s\u2019alarme pas outre mesure \u00bb de cette situation socio-\u00e9conomique.<\/p>\n<p>C\u2019est actuellement le parti travailliste qui est au pouvoir depuis juillet 2024. D\u00e8s les premi\u00e8res semaines, le Premier ministre Keir Starmer a fait non pas de la lutte contre la pauvret\u00e9 mais bien de la lutte contre l\u2019immigration sa priorit\u00e9. \u00c0 l\u2019instar du gouvernement conservateur qui l\u2019a pr\u00e9c\u00e9d\u00e9. Une s\u00e9rie de mesures a \u00e9t\u00e9 port\u00e9e par le pouvoir, dont la derni\u00e8re en date est le tr\u00e8s controvers\u00e9 accord franco-britannique surnomm\u00e9 \u00ab\u00a0un dedans, un dehors\u00a0\u00bb ; ou \u00ab un pour un \u00bb. <\/p>\n<p>Accord \u00ab un pour un \u00bb : une politique \u00ab\u00a0marionnette\u00a0\u00bb de l\u2019extr\u00eame-droite<\/p>\n<p>Conclu entre les deux pays le 10 juillet, cet accord pr\u00e9voit le renvoi en France d\u2019un migrant arriv\u00e9 au Royaume-Uni par une travers\u00e9e en canot pneumatique de la Manche, en \u00e9change de quoi, Londres s\u2019engage \u00e0 accepter un migrant se trouvant en France mais exprimant sa volont\u00e9 de demander l\u2019asile sur le sol britannique. Une exp\u00e9rimentation pr\u00e9vue pour un an, sur laquelle les deux minist\u00e8res rechignent \u00e0 donner des d\u00e9tails logistiques. \u00ab Il s\u2019agit d\u2019une nouvelle tentative sinistre d\u2019un gouvernement qui s\u2019efforce d\u2019apaiser l\u2019extr\u00eame droite raciste, dont il devient de plus en plus la marionnette \u00bb, fustige Libby Kane.<\/p>\n<p>L\u2019accord \u00ab va \u00e0 l\u2019encontre de la convention de Gen\u00e8ve,\u00a0qui oblige les pays \u00e0 examiner la demande d\u2019asile des personnes arrivant sur un territoire, quel que soit le moyen d\u2019entr\u00e9e \u00bb, a rappel\u00e9 aupr\u00e8s de l\u2019Humanit\u00e9 Flore Judet, coordinatrice de l\u2019association calaisienne l\u2019Auberge des migrants. En outre,\u00a0\u00ab Keir Starmer veut nous faire croire qu\u2019il ouvre une voie l\u00e9gale, alors m\u00eame que le regroupement familial existe d\u00e9j\u00e0 au Royaume-Uni\u00a0\u00bb. <\/p>\n<p>Selon les autorit\u00e9s britanniques, un premier exil\u00e9 indien, ainsi qu\u2019un second \u00e9rythr\u00e9en, ont \u00e9t\u00e9 expuls\u00e9s ce jeudi 18 et vendredi 19 septembre. Selon le journal anglophone The Guardian, dans le cadre de cet accord, 92 personnes \u00e9taient d\u00e9tenues en d\u00e9but de semaine en attendant leur renvoi en France.<\/p>\n<p>AirFrance op\u00e9rateur des expulsions depuis le Royaume-Uni<\/p>\n<p>Le Royaume-Uni et la France tentent p\u00e9niblement d\u2019appliquer l\u2019accord, entr\u00e9 en vigueur d\u00e9but ao\u00fbt. Plus d\u2019un mois apr\u00e8s cette entr\u00e9e en vigueur, les premiers vols \u00e9taient initialement pr\u00e9vus ce lundi, mardi et mercredi. Mais \u00ab \u00e0 notre connaissance, personne n\u2019a \u00e9t\u00e9 expuls\u00e9 sur ces vols \u00bb, fait savoir Libby Kane, corroborant les informations parvenant au compte-gouttes \u00e0 la presse de la part des minist\u00e8res fran\u00e7ais et britanniques. <\/p>\n<p>Des contestations juridiques ont \u00e9t\u00e9 victorieuses, notamment l\u2019une concernant un jeune \u00c9rythr\u00e9en de 25\u00a0ans, dont le vol vers l\u2019Hexagone \u00e9tait pr\u00e9vu mercredi. La Haute Cour de Londres lui a accord\u00e9 une p\u00e9riode suppl\u00e9mentaire pour d\u00e9montrer aux autorit\u00e9s qu\u2019il avait bien \u00e9t\u00e9 victime de tortures et de trafic d\u2019\u00eatres humains \u2013 lui qui, du fait de son arrestation dans le cadre de l\u2019accord, n\u2019a m\u00eame pas vu sa demande d\u2019asile \u00eatre examin\u00e9e. \u00ab Le fait que le minist\u00e8re de l\u2019Int\u00e9rieur ait tent\u00e9 d\u2019expulser un tel profil illustre l\u2019ampleur de la d\u00e9pravation morale et de l\u2019inhumanit\u00e9 de ce plan \u00bb, souligne Libby Kane.<\/p>\n<p>Recevez notre newsletter par mail<\/p>\n<p>L\u2019op\u00e9rateur des vols programm\u00e9s jusqu\u2019ici ? La compagnie Air France. \u00ab Nous appelons Air France, et toutes les autres compagnies a\u00e9riennes potentiellement impliqu\u00e9es, \u00e0 ne pas se rendre complices de ce trafic d\u2019\u00eatres humains raciste \u00bb, d\u00e9nonce la militante britannique. Une campagne d\u2019envoi de mails et d\u2019interpellations sur les r\u00e9seaux sociaux a \u00e9t\u00e9 initi\u00e9e des deux c\u00f4t\u00e9s de la Manche. L\u2019action a r\u00e9uni des collectifs fran\u00e7ais et britanniques tels que Action Against Detention and Deportations, Solidarity Detainee Support et Gatwick Detainee Welfare Group. <\/p>\n<p>C\u00f4t\u00e9 britannique, l\u2019opposition \u00e0 ce plan se joue aussi de mani\u00e8re moins visible dans les centres de r\u00e9tention. Des groupes de b\u00e9n\u00e9voles y visitent les personnes d\u00e9tenues dans le cadre de l\u2019accord en collectant ainsi des contacts et informations utiles sur leurs profils et pour les contestations juridiques.<\/p>\n<p>Une s\u00e9rie d\u2019annonces sans effet sur les arriv\u00e9es au Royaume-Uni<\/p>\n<p>Ce type d\u2019accord a pour but affich\u00e9 de dissuader les travers\u00e9es de la Manche. Un objectif tout \u00e0 fait similaire au \u00ab\u00a0plan Rwanda\u00a0\u00bb que le gouvernement conservateur pr\u00e9c\u00e9dent avait tent\u00e9 \u2013 sans succ\u00e8s jusqu\u2019\u00e0 aujourd\u2019hui \u2013 de mettre en oeuvre. Pour rappel, cet accord consistait \u00e0 renvoyer les exil\u00e9s arriv\u00e9s sur le sol britannique par bateau vers ce pays d\u2019Afrique de l\u2019Est, charg\u00e9 d\u2019y trier les profils ayant droit ou non \u00e0 l\u2019asile, le tout contre contrepartie financi\u00e8re. Malgr\u00e9 une s\u00e9rie de revers juridiques, l\u2019ex Premier ministre Rishi Shunak avait tenu \u00e0 mettre ce plan au coeur de sa doctrine \u00ab\u00a0Stop the boats\u00a0\u00bb (\u00ab\u00a0stoppez les bateaux\u00a0\u00bb).<\/p>\n<p>Ces deux derni\u00e8res ann\u00e9es, malgr\u00e9 ces annonces de mesures r\u00e9pressives plus ou moins applicables de la part des gouvernements, conservateur puis travailliste, les travers\u00e9es de la Manche sont loin de faiblir. Plus de 31 000 personnes sont arriv\u00e9es sur les c\u00f4tes britanniques depuis d\u00e9but janvier 2025 selon les chiffres du Home Office (l\u2019\u00e9quivalent britannique du minist\u00e8re de l\u2019Int\u00e9rieur). C\u2019est un chiffre record \u00e0 ce stade de l\u2019ann\u00e9e.<\/p>\n<p>Les raisons sont multiples : d\u2019abord les liens familiaux et linguistiques pour de nombreuses communaut\u00e9s du fait de l\u2019histoire coloniale britannique ; mais aussi le nouveau syst\u00e8me migratoire appliqu\u00e9 au Royaume-Uni depuis le Brexit, faisant du pays une porte de sortie cl\u00e9 pour des milliers d\u2019exil\u00e9s en errance administrative en Europe. <\/p>\n<p><strong>Faisons face ensemble !<\/strong><\/p>\n<p>Si les 5000 personnes qui nous lisent chaque semaine (400 000\/an) faisaient un don ne serait-ce que de 1\u20ac, 2\u20ac ou 3\u20ac\/mois (0,34\u20ac, 0,68\u20ac ou 1,02\u20ac apr\u00e8s d\u00e9duction d\u2019imp\u00f4ts), la r\u00e9daction de Rapports de force pourrait compter 4 journalistes \u00e0 temps complets (au lieu de trois \u00e0 tiers temps) pour fabriquer le journal. Et ainsi faire beaucoup plus et bien mieux.<\/p>\n<p><strong><a href=\"https:\/\/rapportsdeforce.fr\/je-soutiens\" target=\"_blank\" rel=\"noreferrer noopener\">Renforcez Rapports de force\u00a0! Engagez-vous \u00e0 nos c\u00f4t\u00e9s\u00a0!<\/a><\/strong><\/p>\n","protected":false},"excerpt":{"rendered":"Deux expulsions par avion de personnes exil\u00e9es vers la France ont \u00e9t\u00e9 op\u00e9r\u00e9es depuis le Royaume-Uni ce 18&hellip;\n","protected":false},"author":2,"featured_media":405981,"comment_status":"","ping_status":"","sticky":false,"template":"","format":"standard","meta":{"footnotes":""},"categories":[1588],"tags":[11,14711,1777,674,1061,4534,1251,12,473,1853,1851,1850,1852],"class_list":{"0":"post-405980","1":"post","2":"type-post","3":"status-publish","4":"format-standard","5":"has-post-thumbnail","7":"category-royaume-uni","8":"tag-actualites","9":"tag-antiracisme","10":"tag-eu","11":"tag-europe","12":"tag-immigration","13":"tag-londres","14":"tag-migrants","15":"tag-news","16":"tag-royaume-uni","17":"tag-royaume-uni-de-grande-bretagne-et-dirlande-du-nord","18":"tag-uk","19":"tag-united-kingdom","20":"tag-united-kingdom-of-great-britain-and-northern-ireland"},"share_on_mastodon":{"url":"https:\/\/pubeurope.com\/@fr\/115239369280353515","error":""},"_links":{"self":[{"href":"https:\/\/www.europesays.com\/fr\/wp-json\/wp\/v2\/posts\/405980","targetHints":{"allow":["GET"]}}],"collection":[{"href":"https:\/\/www.europesays.com\/fr\/wp-json\/wp\/v2\/posts"}],"about":[{"href":"https:\/\/www.europesays.com\/fr\/wp-json\/wp\/v2\/types\/post"}],"author":[{"embeddable":true,"href":"https:\/\/www.europesays.com\/fr\/wp-json\/wp\/v2\/users\/2"}],"replies":[{"embeddable":true,"href":"https:\/\/www.europesays.com\/fr\/wp-json\/wp\/v2\/comments?post=405980"}],"version-history":[{"count":0,"href":"https:\/\/www.europesays.com\/fr\/wp-json\/wp\/v2\/posts\/405980\/revisions"}],"wp:featuredmedia":[{"embeddable":true,"href":"https:\/\/www.europesays.com\/fr\/wp-json\/wp\/v2\/media\/405981"}],"wp:attachment":[{"href":"https:\/\/www.europesays.com\/fr\/wp-json\/wp\/v2\/media?parent=405980"}],"wp:term":[{"taxonomy":"category","embeddable":true,"href":"https:\/\/www.europesays.com\/fr\/wp-json\/wp\/v2\/categories?post=405980"},{"taxonomy":"post_tag","embeddable":true,"href":"https:\/\/www.europesays.com\/fr\/wp-json\/wp\/v2\/tags?post=405980"}],"curies":[{"name":"wp","href":"https:\/\/api.w.org\/{rel}","templated":true}]}}