{"id":405998,"date":"2025-09-21T00:18:17","date_gmt":"2025-09-21T00:18:17","guid":{"rendered":"https:\/\/www.europesays.com\/fr\/405998\/"},"modified":"2025-09-21T00:18:17","modified_gmt":"2025-09-21T00:18:17","slug":"leclerc-a-un-regret-apres-son-crash-en-qualifications","status":"publish","type":"post","link":"https:\/\/www.europesays.com\/fr\/405998\/","title":{"rendered":"Leclerc a un regret apr\u00e8s son crash en qualifications"},"content":{"rendered":"<p>La s\u00e9rie de quatre pole positions cons\u00e9cutives de <a href=\"https:\/\/fr.motorsport.com\/driver\/charles-leclerc\/109632\/\" target=\"_blank\" rel=\"noopener\">Charles Leclerc<\/a> au Grand Prix d&rsquo;Azerba\u00efdjan a connu une fin abrupte ce samedi\u00a0 avec un gros accident lors de la Q3, quand il a encastr\u00e9 sa <a href=\"https:\/\/fr.motorsport.com\/team\/ferrari\/615\/\" target=\"_blank\" rel=\"noopener\">Ferrari<\/a> dans le Tecpro du virage 15 de sa premi\u00e8re tentative lanc\u00e9e. L&rsquo;aboutissement amer d&rsquo;une s\u00e9ance qui avait de toute fa\u00e7on pris un tournant laborieux d\u00e8s la Q2 pour la Scuderia, et d&rsquo;un week-end o\u00f9 le Mon\u00e9gasque s&rsquo;est globalement senti moins \u00e0 son aise que d&rsquo;habitude sur le trac\u00e9 urbain.<\/p>\n<p>\u00ab\u00a0Tr\u00e8s honn\u00eatement, on \u00e9tait vraiment nulle part&#8230;\u00a0\u00bb, a-t-il lanc\u00e9 au micro de Canal+ en \u00e9voquant la pr\u00e9paration de la s\u00e9ance de qualifications. \u00ab\u00a0Pendant tout le week-end, de mon c\u00f4t\u00e9, j&rsquo;ai eu beaucoup, beaucoup de mal. On avait de la perfo, mais c&rsquo;\u00e9tait tr\u00e8s compliqu\u00e9 pour moi de mettre les choses dans l&rsquo;ordre. Et en qualifs, j&rsquo;ai fait un gros, gros changement sur la voiture qui allait dans la bonne direction. Mais par contre, j&rsquo;avais \u00e9norm\u00e9ment de mal \u00e0 mettre les pneus dans la bonne fen\u00eatre pour le premier tour, et surtout les mediums.\u00a0\u00bb<\/p>\n<p>Lire aussi :<\/p>\n<p>Leclerc n&rsquo;insiste d&rsquo;ailleurs pas vraiment sur la pluie, qui avait commenc\u00e9 \u00e0 tomber de fa\u00e7on plus marqu\u00e9e au moment de son accident, comme une possible explication \u00e0 son erreur\u00a0: \u00ab\u00a0Les conditions \u00e9taient compliqu\u00e9es, oui, mais honn\u00eatement, il n&rsquo;y avait pas une \u00e9norme diff\u00e9rence entre le premier train de mediums que j&rsquo;avais mis en Q2 [et le tour de Q3] &#8211; j&rsquo;\u00e9tais sur de la glace lors des premiers tours avec ce compos\u00e9-l\u00e0.\u00a0\u00bb <\/p>\n<p>\u00ab\u00a0Donc je ne pense pas que c&rsquo;\u00e9tait les conditions.\u00a0Je pense que c&rsquo;est plus la mani\u00e8re dont on mettait les pneus dans la bonne fen\u00eatre, ce que <a href=\"https:\/\/fr.motorsport.com\/team\/williams\/613\/\" target=\"_blank\" rel=\"noopener\">Williams<\/a> a tr\u00e8s bien fait avec Carlos [Sainz, qui s&rsquo;\u00e9lancera second sur la grille] sur leur premier tour en Q3. Moi, je n&rsquo;ai pas r\u00e9ussi aujourd&rsquo;hui et en plus de \u00e7a je fais une erreur. Week-end, maintenant, [o\u00f9 il] sera difficile de retourner la situation.\u00a0\u00bb<\/p>\n<p>Le regret des mediums<br \/>\n   <img decoding=\"async\" draggable=\"false\" src=\"https:\/\/www.europesays.com\/fr\/wp-content\/uploads\/2025\/09\/charles-leclerc-ferrari.jpg\" alt=\"Charles Leclerc apr\u00e8s son accident des qualifications.\" width=\"1200\" height=\"800\" loading=\"lazy\"\/> <\/p>\n<p class=\"title\">Charles Leclerc apr\u00e8s son accident des qualifications.<\/p>\n<p class=\"photographer\">Photo de: Joe Portlock \/ LAT Images via Getty Images<\/p>\n<p>Pour Sky Sports, en r\u00e9f\u00e9rence aux performances affich\u00e9es vendredi par son \u00e9quipier <a href=\"https:\/\/fr.motorsport.com\/driver\/lewis-hamilton\/76878\/\" target=\"_blank\" rel=\"noopener\">Lewis Hamilton<\/a>, pourtant \u00e9limin\u00e9 d\u00e8s la Q1, il a ajout\u00e9 : \u00ab\u00a0Je pense que Lewis \u00e9tait beaucoup plus rapide d\u00e8s le d\u00e9part et plus r\u00e9gulier que moi pendant le week-end. J&rsquo;ai eu beaucoup de mal, alors que d&rsquo;habitude, \u00e0 Bakou, tout se passe naturellement, mais cette ann\u00e9e, malheureusement, \u00e7a n&rsquo;a pas \u00e9t\u00e9 le cas.\u00a0\u00bb <\/p>\n<p>\u00ab\u00a0Je pense avoir compris pourquoi, et lors des qualifications, j&rsquo;ai beaucoup modifi\u00e9 la voiture pour essayer de changer les sensations, et celles-ci s&rsquo;am\u00e9lioraient jusqu&rsquo;\u00e0 ce que nous mettions les pneus mediums. [&#8230;] Ca a \u00e9t\u00e9 tr\u00e8s, tr\u00e8s difficile d\u00e8s que nous avons mis les pneus mediums. Pour je ne sais quelle raison, hier, ils semblaient \u00eatre les meilleurs pneus pour notre voiture, mais aujourd&rsquo;hui, nous n&rsquo;avons jamais r\u00e9ussi \u00e0 trouver la bonne fen\u00eatre pour ces pneus, ce qui a rendu les choses tr\u00e8s difficiles.\u00a0\u00bb<\/p>\n<blockquote>\n<p>Nous manquions tout simplement de rythme sur les pneus mediums. J&rsquo;avais probablement sept ou huit dixi\u00e8mes de retard avant l&rsquo;erreur et j&rsquo;attaquais comme un fou.<\/p>\n<\/blockquote>\n<p>Par la suite interrog\u00e9 par les m\u00e9dias internationaux, dont <strong>Motorsport.com<\/strong>, il a lanc\u00e9 : \u00ab\u00a0Je pense que nous manquions tout simplement de rythme sur les pneus mediums. J&rsquo;avais probablement sept ou huit dixi\u00e8mes de retard avant l&rsquo;erreur et j&rsquo;attaquais comme un fou. Donc oui, quelque chose n&rsquo;allait pas et nous allons examiner cela. Mais c&rsquo;\u00e9tait difficile.\u00a0\u00bb<\/p>\n<p>\u00ab\u00a0J&rsquo;avais en quelque sorte le m\u00eame point de vue que Lewis\u00a0\u00bb, a-t-il pr\u00e9cis\u00e9 sur la question du choix des mediums. \u00ab\u00a0Je pensais avoir un avantage en abordant les qualifications avec les mediums, puis je les ai mis et j&rsquo;ai en quelque sorte regrett\u00e9 d&rsquo;avoir pens\u00e9 \u00e7a, car c&rsquo;\u00e9tait extr\u00eamement d\u00e9licat.\u00a0\u00bb<\/p>\n<p>Leclerc s&rsquo;\u00e9lancera depuis la dixi\u00e8me place sur la grille ce dimanche, une position pas forc\u00e9ment r\u00e9dhibitoire sur un trac\u00e9 o\u00f9 les courses peuvent vite prendre une tournure impr\u00e9visible. \u00ab\u00a0Oui, je sais bien s\u00fbr que nous pouvons encore conna\u00eetre une excellente course, quelle que soit notre position de d\u00e9part. Mon objectif sera d&rsquo;aller de l&rsquo;avant et de faire une tr\u00e8s bonne course. En g\u00e9n\u00e9ral, ici, nous avons eu de tr\u00e8s bons samedis et de tr\u00e8s mauvais dimanches, j&rsquo;esp\u00e8re inverser la tendance ce week-end.\u00a0\u00bb<\/p>\n<p style=\"text-align: right;\">Avec Haydn Cobb et Owen Bellwood<\/p>\n<p>Lire aussi :<\/p>\n","protected":false},"excerpt":{"rendered":"La s\u00e9rie de quatre pole positions cons\u00e9cutives de Charles Leclerc au Grand Prix d&rsquo;Azerba\u00efdjan a connu une fin&hellip;\n","protected":false},"author":2,"featured_media":405999,"comment_status":"","ping_status":"","sticky":false,"template":"","format":"standard","meta":{"footnotes":""},"categories":[1412],"tags":[52446,2240,1451,2251,1452,1453,1454,1455,1011,27,52445,53720,60],"class_list":{"0":"post-405998","1":"post","2":"type-post","3":"status-publish","4":"format-standard","5":"has-post-thumbnail","7":"category-f1","8":"tag-baku-city-circuit","9":"tag-charles-leclerc","10":"tag-f1","11":"tag-ferrari","12":"tag-formula-1","13":"tag-formula1","14":"tag-formule-1","15":"tag-formule1","16":"tag-fr","17":"tag-france","18":"tag-gp-dazerbau00efdjan","19":"tag-leclerc-a-un-regret-apru00e8s-son-crash-en-qualifications","20":"tag-sports"},"share_on_mastodon":{"url":"https:\/\/pubeurope.com\/@fr\/115239420542530940","error":""},"_links":{"self":[{"href":"https:\/\/www.europesays.com\/fr\/wp-json\/wp\/v2\/posts\/405998","targetHints":{"allow":["GET"]}}],"collection":[{"href":"https:\/\/www.europesays.com\/fr\/wp-json\/wp\/v2\/posts"}],"about":[{"href":"https:\/\/www.europesays.com\/fr\/wp-json\/wp\/v2\/types\/post"}],"author":[{"embeddable":true,"href":"https:\/\/www.europesays.com\/fr\/wp-json\/wp\/v2\/users\/2"}],"replies":[{"embeddable":true,"href":"https:\/\/www.europesays.com\/fr\/wp-json\/wp\/v2\/comments?post=405998"}],"version-history":[{"count":0,"href":"https:\/\/www.europesays.com\/fr\/wp-json\/wp\/v2\/posts\/405998\/revisions"}],"wp:featuredmedia":[{"embeddable":true,"href":"https:\/\/www.europesays.com\/fr\/wp-json\/wp\/v2\/media\/405999"}],"wp:attachment":[{"href":"https:\/\/www.europesays.com\/fr\/wp-json\/wp\/v2\/media?parent=405998"}],"wp:term":[{"taxonomy":"category","embeddable":true,"href":"https:\/\/www.europesays.com\/fr\/wp-json\/wp\/v2\/categories?post=405998"},{"taxonomy":"post_tag","embeddable":true,"href":"https:\/\/www.europesays.com\/fr\/wp-json\/wp\/v2\/tags?post=405998"}],"curies":[{"name":"wp","href":"https:\/\/api.w.org\/{rel}","templated":true}]}}