{"id":406020,"date":"2025-09-21T00:29:15","date_gmt":"2025-09-21T00:29:15","guid":{"rendered":"https:\/\/www.europesays.com\/fr\/406020\/"},"modified":"2025-09-21T00:29:15","modified_gmt":"2025-09-21T00:29:15","slug":"cest-la-seule-p-on-sait-ce-que-melania-trump-pense-vraiment-de-kate-middleton-et-ca-tient-en-cinq-mots","status":"publish","type":"post","link":"https:\/\/www.europesays.com\/fr\/406020\/","title":{"rendered":"\u201cC\u2019est la seule p\u2026\u201d: on sait ce que Melania Trump pense vraiment de Kate Middleton et \u00e7a tient en cinq mots"},"content":{"rendered":"<p class=\"p1\">La famille royale britannique a chaleureusement<br \/>\naccueilli <strong>Donald et Melania Trump<\/strong>. En effet, du 16<br \/>\nau 18 septembre, le pr\u00e9sident am\u00e9ricain et sa femme se sont rendus<br \/>\nau Royaume-Uni. Lors de cette <a href=\"https:\/\/www.closermag.fr\/royautes\/kate-middleton-divine-donald-trump-fait-la-moue-melania-pleine-daudace-ces-10-photos-a-ne-pas-rater-du-diner-detat-a-windsor-3580544\" target=\"_blank\" rel=\"noopener\"><br \/>\nvisite d\u2019\u00c9tat<\/a>, ils ont notamment rencontr\u00e9 le roi Charles III,<br \/>\nla reine Camilla, le prince William et Kate Middleton.<\/p>\n<p class=\"p1\">Pour son dernier jour au Royaume-Uni, Melania Trump a<br \/>\n<strong>retrouv\u00e9 Kate Middleton<\/strong>. Les deux femmes se sont<br \/>\ndonn\u00e9es rendez-vous \u00e0 Frogmore House, pr\u00e8s du ch\u00e2teau de Windsor,<br \/>\nafin de <a href=\"https:\/\/www.closermag.fr\/royautes\/kate-middleton-et-melania-trump-assorties-meches-blondes-et-camaieu-brun-beige-elles-rivalisent-delegance-pour-leur-sortie-en-duo-3580699\" target=\"_blank\" rel=\"noopener\"><br \/>\nrencontrer les \u00e9cureuils<\/a>, les plus jeunes <strong>groupes de<br \/>\nscouts<\/strong>, dont la princesse de Galles est la marraine.<\/p>\n<p><img loading=\"lazy\" decoding=\"async\" aria-describedby=\"caption-attachment-3581237\" itemprop=\"thumbnailUrl\" class=\"size-full wp-image-3581237 img-responsive\" src=\"https:\/\/www.europesays.com\/fr\/wp-content\/uploads\/2025\/09\/melania-trump-et-kate-middleton.jpg\" alt=\"Kate Middleton et Melania Trump rencontrent les membres du programme \u00c9cureuils des Scouts dans les jardins du domaine de Frogmore \u00e0 Windsor.\" width=\"1300\" height=\"1649\"\/> \u00a9 PA Photo \/ Bestimage<\/p>\n<p id=\"caption-attachment-3581237\" class=\"wp-caption-text\">Kate<br \/>\nMiddleton et Melania Trump rencontrent les membres du programme<br \/>\n\u00c9cureuils des Scouts dans les jardins du domaine de Frogmore \u00e0<br \/>\nWindsor.<\/p>\n<p>Melania Trump d\u00e9voile son respect pour Kate<br \/>\nMiddleton<\/p>\n<p class=\"p1\">Au cours de l\u2019apr\u00e8s-midi, Kate Middleton et Melania<br \/>\nTrump ont <strong>multipli\u00e9 les activit\u00e9s<\/strong> et \u00e9chang\u00e9 avec<br \/>\nles scouts. L\u2019un d\u2019eux a m\u00eame interrog\u00e9 la femme de Donald Trump<br \/>\nsur <strong>sa fonction<\/strong>. Comme le rapporte le <a href=\"https:\/\/www.mirror.co.uk\/news\/royals\/melania-trumps-five-word-comment-35936295\" target=\"_blank\" rel=\"nofollow noopener\">Daily Mirror<\/a>,<br \/>\nil lui a demand\u00e9 si elle allait \u00eatre \u201cla prochaine<br \/>\nprincesse\u201d.<\/p>\n<p class=\"p1\">Peu d\u00e9stabilis\u00e9e par cette question, <a href=\"https:\/\/www.closermag.fr\/politique\/donald-et-melania-trump-au-royaume-uni-ce-moment-tendu-repere-entre-kate-middleton-et-la-premiere-dame-americaine-3580563\" target=\"_blank\" rel=\"noopener\"><br \/>\nMelania Trump<\/a> a imm\u00e9diatement su trouver <strong>une r\u00e9ponse<br \/>\nappropri\u00e9e<\/strong>. Elle a alors souri et d\u00e9sign\u00e9 la femme du<br \/>\nprince William. \u201cC\u2019est la seule princesse ici\u201d, a-t-elle<br \/>\nexpliqu\u00e9. Une phrase qui en dit long sur <strong>le<br \/>\nrespect<\/strong> qu\u2019elle porte \u00e0 la future reine.<\/p>\n<p>La Premi\u00e8re dame montre son audace \u00e0<br \/>\nla princesse de Galles<\/p>\n<p class=\"p1\">Kate Middleton et Melania Trump ont sembl\u00e9 tr\u00e8s<br \/>\ncomplices lors de leur sortie. Et si la princesse de Galles a fait<br \/>\nbeaucoup de gestes avec les mains, son invit\u00e9e a <strong>dirig\u00e9 la<br \/>\nconversation<\/strong>. En effet, l\u2019expert en langage corporel Bruce<br \/>\nDurham a r\u00e9v\u00e9l\u00e9 au Daily Mirror que les <strong>mouvements<br \/>\nfig\u00e9s<\/strong> de la Premi\u00e8re dame ont <a href=\"https:\/\/www.closermag.fr\/royautes\/kate-middleton-ce-geste-discret-qui-en-dit-long-sur-ce-quelle-pense-vraiment-de-melania-trump-3580940\" target=\"_blank\" rel=\"noopener\"><br \/>\nd\u00e9voil\u00e9 son audace<\/a>. \u201cElle d\u00e9gage une position de pouvoir,<br \/>\nsans peur ni \u00e9motion n\u00e9gative\u201d, a-t-il expliqu\u00e9.<\/p>\n<p class=\"p1\">De son c\u00f4t\u00e9, <a href=\"https:\/\/www.closermag.fr\/royautes\/kate-middleton-confrontee-a-une-epreuve-redoutable-quelle-le-veuille-ou-non-elle-ne-peut-y-echapper-apres-la-visite-des-trump-3581176\" target=\"_blank\" rel=\"noopener\"><br \/>\nKate Middleton<\/a> a pr\u00e9f\u00e9r\u00e9 adopter une attitude<br \/>\n\u201creconnaissante\u201d envers la m\u00e8re de Barron Trump. \u201cElle<br \/>\nse d\u00e9f\u00e8re de son autorit\u00e9, de ses responsabilit\u00e9s, de sa r\u00e9v\u00e9rence,<br \/>\nenvers la dame plus \u00e2g\u00e9e\u201d, a conclu l\u2019expert. Une rencontre<br \/>\ninattendue qui a r\u00e9v\u00e9l\u00e9 une complicit\u00e9 et un respect mutuel entre<br \/>\nles deux femmes.<\/p>\n","protected":false},"excerpt":{"rendered":"La famille royale britannique a chaleureusement accueilli Donald et Melania Trump. En effet, du 16 au 18 septembre,&hellip;\n","protected":false},"author":2,"featured_media":406021,"comment_status":"","ping_status":"","sticky":false,"template":"","format":"standard","meta":{"footnotes":""},"categories":[8],"tags":[548,58,59,1011,27,5858,21831],"class_list":{"0":"post-406020","1":"post","2":"type-post","3":"status-publish","4":"format-standard","5":"has-post-thumbnail","7":"category-divertissement","8":"tag-article-simple","9":"tag-divertissement","10":"tag-entertainment","11":"tag-fr","12":"tag-france","13":"tag-kate-middleton","14":"tag-melania-trump"},"share_on_mastodon":{"url":"https:\/\/pubeurope.com\/@fr\/115239463681608005","error":""},"_links":{"self":[{"href":"https:\/\/www.europesays.com\/fr\/wp-json\/wp\/v2\/posts\/406020","targetHints":{"allow":["GET"]}}],"collection":[{"href":"https:\/\/www.europesays.com\/fr\/wp-json\/wp\/v2\/posts"}],"about":[{"href":"https:\/\/www.europesays.com\/fr\/wp-json\/wp\/v2\/types\/post"}],"author":[{"embeddable":true,"href":"https:\/\/www.europesays.com\/fr\/wp-json\/wp\/v2\/users\/2"}],"replies":[{"embeddable":true,"href":"https:\/\/www.europesays.com\/fr\/wp-json\/wp\/v2\/comments?post=406020"}],"version-history":[{"count":0,"href":"https:\/\/www.europesays.com\/fr\/wp-json\/wp\/v2\/posts\/406020\/revisions"}],"wp:featuredmedia":[{"embeddable":true,"href":"https:\/\/www.europesays.com\/fr\/wp-json\/wp\/v2\/media\/406021"}],"wp:attachment":[{"href":"https:\/\/www.europesays.com\/fr\/wp-json\/wp\/v2\/media?parent=406020"}],"wp:term":[{"taxonomy":"category","embeddable":true,"href":"https:\/\/www.europesays.com\/fr\/wp-json\/wp\/v2\/categories?post=406020"},{"taxonomy":"post_tag","embeddable":true,"href":"https:\/\/www.europesays.com\/fr\/wp-json\/wp\/v2\/tags?post=406020"}],"curies":[{"name":"wp","href":"https:\/\/api.w.org\/{rel}","templated":true}]}}