{"id":406030,"date":"2025-09-21T00:34:11","date_gmt":"2025-09-21T00:34:11","guid":{"rendered":"https:\/\/www.europesays.com\/fr\/406030\/"},"modified":"2025-09-21T00:34:11","modified_gmt":"2025-09-21T00:34:11","slug":"top-14-tres-moche-bagarre-generale-a-loccasion-de-la-2e-defaite-de-perpignan-a-aime-giral","status":"publish","type":"post","link":"https:\/\/www.europesays.com\/fr\/406030\/","title":{"rendered":"Top 14. Tr\u00e8s moche bagarre g\u00e9n\u00e9rale \u00e0 l&rsquo;occasion de la 2e d\u00e9faite de Perpignan \u00e0 Aim\u00e9-Giral"},"content":{"rendered":"<p>            Par<br \/>\n        <strong><br \/>\n            <a href=\"https:\/\/actu.fr\/auteur\/emilie-dudonfournier\" title=\"Consulter tous les articles de Emilie Dudon-Fournier\" target=\"_blank\" rel=\"noopener\">Emilie Dudon-Fournier<\/a><br \/>\n        <\/strong><\/p>\n<p>        Publi\u00e9 le<\/p>\n<p>            20 sept. 2025 \u00e0 21h15        <\/p>\n<p>La 3e d\u00e9faite cons\u00e9cutive de Perpignan \u2013 la 2e \u00e0 domicile \u2013 a logiquement du mal \u00e0 passer en Catalogne\u2026 Ce samedi contre le Racing 92, la tension \u00e9tait \u00e0 son comble \u00e0 Aim\u00e9-Giral alors que le club francilien s\u2019est impos\u00e9 28 \u00e0 15\u00a0 \u00e0 l\u2019occasion de la 3e journ\u00e9e du <a href=\"https:\/\/actu.fr\/rugby\/top-14\" target=\"_blank\" rel=\"noopener\">Top 14.<\/a> Au point que <strong>le match a d\u00e9g\u00e9n\u00e9r\u00e9 en bagarre g\u00e9n\u00e9rale.<\/strong><\/p>\n<p class=\" wall-content\">En fin de rencontre, alors qu\u2019il restait \u00e0 peine 5 minutes de jeu et que les Perpignanais \u00e9taient d\u00e9j\u00e0 men\u00e9s 28-15, <strong>une rixe a \u00e9clat\u00e9 le long des balustrades<\/strong>. Une vilaine \u00e9chauffour\u00e9e de plusieurs minutes durant laquelle certains supporters perpignanais sont m\u00eame entr\u00e9s sur le terrain ou ont jet\u00e9 le contenu de leurs verres sur les joueurs.<\/p>\n<p>\u00a0<\/p>\n<p class=\" wall-content\">L\u2019arbitre de la rencontre, Monsieur Brousset, a finalement sanctionn\u00e9 un joueur de chaque \u00e9quipe : <strong>le troisi\u00e8me ligne du Racing 92 Fabien Sanconnie et son homologue perpignanais No\u00e9 Della Schavia ont tous les deux re\u00e7u un carton jaune<\/strong> et \u00e9t\u00e9 expuls\u00e9s pour la fin de la rencontre. Ils comparaitront devant la commission de discipline et des r\u00e8glements de la LNR.<\/p>\n<p>Az\u00e9ma : \u00ab\u00a0De la frustration, tout le monde en a\u00a0\u00bb<\/p>\n<p class=\" wall-content\">\u00a0\u00bb Je ne vois pas des gens du public se battre avec les joueurs, si ? Je ne crois pas qu\u2019il y a eu des jets (de bi\u00e8re) sur le corps arbitral, ou l\u2019adversaire, j\u2019esp\u00e8re que non. On n\u2019a pas besoin de cela\u00a0\u00bb, a r\u00e9agi le manager de l\u2019Usap, Franck Az\u00e9ma, sur Rugbyrama. \u00ab\u00a0Est-ce qu\u2019il y a de la frustration chez les gens ? Oui, est-ce que cela permet de faire cela, non. De la frustration, tout le monde en a, moi j\u2019en ai tous les jours. Je fais avec, cela fait partie de la pression qui existe \u00e0 Perpignan, sinon il faut pas entra\u00eener ici et ne pas jouer non plus. Maintenant, il faut toujours que cela soit dans le respect.\u00a0\u00bb<\/p>\n<p class=\" wall-content\">Apr\u00e8s une premi\u00e8re d\u00e9faite \u00e0 domicile contre Bayonne (19-26) et un revers \u00e0 Toulouse (31-13), cette nouvelle d\u00e9ception met un peu plus la pression sur les Perpignanais, qui auront la lourde t\u00e2che de se d\u00e9placer \u00e0 La Rochelle la semaine prochaine.<\/p>\n<p class=\" wall-content\">Personnalisez votre actualit\u00e9 en ajoutant vos villes et m\u00e9dias en favori avec <a href=\"https:\/\/moncompte.actu.fr\" title=\"D\u00e9couvez Mon Actu\" rel=\"nofollow noopener\" data-trk=\"{&quot;cta&quot;:{&quot;action&quot;:&quot;https:\\\/\\\/moncompte.actu.fr&quot;,&quot;category&quot;:&quot;mon compte&quot;,&quot;from&quot;:&quot;article footer&quot;,&quot;name&quot;:&quot;Mon actu&quot;,&quot;type&quot;:&quot;cta&quot;}}\" target=\"_blank\">Mon Actu<\/a>.<\/p>\n","protected":false},"excerpt":{"rendered":"Par Emilie Dudon-Fournier Publi\u00e9 le 20 sept. 2025 \u00e0 21h15 La 3e d\u00e9faite cons\u00e9cutive de Perpignan \u2013 la&hellip;\n","protected":false},"author":2,"featured_media":406031,"comment_status":"","ping_status":"","sticky":false,"template":"","format":"standard","meta":{"footnotes":""},"categories":[2],"tags":[11,1011,27,12,5421,479,60,478,10744],"class_list":{"0":"post-406030","1":"post","2":"type-post","3":"status-publish","4":"format-standard","5":"has-post-thumbnail","7":"category-actualites","8":"tag-actualites","9":"tag-fr","10":"tag-france","11":"tag-news","12":"tag-racing-92","13":"tag-rugby","14":"tag-sports","15":"tag-top-14","16":"tag-usap-perpignan"},"share_on_mastodon":{"url":"https:\/\/pubeurope.com\/@fr\/115239483158331513","error":""},"_links":{"self":[{"href":"https:\/\/www.europesays.com\/fr\/wp-json\/wp\/v2\/posts\/406030","targetHints":{"allow":["GET"]}}],"collection":[{"href":"https:\/\/www.europesays.com\/fr\/wp-json\/wp\/v2\/posts"}],"about":[{"href":"https:\/\/www.europesays.com\/fr\/wp-json\/wp\/v2\/types\/post"}],"author":[{"embeddable":true,"href":"https:\/\/www.europesays.com\/fr\/wp-json\/wp\/v2\/users\/2"}],"replies":[{"embeddable":true,"href":"https:\/\/www.europesays.com\/fr\/wp-json\/wp\/v2\/comments?post=406030"}],"version-history":[{"count":0,"href":"https:\/\/www.europesays.com\/fr\/wp-json\/wp\/v2\/posts\/406030\/revisions"}],"wp:featuredmedia":[{"embeddable":true,"href":"https:\/\/www.europesays.com\/fr\/wp-json\/wp\/v2\/media\/406031"}],"wp:attachment":[{"href":"https:\/\/www.europesays.com\/fr\/wp-json\/wp\/v2\/media?parent=406030"}],"wp:term":[{"taxonomy":"category","embeddable":true,"href":"https:\/\/www.europesays.com\/fr\/wp-json\/wp\/v2\/categories?post=406030"},{"taxonomy":"post_tag","embeddable":true,"href":"https:\/\/www.europesays.com\/fr\/wp-json\/wp\/v2\/tags?post=406030"}],"curies":[{"name":"wp","href":"https:\/\/api.w.org\/{rel}","templated":true}]}}