{"id":406032,"date":"2025-09-21T00:35:16","date_gmt":"2025-09-21T00:35:16","guid":{"rendered":"https:\/\/www.europesays.com\/fr\/406032\/"},"modified":"2025-09-21T00:35:16","modified_gmt":"2025-09-21T00:35:16","slug":"loire-contre-le-vent-lequilibriste-stephanois-soon-lordinaire-joue-avec-le-vide-au-chateau-de-rochetaillee","status":"publish","type":"post","link":"https:\/\/www.europesays.com\/fr\/406032\/","title":{"rendered":"Loire. Contre le vent, l&rsquo;\u00e9quilibriste st\u00e9phanois Soon l\u2019ordinaire joue avec le vide au ch\u00e2teau de Rochetaill\u00e9e"},"content":{"rendered":"<p>Mont\u00e9 en haut de la tour du ch\u00e2teau de Rochetaill\u00e9e, Gaspard Goix, alias Soon l\u2019ordinaire, constate un vent fort, soufflant entre 50 et 60\u00a0km\/h. \u00ab\u00a0C\u2019est un peu la limite\u00a0\u00bb, glisse-t-il. Mais pas question pour lui d\u2019abandonner.<\/p>\n<p>Son \u00e9quipement se r\u00e9sume \u00e0 une table prolong\u00e9e d\u2019une planche de bois sur les remparts, sur laquelle se placeront deux chaises, l\u2019une en \u00e9quilibre sur l\u2019autre. Soon l\u2019ordinaire se lance en silence.<\/p>\n<p>Les pieds dans le vide et les mains en l\u2019air. En contrebas, sur le parking, une foule est tenue en haleine. Les bourrasques sont vives, mais Soon l\u2019ordinaire tient bon. \u00ab\u00a0C\u2019est une vraie exp\u00e9rience, une mani\u00e8re d\u2019approcher la mort, le danger et de mieux vivre avec\u00a0\u00bb, confie Soon l\u2019ordinaire.<\/p>\n<p>Toujours passionn\u00e9 par la gymnastique et l\u2019acrobatie mais avec une enfance compliqu\u00e9e, Gaspard Goix vit aujourd\u2019hui en s\u2019adonnant \u00e0 ce qu\u2019il aime\u00a0: \u00ab\u00a0C\u2019est une r\u00e9surrection\u00a0\u00bb.<\/p>\n<p>Ce n\u2019est pas la premi\u00e8re fois que Gaspard Goix d\u00e9fie les pr\u00e9cipices. Ses sp\u00e9cialit\u00e9s\u00a0: l\u2019\u00e9quilibre \u00e0 deux chaises, qu\u2019il a notamment r\u00e9alis\u00e9 r\u00e9cemment au barrage du Gouffre d\u2019Enfer, et le drapeau humain.<\/p>\n<p>\u00ab\u00a0\u00c7a demande beaucoup d\u2019entra\u00eenement psychologique et physique\u00a0\u00bb, assure l\u2019artiste. Apr\u00e8s une r\u00e9union technique, la commune de Rochetaill\u00e9e lui avait donn\u00e9 le feu vert pour cette performance \u00e0 risque.<\/p>\n","protected":false},"excerpt":{"rendered":"Mont\u00e9 en haut de la tour du ch\u00e2teau de Rochetaill\u00e9e, Gaspard Goix, alias Soon l\u2019ordinaire, constate un vent&hellip;\n","protected":false},"author":2,"featured_media":406033,"comment_status":"","ping_status":"","sticky":false,"template":"","format":"standard","meta":{"footnotes":""},"categories":[9653],"tags":[1111,11,2430,1687,7539,1777,674,1011,27,1757,3367,12,25,32120,4001,9664],"class_list":{"0":"post-406032","1":"post","2":"type-post","3":"status-publish","4":"format-standard","5":"has-post-thumbnail","7":"category-saint-etienne","8":"tag-actu","9":"tag-actualites","10":"tag-auvergne-rhone-alpes","11":"tag-culture-loisirs","12":"tag-edition-loire-sud","13":"tag-eu","14":"tag-europe","15":"tag-fr","16":"tag-france","17":"tag-insolite","18":"tag-loire","19":"tag-news","20":"tag-republique-francaise","21":"tag-rochetaillee","22":"tag-saint-etienne","23":"tag-saint-etienne-bassin"},"share_on_mastodon":{"url":"https:\/\/pubeurope.com\/@fr\/115239487146161039","error":""},"_links":{"self":[{"href":"https:\/\/www.europesays.com\/fr\/wp-json\/wp\/v2\/posts\/406032","targetHints":{"allow":["GET"]}}],"collection":[{"href":"https:\/\/www.europesays.com\/fr\/wp-json\/wp\/v2\/posts"}],"about":[{"href":"https:\/\/www.europesays.com\/fr\/wp-json\/wp\/v2\/types\/post"}],"author":[{"embeddable":true,"href":"https:\/\/www.europesays.com\/fr\/wp-json\/wp\/v2\/users\/2"}],"replies":[{"embeddable":true,"href":"https:\/\/www.europesays.com\/fr\/wp-json\/wp\/v2\/comments?post=406032"}],"version-history":[{"count":0,"href":"https:\/\/www.europesays.com\/fr\/wp-json\/wp\/v2\/posts\/406032\/revisions"}],"wp:featuredmedia":[{"embeddable":true,"href":"https:\/\/www.europesays.com\/fr\/wp-json\/wp\/v2\/media\/406033"}],"wp:attachment":[{"href":"https:\/\/www.europesays.com\/fr\/wp-json\/wp\/v2\/media?parent=406032"}],"wp:term":[{"taxonomy":"category","embeddable":true,"href":"https:\/\/www.europesays.com\/fr\/wp-json\/wp\/v2\/categories?post=406032"},{"taxonomy":"post_tag","embeddable":true,"href":"https:\/\/www.europesays.com\/fr\/wp-json\/wp\/v2\/tags?post=406032"}],"curies":[{"name":"wp","href":"https:\/\/api.w.org\/{rel}","templated":true}]}}