{"id":406034,"date":"2025-09-21T00:36:14","date_gmt":"2025-09-21T00:36:14","guid":{"rendered":"https:\/\/www.europesays.com\/fr\/406034\/"},"modified":"2025-09-21T00:36:14","modified_gmt":"2025-09-21T00:36:14","slug":"asse-stade-de-reims-horneland-designe-les-bons-eleves-de-la-victoire-des-verts","status":"publish","type":"post","link":"https:\/\/www.europesays.com\/fr\/406034\/","title":{"rendered":"ASSE\u00a0&#8211; Stade de Reims : Horneland d\u00e9signe les bons \u00e9l\u00e8ves de la victoire des Verts\u00a0"},"content":{"rendered":"<p><strong>Interrog\u00e9 au micro de beIN SPORTS apr\u00e8s la belle victoire de l\u2019AS Saint-Etienne contre le Stade de Reims (<a href=\"https:\/\/www.butfootballclub.fr\/619465-asse-stade-reims-les-3-heros-de-la-victoire-des-verts\/\" target=\"_blank\" rel=\"noopener\">3-2<\/a>), Eirik Horneland a d\u00e9sign\u00e9 tous ses hommes forts.<\/strong><\/p>\n<p>Eirik Horneland \u00e9t\u00e9 de tr\u00e8s bonne humeur apr\u00e8s la belle victoire de l\u2019AS Saint-Etienne contre le Stade de Reims (<a href=\"https:\/\/www.butfootballclub.fr\/619444-asse-stade-de-reims-la-compo-des-verts-avec-une-grosse-surprise\/\" target=\"_blank\" rel=\"noopener\">3-2<\/a>). L\u2019occasion \u00e9tait belle pour lui de livrer une premi\u00e8re analyse de la rencontre, de fort belle qualit\u00e9 dans son contenu.<\/p>\n<p>\u00ab\u00a0Reims a bien commenc\u00e9 mais apr\u00e8s 20 minutes, <a href=\"https:\/\/www.butfootballclub.fr\/619388-asse-les-verts-ont-deniche-un-sniper-au-mercato\/\" target=\"_blank\" rel=\"noopener\">Saint-Etienne<\/a> est mieux rentr\u00e9 dans le match. C\u2019\u00e9tait un match tr\u00e8s ouvert, avec beaucoup d\u2019opportunit\u00e9s de part et d\u2019autre. C\u2019\u00e9tait vraiment un tr\u00e8s bon match avec deux \u00e9quipes qui voulaient marquer des buts, a-t-il analys\u00e9 au micro de beIN SPORTS. On \u00e9tait mieux sur le ballon, Stassin a fait un tr\u00e8s bon match. On a fait des combinaisons, on a bien jou\u00e9 ensemble. On avait des craintes au d\u00e9but.\u00a0\u00bb<\/p>\n<p>\u00ab\u00a0Nad\u00e9\u00a0? Il a vraiment \u00e9t\u00e9 fantastique\u00a0\u00bb<\/p>\n<p>Interrog\u00e9 sur la qualit\u00e9 de son \u00e9quipe, notamment de son banc de touche, le coach de l\u2019ASSE a valid\u00e9 cette th\u00e9orie\u00a0: \u00ab\u00a0J\u2019ai une tr\u00e8s bonne \u00e9quipe\u00a0: Igor Miladinovic est tr\u00e8s bon, El Jamali aussi. Mais aussi Davitashvili et Cardona\u2026 On a beaucoup de densit\u00e9 et de profondeur dans l\u2019\u00e9quipe (\u2026) Nad\u00e9\u00a0? Il a vraiment \u00e9t\u00e9 fantastique ce soir, j\u2019ai beaucoup aim\u00e9 sa performance. Il a \u00e9t\u00e9 tr\u00e8s pr\u00e9sent et a prot\u00e9g\u00e9 les buts. Gautier Larsonneur aussi, il faut l\u2019applaudir. Il a fait un tr\u00e8s bon match.\u00a0\u00bb<\/p>\n","protected":false},"excerpt":{"rendered":"Interrog\u00e9 au micro de beIN SPORTS apr\u00e8s la belle victoire de l\u2019AS Saint-Etienne contre le Stade de Reims&hellip;\n","protected":false},"author":2,"featured_media":406035,"comment_status":"","ping_status":"","sticky":false,"template":"","format":"standard","meta":{"footnotes":""},"categories":[9653],"tags":[1111,11,2430,448,1777,674,63,1011,27,66,3388,12,25,4001,10662],"class_list":{"0":"post-406034","1":"post","2":"type-post","3":"status-publish","4":"format-standard","5":"has-post-thumbnail","7":"category-saint-etienne","8":"tag-actu","9":"tag-actualites","10":"tag-auvergne-rhone-alpes","11":"tag-champions-league","12":"tag-eu","13":"tag-europe","14":"tag-football","15":"tag-fr","16":"tag-france","17":"tag-ligue-1","18":"tag-matchs","19":"tag-news","20":"tag-republique-francaise","21":"tag-saint-etienne","22":"tag-transferts"},"share_on_mastodon":{"url":"https:\/\/pubeurope.com\/@fr\/115239490828536421","error":""},"_links":{"self":[{"href":"https:\/\/www.europesays.com\/fr\/wp-json\/wp\/v2\/posts\/406034","targetHints":{"allow":["GET"]}}],"collection":[{"href":"https:\/\/www.europesays.com\/fr\/wp-json\/wp\/v2\/posts"}],"about":[{"href":"https:\/\/www.europesays.com\/fr\/wp-json\/wp\/v2\/types\/post"}],"author":[{"embeddable":true,"href":"https:\/\/www.europesays.com\/fr\/wp-json\/wp\/v2\/users\/2"}],"replies":[{"embeddable":true,"href":"https:\/\/www.europesays.com\/fr\/wp-json\/wp\/v2\/comments?post=406034"}],"version-history":[{"count":0,"href":"https:\/\/www.europesays.com\/fr\/wp-json\/wp\/v2\/posts\/406034\/revisions"}],"wp:featuredmedia":[{"embeddable":true,"href":"https:\/\/www.europesays.com\/fr\/wp-json\/wp\/v2\/media\/406035"}],"wp:attachment":[{"href":"https:\/\/www.europesays.com\/fr\/wp-json\/wp\/v2\/media?parent=406034"}],"wp:term":[{"taxonomy":"category","embeddable":true,"href":"https:\/\/www.europesays.com\/fr\/wp-json\/wp\/v2\/categories?post=406034"},{"taxonomy":"post_tag","embeddable":true,"href":"https:\/\/www.europesays.com\/fr\/wp-json\/wp\/v2\/tags?post=406034"}],"curies":[{"name":"wp","href":"https:\/\/api.w.org\/{rel}","templated":true}]}}