{"id":406049,"date":"2025-09-21T00:53:08","date_gmt":"2025-09-21T00:53:08","guid":{"rendered":"https:\/\/www.europesays.com\/fr\/406049\/"},"modified":"2025-09-21T00:53:08","modified_gmt":"2025-09-21T00:53:08","slug":"a-strasbourg-le-festival-colors-urban-art-en-51-photos","status":"publish","type":"post","link":"https:\/\/www.europesays.com\/fr\/406049\/","title":{"rendered":"\u00e0 Strasbourg, le festival COLORS Urban Art en 51 photos"},"content":{"rendered":"<p>    <img loading=\"lazy\" width=\"1800\" height=\"900\" src=\"https:\/\/www.europesays.com\/fr\/wp-content\/uploads\/2025\/08\/jeanne-callthepolice.jpg\" class=\"attachment-full size-full\" alt=\"\" id=\"imageLove\" decoding=\"async\"  \/><\/p>\n<p id=\"breadcrumbs\"><a href=\"https:\/\/pokaa.fr\/\" rel=\"nofollow noopener\" target=\"_blank\">Accueil<\/a> \/ <a href=\"https:\/\/pokaa.fr\/categories\/ses-sorties\/\" rel=\"nofollow noopener\" target=\"_blank\">Sorties<\/a> \/ Fresques monumentales color\u00e9es : \u00e0 Strasbourg, le festival COLORS Urban Art en 51 photos<\/p>\n<p>                    Sorties<\/p>\n<p><strong>Fan de street art ? Arr\u00eatez-vous l\u00e0 : en septembre, le festival COLORS Urban Art a fait son retour pour sa 7\u00e8me \u00e9dition. Cette ann\u00e9e, c\u2019est le Coll\u00e8ge international Vauban qui a \u00e9t\u00e9 investi par 10 artistes, chapeaut\u00e9(e)s par Stom500, figure de la sc\u00e8ne locale qu\u2019on ne pr\u00e9sente plus. On est all\u00e9 y faire un tour, et on vous montre tout \u00e7a en 51 photos color\u00e9es remplies de bonne humeur.\u00a0<\/strong><\/p>\n<p>Une cour d\u2019\u00e9cole peu ordinaire : durant plusieurs semaines, <strong>10 artistes \u00e0 la renomm\u00e9e internationale ont cr\u00e9\u00e9 des fresques monumentales sur les murs du Coll\u00e8ge international Vauban,<\/strong> \u00e0 travers des moments d\u2019\u00e9change et de cr\u00e9ations collectives.<\/p>\n<p><strong>Jace<\/strong>,\u00a0<strong>Amaia Arrazola<\/strong>,\u00a0<strong>Pablo Astrain<\/strong>,\u00a0<strong>Nean<\/strong>,\u00a0<strong>Yeye Weller<\/strong>,\u00a0<strong>Jober &amp; Poes<\/strong>,\u00a0<strong>Mlle Terite<\/strong>,\u00a0<strong>Monsta<\/strong>,\u00a0<strong>Nicolas Barrome Forgues<\/strong>\u00a0et\u00a0<strong>Jako Custom <\/strong>: autant de talents qui ont particip\u00e9 \u00e0 ce travail monumental, qu\u2019on vous montre en images.<\/p>\n<p>                <img width=\"750\" height=\"500\" src=\"https:\/\/www.europesays.com\/fr\/wp-content\/uploads\/2025\/09\/festival-colors-urban-art-street-art-35-750x500.jpg\" class=\"attachment-gallery size-gallery\" alt=\"Festival colors urban art street art (35)\" data-full-url=\"https:\/\/pokaa.fr\/wp-content\/uploads\/2025\/09\/16\/festival-colors-urban-art-street-art-35.jpg\" decoding=\"async\" loading=\"lazy\"  \/>            <\/p>\n<p>                <img width=\"750\" height=\"500\" src=\"https:\/\/www.europesays.com\/fr\/wp-content\/uploads\/2025\/09\/festival-colors-urban-art-street-art-21-750x500.jpg\" class=\"attachment-gallery size-gallery\" alt=\"Festival colors urban art street art (21)\" data-full-url=\"https:\/\/pokaa.fr\/wp-content\/uploads\/2025\/09\/16\/festival-colors-urban-art-street-art-21.jpg\" decoding=\"async\" loading=\"lazy\"  \/>            <\/p>\n<p>                <img width=\"750\" height=\"500\" src=\"https:\/\/www.europesays.com\/fr\/wp-content\/uploads\/2025\/09\/festival-colors-urban-art-street-art-17-750x500.jpg\" class=\"attachment-gallery size-gallery\" alt=\"Festival colors urban art street art (17)\" data-full-url=\"https:\/\/pokaa.fr\/wp-content\/uploads\/2025\/09\/16\/festival-colors-urban-art-street-art-17.jpg\" decoding=\"async\" loading=\"lazy\"  \/>            <\/p>\n<p>                <img width=\"750\" height=\"500\" src=\"https:\/\/www.europesays.com\/fr\/wp-content\/uploads\/2025\/09\/festival-colors-urban-art-street-art-13-750x500.jpg\" class=\"attachment-gallery size-gallery\" alt=\"Festival colors urban art street art (13)\" data-full-url=\"https:\/\/pokaa.fr\/wp-content\/uploads\/2025\/09\/16\/festival-colors-urban-art-street-art-13.jpg\" decoding=\"async\" loading=\"lazy\"  \/>            <\/p>\n<p>                <img width=\"750\" height=\"500\" src=\"https:\/\/www.europesays.com\/fr\/wp-content\/uploads\/2025\/09\/festival-colors-urban-art-street-art-10-750x500.jpg\" class=\"attachment-gallery size-gallery\" alt=\"Festival colors urban art street art (10)\" data-full-url=\"https:\/\/pokaa.fr\/wp-content\/uploads\/2025\/09\/16\/festival-colors-urban-art-street-art-10.jpg\" decoding=\"async\" loading=\"lazy\"  \/>            <\/p>\n<p>                <img width=\"750\" height=\"500\" src=\"https:\/\/www.europesays.com\/fr\/wp-content\/uploads\/2025\/09\/festival-colors-urban-art-street-art-52-750x500.jpg\" class=\"attachment-gallery size-gallery\" alt=\"Festival colors urban art street art (52)\" data-full-url=\"https:\/\/pokaa.fr\/wp-content\/uploads\/2025\/09\/16\/festival-colors-urban-art-street-art-52.jpg\" decoding=\"async\" loading=\"lazy\"  \/>            <\/p>\n<p>                    \u00a9 Marie Goehner-David \/ Pokaa<\/p>\n<p>Des \u0153uvres monumentales pour r\u00eaver ensemble <\/p>\n<p><strong>DJ set, visites comment\u00e9es gratuites, performances live ou encore conf\u00e9rences :<\/strong> jusqu\u2019au 21 septembre inclus, petit(e)s et grand(e)s ont eu l\u2019occasion de se r\u00e9galer.<\/p>\n<p>En effet, chacun(e) y a trouv\u00e9 son compte : en savourant une bibine sur de la bonne musique, en se posant dans les transats pour admirer les murs color\u00e9s, en d\u00e9couvrant des nouveaux\/lles artistes \u00e0 suivre de pr\u00e8s, ou m\u00eame en attrapant les craies mises \u00e0 disposition pour dessiner dans la cour de l\u2019\u00e9cole. <strong>De quoi ajouter sa contribution \u00e0 ce projet collectif !<\/strong><\/p>\n<p>                <a href=\"https:\/\/pokaa.fr\/2025\/09\/01\/colors-pendant-3-semaines-un-festival-street-art-va-transformer-un-college-strasbourgeois\/\" rel=\"nofollow noopener\" target=\"_blank\"><br \/>\n                    <img width=\"405\" height=\"270\" src=\"https:\/\/www.europesays.com\/fr\/wp-content\/uploads\/2025\/09\/colors-powered-by-socomec-bartosch-salmanski-128db-2021-coop-e1661793180294.jpeg\" class=\"attachment-card-horizontal--same-subject size-card-horizontal--same-subject wp-post-image\" alt=\"\" decoding=\"async\" loading=\"lazy\"\/>                <\/a><\/p>\n<p>    <img width=\"1200\" height=\"800\" src=\"https:\/\/www.europesays.com\/fr\/wp-content\/uploads\/2025\/09\/festival-colors-urban-art-street-art-24-1200x800.jpg\" class=\"attachment-image-size-XL size-image-size-XL\" alt=\"Festival colors urban art street art (24)\" decoding=\"async\" loading=\"lazy\"  \/>         \u00a9 Marie Goehner-David \/ Pokaa <\/p>\n<p>De notre c\u00f4t\u00e9, on a m\u00eame pu profiter de <strong>la finale du King of the Pshit. <\/strong>K\u00e9zako\u00a0? Chacun plant\u00e9 d\u2019un c\u00f4t\u00e9 d\u2019un wagon, <strong>les artistes Sleigh et Vizer se sont affront\u00e9s lors d\u2019une battle graffiti <\/strong>en temps r\u00e9el. Une belle occasion de d\u00e9couvrir leur processus cr\u00e9atif.<\/p>\n<p>On vous laisse avec nos images de l\u2019\u00e9v\u00e9nement, dont vous pourrez encore profiter <strong>ce 21 septembre. <\/strong>Et on esp\u00e8re que vous vous laisserez tenter\u00a0!<\/p>\n<p>                <img width=\"750\" height=\"500\" src=\"https:\/\/www.europesays.com\/fr\/wp-content\/uploads\/2025\/09\/festival-colors-urban-art-street-art-37-mlle-terite-750x500.jpg\" class=\"attachment-gallery size-gallery\" alt=\"Festival colors urban art street art (37) Mlle Terite\" data-full-url=\"https:\/\/pokaa.fr\/wp-content\/uploads\/2025\/09\/16\/festival-colors-urban-art-street-art-37-mlle-terite.jpg\" decoding=\"async\" loading=\"lazy\"  \/>            <\/p>\n<p>                <img width=\"750\" height=\"500\" src=\"https:\/\/www.europesays.com\/fr\/wp-content\/uploads\/2025\/09\/festival-colors-urban-art-street-art-36-yeye-weller-750x500.jpg\" class=\"attachment-gallery size-gallery\" alt=\"Festival colors urban art street art (36) Yeye Weller\" data-full-url=\"https:\/\/pokaa.fr\/wp-content\/uploads\/2025\/09\/16\/festival-colors-urban-art-street-art-36-yeye-weller.jpg\" decoding=\"async\" loading=\"lazy\"  \/>            <\/p>\n<p>                <img width=\"750\" height=\"500\" src=\"https:\/\/www.europesays.com\/fr\/wp-content\/uploads\/2025\/09\/festival-colors-urban-art-street-art-73-monsta-julien-750x500.jpg\" class=\"attachment-gallery size-gallery\" alt=\"Festival colors urban art street art (73) Monsta Julien\" data-full-url=\"https:\/\/pokaa.fr\/wp-content\/uploads\/2025\/09\/16\/festival-colors-urban-art-street-art-73-monsta-julien.jpg\" decoding=\"async\" loading=\"lazy\"  \/>            <\/p>\n<p>                <img width=\"750\" height=\"500\" src=\"https:\/\/www.europesays.com\/fr\/wp-content\/uploads\/2025\/09\/festival-colors-urban-art-street-art-8-pablo-astrain-750x500.jpg\" class=\"attachment-gallery size-gallery\" alt=\"Festival colors urban art street art (8) Pablo Astrain\" data-full-url=\"https:\/\/pokaa.fr\/wp-content\/uploads\/2025\/09\/16\/festival-colors-urban-art-street-art-8-pablo-astrain.jpg\" decoding=\"async\" loading=\"lazy\"  \/>            <\/p>\n<p>                <img width=\"750\" height=\"500\" src=\"https:\/\/www.europesays.com\/fr\/wp-content\/uploads\/2025\/09\/festival-colors-urban-art-street-art-2-stom-500-750x500.jpg\" class=\"attachment-gallery size-gallery\" alt=\"Festival colors urban art street art (2) Stom500\" data-full-url=\"https:\/\/pokaa.fr\/wp-content\/uploads\/2025\/09\/16\/festival-colors-urban-art-street-art-2-stom-500.jpg\" decoding=\"async\" loading=\"lazy\"  \/>            <\/p>\n<p>                <img width=\"750\" height=\"500\" src=\"https:\/\/www.europesays.com\/fr\/wp-content\/uploads\/2025\/09\/festival-colors-urban-art-street-art-14-nean-750x500.jpg\" class=\"attachment-gallery size-gallery\" alt=\"Festival colors urban art street art (14) Nean\" data-full-url=\"https:\/\/pokaa.fr\/wp-content\/uploads\/2025\/09\/16\/festival-colors-urban-art-street-art-14-nean.jpg\" decoding=\"async\" loading=\"lazy\"  \/>            <\/p>\n<p>                <img width=\"711\" height=\"500\" src=\"https:\/\/www.europesays.com\/fr\/wp-content\/uploads\/2025\/09\/festival-colors-urban-art-street-art-31-nicolas-barrome-forgues-711x500.jpg\" class=\"attachment-gallery size-gallery\" alt=\"Festival colors urban art street art (31) Nicolas Barrome Forgues\" data-full-url=\"https:\/\/pokaa.fr\/wp-content\/uploads\/2025\/09\/16\/festival-colors-urban-art-street-art-31-nicolas-barrome-forgues.jpg\" decoding=\"async\" loading=\"lazy\"  \/>            <\/p>\n<p>                <img width=\"750\" height=\"500\" src=\"https:\/\/www.europesays.com\/fr\/wp-content\/uploads\/2025\/09\/festival-colors-urban-art-street-art-65-jako-costum-750x500.jpg\" class=\"attachment-gallery size-gallery\" alt=\"Festival colors urban art street art (65) Jako Costum\" data-full-url=\"https:\/\/pokaa.fr\/wp-content\/uploads\/2025\/09\/16\/festival-colors-urban-art-street-art-65-jako-costum.jpg\" decoding=\"async\" loading=\"lazy\"  \/>            <\/p>\n<p>                <img width=\"750\" height=\"500\" src=\"https:\/\/www.europesays.com\/fr\/wp-content\/uploads\/2025\/09\/festival-colors-urban-art-street-art-55-jober-750x500.jpg\" class=\"attachment-gallery size-gallery\" alt=\"Festival colors urban art street art (55) Jober\" data-full-url=\"https:\/\/pokaa.fr\/wp-content\/uploads\/2025\/09\/16\/festival-colors-urban-art-street-art-55-jober.jpg\" decoding=\"async\" loading=\"lazy\"  \/>            <\/p>\n<p>                <img width=\"750\" height=\"500\" src=\"https:\/\/www.europesays.com\/fr\/wp-content\/uploads\/2025\/09\/festival-colors-urban-art-street-art-34-amaia-arrazola-750x500.jpg\" class=\"attachment-gallery size-gallery\" alt=\"Festival colors urban art street art (34) Amaia Arrazola\" data-full-url=\"https:\/\/pokaa.fr\/wp-content\/uploads\/2025\/09\/16\/festival-colors-urban-art-street-art-34-amaia-arrazola.jpg\" decoding=\"async\" loading=\"lazy\"  \/>            <\/p>\n<p>                    Dans l&rsquo;ordre des photos : Mlle Terite, Yeye Weller, Monsta, Pablo Astrain, Stom500, Nean, Nicolas Barrome Forgues, Jako Costum, Jober et Amaia Arrazola. \u00a9 Marie Goehner-David \/ Pokaa<\/p>\n<p>                <img width=\"750\" height=\"500\" src=\"https:\/\/www.europesays.com\/fr\/wp-content\/uploads\/2025\/09\/festival-colors-urban-art-street-art-64-750x500.jpg\" class=\"attachment-gallery size-gallery\" alt=\"Festival colors urban art street art (64)\" data-full-url=\"https:\/\/pokaa.fr\/wp-content\/uploads\/2025\/09\/16\/festival-colors-urban-art-street-art-64.jpg\" decoding=\"async\" loading=\"lazy\"  \/>            <\/p>\n<p>                <img width=\"750\" height=\"500\" src=\"https:\/\/www.europesays.com\/fr\/wp-content\/uploads\/2025\/09\/festival-colors-urban-art-street-art-53-750x500.jpg\" class=\"attachment-gallery size-gallery\" alt=\"Festival colors urban art street art (53)\" data-full-url=\"https:\/\/pokaa.fr\/wp-content\/uploads\/2025\/09\/16\/festival-colors-urban-art-street-art-53.jpg\" decoding=\"async\" loading=\"lazy\"  \/>            <\/p>\n<p>                <img width=\"750\" height=\"500\" src=\"https:\/\/www.europesays.com\/fr\/wp-content\/uploads\/2025\/09\/festival-colors-urban-art-street-art-62-750x500.jpg\" class=\"attachment-gallery size-gallery\" alt=\"Festival colors urban art street art (62)\" data-full-url=\"https:\/\/pokaa.fr\/wp-content\/uploads\/2025\/09\/16\/festival-colors-urban-art-street-art-62.jpg\" decoding=\"async\" loading=\"lazy\"  \/>            <\/p>\n<p>                <img width=\"750\" height=\"500\" src=\"https:\/\/www.europesays.com\/fr\/wp-content\/uploads\/2025\/09\/festival-colors-urban-art-street-art-46-750x500.jpg\" class=\"attachment-gallery size-gallery\" alt=\"Festival colors urban art street art (46)\" data-full-url=\"https:\/\/pokaa.fr\/wp-content\/uploads\/2025\/09\/16\/festival-colors-urban-art-street-art-46.jpg\" decoding=\"async\" loading=\"lazy\"  \/>            <\/p>\n<p>                <img width=\"750\" height=\"500\" src=\"https:\/\/www.europesays.com\/fr\/wp-content\/uploads\/2025\/09\/festival-colors-urban-art-street-art-43-750x500.jpg\" class=\"attachment-gallery size-gallery\" alt=\"Festival colors urban art street art (43)\" data-full-url=\"https:\/\/pokaa.fr\/wp-content\/uploads\/2025\/09\/16\/festival-colors-urban-art-street-art-43.jpg\" decoding=\"async\" loading=\"lazy\"  \/>            <\/p>\n<p>                <img width=\"750\" height=\"500\" src=\"https:\/\/www.europesays.com\/fr\/wp-content\/uploads\/2025\/09\/festival-colors-urban-art-street-art-60-750x500.jpg\" class=\"attachment-gallery size-gallery\" alt=\"Festival colors urban art street art (60)\" data-full-url=\"https:\/\/pokaa.fr\/wp-content\/uploads\/2025\/09\/16\/festival-colors-urban-art-street-art-60.jpg\" decoding=\"async\" loading=\"lazy\"  \/>            <\/p>\n<p>                <img width=\"682\" height=\"500\" src=\"https:\/\/www.europesays.com\/fr\/wp-content\/uploads\/2025\/09\/festival-colors-urban-art-street-art-57-682x500.jpg\" class=\"attachment-gallery size-gallery\" alt=\"Festival colors urban art street art (57)\" data-full-url=\"https:\/\/pokaa.fr\/wp-content\/uploads\/2025\/09\/16\/festival-colors-urban-art-street-art-57.jpg\" decoding=\"async\" loading=\"lazy\"  \/>            <\/p>\n<p>                    \u00a9 Marie Goehner-David \/ Pokaa<\/p>\n<p>    <img width=\"400\" height=\"600\" src=\"https:\/\/www.europesays.com\/fr\/wp-content\/uploads\/2025\/09\/festival-colors-urban-art-street-art-36-amaia-arrazola-400x600.jpg\" class=\"attachment-image-size-M size-image-size-M\" alt=\"Festival colors urban art street art (36) Amaia Arrazola\" decoding=\"async\" loading=\"lazy\"  \/>         \u00a9 Marie Goehner-David \/ Pokaa <\/p>\n<p>                <img width=\"750\" height=\"500\" src=\"https:\/\/www.europesays.com\/fr\/wp-content\/uploads\/2025\/09\/festival-colors-urban-art-street-art-47-vizer-750x500.jpg\" class=\"attachment-gallery size-gallery\" alt=\"Festival colors urban art street art (47) Vizer\" data-full-url=\"https:\/\/pokaa.fr\/wp-content\/uploads\/2025\/09\/16\/festival-colors-urban-art-street-art-47-vizer.jpg\" decoding=\"async\" loading=\"lazy\"  \/>            <\/p>\n<p>                <img width=\"750\" height=\"500\" src=\"https:\/\/www.europesays.com\/fr\/wp-content\/uploads\/2025\/09\/festival-colors-urban-art-street-art-21-sleigh-750x500.jpg\" class=\"attachment-gallery size-gallery\" alt=\"Festival colors urban art street art (21) Sleigh\" data-full-url=\"https:\/\/pokaa.fr\/wp-content\/uploads\/2025\/09\/16\/festival-colors-urban-art-street-art-21-sleigh.jpg\" decoding=\"async\" loading=\"lazy\"  \/>            <\/p>\n<p>                <img width=\"649\" height=\"500\" src=\"https:\/\/www.europesays.com\/fr\/wp-content\/uploads\/2025\/09\/festival-colors-urban-art-street-art-48-649x500.jpg\" class=\"attachment-gallery size-gallery\" alt=\"Festival colors urban art street art (48)\" data-full-url=\"https:\/\/pokaa.fr\/wp-content\/uploads\/2025\/09\/16\/festival-colors-urban-art-street-art-48.jpg\" decoding=\"async\" loading=\"lazy\"  \/>            <\/p>\n<p>                    Vizern et Sleigh. \u00a9 Marie Goehner-David \/ Pokaa<\/p>\n<p>    <img width=\"800\" height=\"533\" src=\"https:\/\/www.europesays.com\/fr\/wp-content\/uploads\/2025\/09\/festival-colors-urban-art-street-art-68-monsta-julien-800x533.jpg\" class=\"attachment-image-size-L size-image-size-L\" alt=\"Festival colors urban art street art (68) Monsta Julien\" decoding=\"async\" loading=\"lazy\"  \/>         \u00a9 Marie Goehner-David \/ Pokaa <\/p>\n<p>                <img width=\"750\" height=\"500\" src=\"https:\/\/www.europesays.com\/fr\/wp-content\/uploads\/2025\/09\/festival-colors-urban-art-street-art-41-750x500.jpg\" class=\"attachment-gallery size-gallery\" alt=\"Festival colors urban art street art (41)\" data-full-url=\"https:\/\/pokaa.fr\/wp-content\/uploads\/2025\/09\/16\/festival-colors-urban-art-street-art-41.jpg\" decoding=\"async\" loading=\"lazy\"  \/>            <\/p>\n<p>                <img width=\"750\" height=\"500\" src=\"https:\/\/www.europesays.com\/fr\/wp-content\/uploads\/2025\/09\/festival-colors-urban-art-street-art-42-750x500.jpg\" class=\"attachment-gallery size-gallery\" alt=\"Festival colors urban art street art (42)\" data-full-url=\"https:\/\/pokaa.fr\/wp-content\/uploads\/2025\/09\/16\/festival-colors-urban-art-street-art-42.jpg\" decoding=\"async\" loading=\"lazy\"  \/>            <\/p>\n<p>                <img width=\"750\" height=\"500\" src=\"https:\/\/www.europesays.com\/fr\/wp-content\/uploads\/2025\/09\/festival-colors-urban-art-street-art-39-750x500.jpg\" class=\"attachment-gallery size-gallery\" alt=\"Festival colors urban art street art (39)\" data-full-url=\"https:\/\/pokaa.fr\/wp-content\/uploads\/2025\/09\/16\/festival-colors-urban-art-street-art-39.jpg\" decoding=\"async\" loading=\"lazy\"  \/>            <\/p>\n<p>                <img width=\"750\" height=\"500\" src=\"https:\/\/www.europesays.com\/fr\/wp-content\/uploads\/2025\/09\/festival-colors-urban-art-street-art-38-750x500.jpg\" class=\"attachment-gallery size-gallery\" alt=\"Festival colors urban art street art (38)\" data-full-url=\"https:\/\/pokaa.fr\/wp-content\/uploads\/2025\/09\/16\/festival-colors-urban-art-street-art-38.jpg\" decoding=\"async\" loading=\"lazy\"  \/>            <\/p>\n<p>                <img width=\"750\" height=\"500\" src=\"https:\/\/www.europesays.com\/fr\/wp-content\/uploads\/2025\/09\/festival-colors-urban-art-street-art-32-nicolas-barrome-forgues-750x500.jpg\" class=\"attachment-gallery size-gallery\" alt=\"Festival colors urban art street art (32) Nicolas Barrome Forgues\" data-full-url=\"https:\/\/pokaa.fr\/wp-content\/uploads\/2025\/09\/16\/festival-colors-urban-art-street-art-32-nicolas-barrome-forgues.jpg\" decoding=\"async\" loading=\"lazy\"  \/>            <\/p>\n<p>                <img width=\"750\" height=\"500\" src=\"https:\/\/www.europesays.com\/fr\/wp-content\/uploads\/2025\/09\/festival-colors-urban-art-street-art-27-750x500.jpg\" class=\"attachment-gallery size-gallery\" alt=\"Festival colors urban art street art (27)\" data-full-url=\"https:\/\/pokaa.fr\/wp-content\/uploads\/2025\/09\/16\/festival-colors-urban-art-street-art-27.jpg\" decoding=\"async\" loading=\"lazy\"  \/>            <\/p>\n<p>                <img width=\"750\" height=\"500\" src=\"https:\/\/www.europesays.com\/fr\/wp-content\/uploads\/2025\/09\/festival-colors-urban-art-street-art-15-750x500.jpg\" class=\"attachment-gallery size-gallery\" alt=\"Festival colors urban art street art (15)\" data-full-url=\"https:\/\/pokaa.fr\/wp-content\/uploads\/2025\/09\/16\/festival-colors-urban-art-street-art-15.jpg\" decoding=\"async\" loading=\"lazy\"  \/>            <\/p>\n<p>                <img width=\"750\" height=\"500\" src=\"https:\/\/www.europesays.com\/fr\/wp-content\/uploads\/2025\/09\/festival-colors-urban-art-street-art-14-750x500.jpg\" class=\"attachment-gallery size-gallery\" alt=\"Festival colors urban art street art (14)\" data-full-url=\"https:\/\/pokaa.fr\/wp-content\/uploads\/2025\/09\/16\/festival-colors-urban-art-street-art-14.jpg\" decoding=\"async\" loading=\"lazy\"  \/>            <\/p>\n<p>                <img width=\"750\" height=\"500\" src=\"https:\/\/www.europesays.com\/fr\/wp-content\/uploads\/2025\/09\/festival-colors-urban-art-street-art-3-stom-500-750x500.jpg\" class=\"attachment-gallery size-gallery\" alt=\"Festival colors urban art street art (3) Stom500\" data-full-url=\"https:\/\/pokaa.fr\/wp-content\/uploads\/2025\/09\/16\/festival-colors-urban-art-street-art-3-stom-500.jpg\" decoding=\"async\" loading=\"lazy\"  \/>            <\/p>\n<p>                <img width=\"750\" height=\"500\" src=\"https:\/\/www.europesays.com\/fr\/wp-content\/uploads\/2025\/09\/festival-colors-urban-art-street-art-70-monsta-julien-750x500.jpg\" class=\"attachment-gallery size-gallery\" alt=\"Festival colors urban art street art (70) Monsta Julien\" data-full-url=\"https:\/\/pokaa.fr\/wp-content\/uploads\/2025\/09\/16\/festival-colors-urban-art-street-art-70-monsta-julien.jpg\" decoding=\"async\" loading=\"lazy\"  \/>            <\/p>\n<p>                <img width=\"750\" height=\"500\" src=\"https:\/\/www.europesays.com\/fr\/wp-content\/uploads\/2025\/09\/festival-colors-urban-art-street-art-67-stom-500-750x500.jpg\" class=\"attachment-gallery size-gallery\" alt=\"Festival colors urban art street art (67) Stom500\" data-full-url=\"https:\/\/pokaa.fr\/wp-content\/uploads\/2025\/09\/16\/festival-colors-urban-art-street-art-67-stom-500.jpg\" decoding=\"async\" loading=\"lazy\"  \/>            <\/p>\n<p>                <img width=\"750\" height=\"500\" src=\"https:\/\/www.europesays.com\/fr\/wp-content\/uploads\/2025\/09\/festival-colors-urban-art-street-art-69-monsta-julien-750x500.jpg\" class=\"attachment-gallery size-gallery\" alt=\"Festival colors urban art street art (69) Monsta Julien\" data-full-url=\"https:\/\/pokaa.fr\/wp-content\/uploads\/2025\/09\/16\/festival-colors-urban-art-street-art-69-monsta-julien.jpg\" decoding=\"async\" loading=\"lazy\"  \/>            <\/p>\n<p>                <img width=\"750\" height=\"500\" src=\"https:\/\/www.europesays.com\/fr\/wp-content\/uploads\/2025\/09\/festival-colors-urban-art-street-art-16-750x500.jpg\" class=\"attachment-gallery size-gallery\" alt=\"Festival colors urban art street art (16)\" data-full-url=\"https:\/\/pokaa.fr\/wp-content\/uploads\/2025\/09\/16\/festival-colors-urban-art-street-art-16.jpg\" decoding=\"async\" loading=\"lazy\"  \/>            <\/p>\n<p>                <img width=\"750\" height=\"500\" src=\"https:\/\/www.europesays.com\/fr\/wp-content\/uploads\/2025\/09\/festival-colors-urban-art-street-art-13-nean-750x500.jpg\" class=\"attachment-gallery size-gallery\" alt=\"Festival colors urban art street art (13) Nean\" data-full-url=\"https:\/\/pokaa.fr\/wp-content\/uploads\/2025\/09\/16\/festival-colors-urban-art-street-art-13-nean.jpg\" decoding=\"async\" loading=\"lazy\"  \/>            <\/p>\n<p>                    \u00a9 Marie Goehner-David \/ Pokaa<\/p>\n<p>            COLORS Urban art <\/p>\n<p>            Quoi ? <\/p>\n<p>Festival d\u2019art urbain<\/p>\n<p>                Quand ?<\/p>\n<p>Dernier jour d\u2019ouverture = le dimanche 21 septembre, de 11h \u00e0 19h<\/p>\n<p>            o\u00f9 ?<\/p>\n<p>Coll\u00e8ge international Vauban, 70 boulevard d\u2019Anvers, \u00e0 Strasbourg<\/p>\n<p>                Plus d&rsquo;infos ?<\/p>\n<p><a href=\"https:\/\/www.colors-art.eu\/colors-urban-art-festival-2025\/\" target=\"_blank\" rel=\"noopener nofollow\">Page web de l\u2019\u00e9v\u00e9nement (avec programmation et infos sur les artistes)<\/a><\/p>\n<p><a href=\"https:\/\/www.instagram.com\/colors_urban_art\/\" target=\"_blank\" rel=\"noopener nofollow\">Page Instagram<\/a><\/p>\n<p>Entr\u00e9e libre et visite comment\u00e9e gratuite chaque heure<\/p>\n<p>                <img width=\"750\" height=\"500\" src=\"https:\/\/www.europesays.com\/fr\/wp-content\/uploads\/2025\/09\/festival-colors-urban-art-street-art-30-750x500.jpg\" class=\"attachment-gallery size-gallery\" alt=\"Festival colors urban art street art (30)\" data-full-url=\"https:\/\/pokaa.fr\/wp-content\/uploads\/2025\/09\/16\/festival-colors-urban-art-street-art-30.jpg\" decoding=\"async\" loading=\"lazy\"  \/>            <\/p>\n<p>                <img width=\"750\" height=\"500\" src=\"https:\/\/www.europesays.com\/fr\/wp-content\/uploads\/2025\/09\/festival-colors-urban-art-street-art-28-750x500.jpg\" class=\"attachment-gallery size-gallery\" alt=\"Festival colors urban art street art (28)\" data-full-url=\"https:\/\/pokaa.fr\/wp-content\/uploads\/2025\/09\/16\/festival-colors-urban-art-street-art-28.jpg\" decoding=\"async\" loading=\"lazy\"  \/>            <\/p>\n<p>                <img width=\"750\" height=\"500\" src=\"https:\/\/www.europesays.com\/fr\/wp-content\/uploads\/2025\/09\/festival-colors-urban-art-street-art-25-750x500.jpg\" class=\"attachment-gallery size-gallery\" alt=\"Festival colors urban art street art (25)\" data-full-url=\"https:\/\/pokaa.fr\/wp-content\/uploads\/2025\/09\/16\/festival-colors-urban-art-street-art-25.jpg\" decoding=\"async\" loading=\"lazy\"  \/>            <\/p>\n<p>                <img width=\"750\" height=\"500\" src=\"https:\/\/www.europesays.com\/fr\/wp-content\/uploads\/2025\/09\/festival-colors-urban-art-street-art-18-750x500.jpg\" class=\"attachment-gallery size-gallery\" alt=\"Festival colors urban art street art (18)\" data-full-url=\"https:\/\/pokaa.fr\/wp-content\/uploads\/2025\/09\/16\/festival-colors-urban-art-street-art-18.jpg\" decoding=\"async\" loading=\"lazy\"  \/>            <\/p>\n<p>                <img width=\"750\" height=\"500\" src=\"https:\/\/www.europesays.com\/fr\/wp-content\/uploads\/2025\/09\/festival-colors-urban-art-street-art-12-nean-750x500.jpg\" class=\"attachment-gallery size-gallery\" alt=\"Festival colors urban art street art (12) Nean\" data-full-url=\"https:\/\/pokaa.fr\/wp-content\/uploads\/2025\/09\/16\/festival-colors-urban-art-street-art-12-nean.jpg\" decoding=\"async\" loading=\"lazy\"  \/>            <\/p>\n<p>                <img width=\"750\" height=\"500\" src=\"https:\/\/www.europesays.com\/fr\/wp-content\/uploads\/2025\/09\/festival-colors-urban-art-street-art-72-monsta-julien-750x500.jpg\" class=\"attachment-gallery size-gallery\" alt=\"Festival colors urban art street art (72) Monsta Julien\" data-full-url=\"https:\/\/pokaa.fr\/wp-content\/uploads\/2025\/09\/16\/festival-colors-urban-art-street-art-72-monsta-julien.jpg\" decoding=\"async\" loading=\"lazy\"  \/>            <\/p>\n<p>                <img width=\"750\" height=\"500\" src=\"https:\/\/www.europesays.com\/fr\/wp-content\/uploads\/2025\/09\/festival-colors-urban-art-street-art-66-750x500.jpg\" class=\"attachment-gallery size-gallery\" alt=\"Festival colors urban art street art (66)\" data-full-url=\"https:\/\/pokaa.fr\/wp-content\/uploads\/2025\/09\/16\/festival-colors-urban-art-street-art-66.jpg\" decoding=\"async\" loading=\"lazy\"  \/>            <\/p>\n<p>                <img width=\"750\" height=\"500\" src=\"https:\/\/www.europesays.com\/fr\/wp-content\/uploads\/2025\/09\/festival-colors-urban-art-street-art-63-750x500.jpg\" class=\"attachment-gallery size-gallery\" alt=\"Festival colors urban art street art (63)\" data-full-url=\"https:\/\/pokaa.fr\/wp-content\/uploads\/2025\/09\/16\/festival-colors-urban-art-street-art-63.jpg\" decoding=\"async\" loading=\"lazy\"  \/>            <\/p>\n<p>                    \u00a9 Marie Goehner-David \/ Pokaa<\/p>\n<p><script async src=\"\/\/www.instagram.com\/embed.js\"><\/script><\/p>\n","protected":false},"excerpt":{"rendered":"Accueil \/ Sorties \/ Fresques monumentales color\u00e9es : \u00e0 Strasbourg, le festival COLORS Urban Art en 51 photos&hellip;\n","protected":false},"author":2,"featured_media":406050,"comment_status":"","ping_status":"","sticky":false,"template":"","format":"standard","meta":{"footnotes":""},"categories":[2820],"tags":[1111,11,53762,49536,1777,674,1011,27,12342,775,12,25,640,7189],"class_list":{"0":"post-406049","1":"post","2":"type-post","3":"status-publish","4":"format-standard","5":"has-post-thumbnail","7":"category-strasbourg","8":"tag-actu","9":"tag-actualites","10":"tag-college-international-vauban","11":"tag-colors-urban-art-festival","12":"tag-eu","13":"tag-europe","14":"tag-fr","15":"tag-france","16":"tag-graffiti","17":"tag-grand-est","18":"tag-news","19":"tag-republique-francaise","20":"tag-strasbourg","21":"tag-street-art"},"share_on_mastodon":{"url":"https:\/\/pubeurope.com\/@fr\/115239559428968095","error":""},"_links":{"self":[{"href":"https:\/\/www.europesays.com\/fr\/wp-json\/wp\/v2\/posts\/406049","targetHints":{"allow":["GET"]}}],"collection":[{"href":"https:\/\/www.europesays.com\/fr\/wp-json\/wp\/v2\/posts"}],"about":[{"href":"https:\/\/www.europesays.com\/fr\/wp-json\/wp\/v2\/types\/post"}],"author":[{"embeddable":true,"href":"https:\/\/www.europesays.com\/fr\/wp-json\/wp\/v2\/users\/2"}],"replies":[{"embeddable":true,"href":"https:\/\/www.europesays.com\/fr\/wp-json\/wp\/v2\/comments?post=406049"}],"version-history":[{"count":0,"href":"https:\/\/www.europesays.com\/fr\/wp-json\/wp\/v2\/posts\/406049\/revisions"}],"wp:featuredmedia":[{"embeddable":true,"href":"https:\/\/www.europesays.com\/fr\/wp-json\/wp\/v2\/media\/406050"}],"wp:attachment":[{"href":"https:\/\/www.europesays.com\/fr\/wp-json\/wp\/v2\/media?parent=406049"}],"wp:term":[{"taxonomy":"category","embeddable":true,"href":"https:\/\/www.europesays.com\/fr\/wp-json\/wp\/v2\/categories?post=406049"},{"taxonomy":"post_tag","embeddable":true,"href":"https:\/\/www.europesays.com\/fr\/wp-json\/wp\/v2\/tags?post=406049"}],"curies":[{"name":"wp","href":"https:\/\/api.w.org\/{rel}","templated":true}]}}