{"id":406053,"date":"2025-09-21T00:55:18","date_gmt":"2025-09-21T00:55:18","guid":{"rendered":"https:\/\/www.europesays.com\/fr\/406053\/"},"modified":"2025-09-21T00:55:18","modified_gmt":"2025-09-21T00:55:18","slug":"en-ce-moment-jechoue-dans-le-metal-linclassable-didier-super-en-concert-gratuit-au-festival-clown-power-a-nice-2","status":"publish","type":"post","link":"https:\/\/www.europesays.com\/fr\/406053\/","title":{"rendered":"\u00ab\u00a0En ce moment, j&rsquo;\u00e9choue dans le m\u00e9tal\u00a0\u00bb: l\u2019inclassable Didier Super en concert gratuit au festival Clown Power \u00e0 Nice"},"content":{"rendered":"<p>Si vous pensez que, de nos jours, on ne peut plus rien dire, vous ne connaissez pas Didier Super. Avec lui, m\u00eame les interviews t\u00e9l\u00e9phoniques suivent un sc\u00e9nario absurde. \u00ab\u00a0Pas avant 15h, parce que je fais la sieste\u00a0\u00bb, nous avait-il \u00e9crit. Quand on parvient \u00e0 le joindre, il est en pleine pr\u00e9paration d\u2019une salade de poisson: \u00ab\u00a0C\u2019est mon plat signature, enfin depuis peu de temps. Quand j\u2019ai rencontr\u00e9 ma meuf, il y a quinze ans, j\u2019avais un frigo presque vide, avec seulement un pot de confiture et des biscottes&#8230;, elles aussi, pour \u00e9viter d\u2019avoir \u00e0 les ranger ailleurs\u00a0\u00bb.<\/p>\n<p>Difficile de savoir si Didier Super se moque du monde, s\u2019il invente sa propre r\u00e9alit\u00e9, ou s\u2019il fait les deux en m\u00eame temps. \u00c0 l\u2019affiche du festival Clown Power, organis\u00e9 par la compagnie Gorgomar du 26 au 28 septembre, au 109 \u00e0 Nice, Didier Super et son groupe Discount seront le vendredi 26 septembre sur la sc\u00e8ne du Frigo 16 pour un concert unique en son genre. Et si le terme \u00ab\u00a0clown\u00a0\u00bb peut parfois \u00eatre per\u00e7u comme r\u00e9ducteur, Didier Super y voit une forme de noblesse: \u00ab\u00a0J\u2019ai beaucoup d\u2019admiration pour ce travail psychologique, cette acceptation de soi et de ses d\u00e9fauts pour arriver \u00e0 en rire.\u00a0\u00bb<\/p>\n<p>\u00ab\u00a0Si vous h\u00e9sitez, ne venez pas. Quand on h\u00e9site, c\u2019est bien de s\u2019\u00e9couter\u00a0\u00bb<\/p>\n<p>Assister \u00e0 un concert de Didier Super, c\u2019est un peu comme monter dans un man\u00e8ge fou: on ne sait jamais si on va rire, grincer des dents ou les deux. \u00ab\u00a0Si le public vient chercher quelque chose en particulier, j\u2019esp\u00e8re qu\u2019il sera d\u00e9\u00e7u et qu\u2019il repartira avec quelque chose auquel il ne s\u2019attendait pas\u00a0\u00bb, confie-t-il, l\u2019air malicieux. L\u2019artiste, qui se pr\u00e9sente comme un \u00e9ternel recommen\u00e7ant, r\u00e9v\u00e8le sa nouvelle orientation: \u00ab\u00a0J\u2019ai essay\u00e9 de faire de la chanson, des spectacles pour enfants, de la com\u00e9die musicale, j\u2019ai \u00e9chou\u00e9 dans l\u2019humour et en ce moment, j\u2019\u00e9choue dans le m\u00e9tal (&#8230;) Moi qui ai tr\u00e8s peu d\u2019ambition, c\u2019est d\u00e9j\u00e0 une petite victoire.\u00a0\u00bb <\/p>\n<p>Pr\u00eat \u00e0 tout pour \u00e9viter la routine, il pr\u00e9pare m\u00eame un long-m\u00e9trage, sur lequel il travaille depuis 2010, sobrement intitul\u00e9 On va vraiment tous crever. En attendant son concert au 109, Didier Super a un conseil pour ceux qui sont incertains de venir: \u00ab\u00a0Si vous h\u00e9sitez, ne venez pas. Quand on h\u00e9site, c\u2019est bien de s\u2019\u00e9couter.\u00a0\u00bb Il reste fid\u00e8le \u00e0 lui-m\u00eame: d\u00e9complex\u00e9, impr\u00e9visible et r\u00e9solument anticonformiste.<\/p>\n<p><strong>Didier Super et son groupe Discount, le 26 septembre au 109 pour le festival Clown Power. Gratuit. Informations et r\u00e9servations sur le109.nice.fr<\/strong><\/p>\n","protected":false},"excerpt":{"rendered":"Si vous pensez que, de nos jours, on ne peut plus rien dire, vous ne connaissez pas Didier&hellip;\n","protected":false},"author":2,"featured_media":399969,"comment_status":"","ping_status":"","sticky":false,"template":"","format":"standard","meta":{"footnotes":""},"categories":[2819],"tags":[1111,11,4156,251,1777,674,1011,27,12,2401,882,25],"class_list":{"0":"post-406053","1":"post","2":"type-post","3":"status-publish","4":"format-standard","5":"has-post-thumbnail","7":"category-nice","8":"tag-actu","9":"tag-actualites","10":"tag-concerts","11":"tag-culture","12":"tag-eu","13":"tag-europe","14":"tag-fr","15":"tag-france","16":"tag-news","17":"tag-nice","18":"tag-provence-alpes-cote-dazur","19":"tag-republique-francaise"},"share_on_mastodon":{"url":"https:\/\/pubeurope.com\/@fr\/115239565562669153","error":""},"_links":{"self":[{"href":"https:\/\/www.europesays.com\/fr\/wp-json\/wp\/v2\/posts\/406053","targetHints":{"allow":["GET"]}}],"collection":[{"href":"https:\/\/www.europesays.com\/fr\/wp-json\/wp\/v2\/posts"}],"about":[{"href":"https:\/\/www.europesays.com\/fr\/wp-json\/wp\/v2\/types\/post"}],"author":[{"embeddable":true,"href":"https:\/\/www.europesays.com\/fr\/wp-json\/wp\/v2\/users\/2"}],"replies":[{"embeddable":true,"href":"https:\/\/www.europesays.com\/fr\/wp-json\/wp\/v2\/comments?post=406053"}],"version-history":[{"count":0,"href":"https:\/\/www.europesays.com\/fr\/wp-json\/wp\/v2\/posts\/406053\/revisions"}],"wp:featuredmedia":[{"embeddable":true,"href":"https:\/\/www.europesays.com\/fr\/wp-json\/wp\/v2\/media\/399969"}],"wp:attachment":[{"href":"https:\/\/www.europesays.com\/fr\/wp-json\/wp\/v2\/media?parent=406053"}],"wp:term":[{"taxonomy":"category","embeddable":true,"href":"https:\/\/www.europesays.com\/fr\/wp-json\/wp\/v2\/categories?post=406053"},{"taxonomy":"post_tag","embeddable":true,"href":"https:\/\/www.europesays.com\/fr\/wp-json\/wp\/v2\/tags?post=406053"}],"curies":[{"name":"wp","href":"https:\/\/api.w.org\/{rel}","templated":true}]}}