{"id":406056,"date":"2025-09-21T00:57:21","date_gmt":"2025-09-21T00:57:21","guid":{"rendered":"https:\/\/www.europesays.com\/fr\/406056\/"},"modified":"2025-09-21T00:57:21","modified_gmt":"2025-09-21T00:57:21","slug":"330-nouveaux-logements-et-une-consultation-dans-cette-commune-de-loire-atlantique","status":"publish","type":"post","link":"https:\/\/www.europesays.com\/fr\/406056\/","title":{"rendered":"330\u00a0nouveaux logements et une consultation dans cette commune de Loire-Atlantique"},"content":{"rendered":"<p>Cr\u00e9\u00e9e en 2005, cette ZAC\u00a0situ\u00e9e au nord-ouest de Thouar\u00e9-sur-Loire, a commenc\u00e9 sa mutation avec la construction de 399\u00a0logements, entre\u00a02010 et\u00a02020.<\/p>\n<p>La poursuite de ce projet est pr\u00e9vue avec la cr\u00e9ation de 330\u00a0logements suppl\u00e9mentaires sur les secteurs Jaunais, Ruisseaux et Mati\u00e8re. Pour cela, une concertation a \u00e9t\u00e9 men\u00e9e d\u00e8s 2020.<\/p>\n<p>Quatre ateliers et une r\u00e9union publique ont \u00e9t\u00e9 organis\u00e9s.<\/p>\n<p>Assurer\u2019information et &#8230;<\/p>\n<p>\u00a0<\/p>\n","protected":false},"excerpt":{"rendered":"Cr\u00e9\u00e9e en 2005, cette ZAC\u00a0situ\u00e9e au nord-ouest de Thouar\u00e9-sur-Loire, a commenc\u00e9 sa mutation avec la construction de 399\u00a0logements,&hellip;\n","protected":false},"author":2,"featured_media":406057,"comment_status":"","ping_status":"","sticky":false,"template":"","format":"standard","meta":{"footnotes":""},"categories":[2818],"tags":[49814,1111,11,7052,10064,1777,674,1011,27,2846,3047,766,12,2845,2636,25],"class_list":{"0":"post-406056","1":"post","2":"type-post","3":"status-publish","4":"format-standard","5":"has-post-thumbnail","7":"category-nantes","8":"tag-49814","9":"tag-actu","10":"tag-actualites","11":"tag-commune","12":"tag-consultation","13":"tag-eu","14":"tag-europe","15":"tag-fr","16":"tag-france","17":"tag-logements","18":"tag-loire-atlantique","19":"tag-nantes","20":"tag-news","21":"tag-nouveaux","22":"tag-pays-de-la-loire","23":"tag-republique-francaise"},"share_on_mastodon":{"url":"https:\/\/pubeurope.com\/@fr\/115239573564304497","error":""},"_links":{"self":[{"href":"https:\/\/www.europesays.com\/fr\/wp-json\/wp\/v2\/posts\/406056","targetHints":{"allow":["GET"]}}],"collection":[{"href":"https:\/\/www.europesays.com\/fr\/wp-json\/wp\/v2\/posts"}],"about":[{"href":"https:\/\/www.europesays.com\/fr\/wp-json\/wp\/v2\/types\/post"}],"author":[{"embeddable":true,"href":"https:\/\/www.europesays.com\/fr\/wp-json\/wp\/v2\/users\/2"}],"replies":[{"embeddable":true,"href":"https:\/\/www.europesays.com\/fr\/wp-json\/wp\/v2\/comments?post=406056"}],"version-history":[{"count":0,"href":"https:\/\/www.europesays.com\/fr\/wp-json\/wp\/v2\/posts\/406056\/revisions"}],"wp:featuredmedia":[{"embeddable":true,"href":"https:\/\/www.europesays.com\/fr\/wp-json\/wp\/v2\/media\/406057"}],"wp:attachment":[{"href":"https:\/\/www.europesays.com\/fr\/wp-json\/wp\/v2\/media?parent=406056"}],"wp:term":[{"taxonomy":"category","embeddable":true,"href":"https:\/\/www.europesays.com\/fr\/wp-json\/wp\/v2\/categories?post=406056"},{"taxonomy":"post_tag","embeddable":true,"href":"https:\/\/www.europesays.com\/fr\/wp-json\/wp\/v2\/tags?post=406056"}],"curies":[{"name":"wp","href":"https:\/\/api.w.org\/{rel}","templated":true}]}}