{"id":406062,"date":"2025-09-21T01:00:33","date_gmt":"2025-09-21T01:00:33","guid":{"rendered":"https:\/\/www.europesays.com\/fr\/406062\/"},"modified":"2025-09-21T01:00:33","modified_gmt":"2025-09-21T01:00:33","slug":"n2-resultats-et-classement-des-girondins-2","status":"publish","type":"post","link":"https:\/\/www.europesays.com\/fr\/406062\/","title":{"rendered":"N2 : r\u00e9sultats et classement des Girondins"},"content":{"rendered":"<p><img decoding=\"async\" src=\"https:\/\/www.europesays.com\/fr\/wp-content\/uploads\/2025\/08\/671_2e65f97b36ab2a2bbab468868fd424f6.jpg\" alt=\"N2 : r\u00e9sultats et classement des Girondins\" class=\"img-responsive mt-3\"\/><\/p>\n<p class=\"text-center mb-3\" style=\"font-size: 14px\">\u00a9 Iconsport<\/p>\n<p>      <strong>National 2 : Lorient carbure, Bordeaux stagne<\/strong><\/p>\n<p>La r\u00e9serve de Lorient signe un beau succ\u00e8s, tout comme Saumur face \u00e0 Granville. Les Girondins de Bordeaux n&rsquo;ont pas su prendre les trois points face \u00e0 son voisin, Angoul\u00eame. Au classement, Bordeaux fait du surplace.<\/p>\n<p style=\"text-align: justify;\"><strong>R\u00e9sultats :<br \/><\/strong><br \/>Les Herbiers <strong>2-0<\/strong> Vend\u00e9e Foot Club RY<br \/>Aviron Bayonnais <strong>2-0<\/strong> Chauray FC<br \/>US Avranches <strong>4-0<\/strong> Stade Poitevin FC<br \/>Dinan L\u00e9hon FC <strong>0-3<\/strong> Lorient II<br \/>FC Girondins de Bordeaux <strong>1-1<\/strong> Angoul\u00eame Charente FC<br \/>Voltigeurs Ch\u00e2teaubriant <strong>2-1<\/strong> US Saint-Malo<br \/>Olympique Saumur FC <strong>3-1<\/strong> US Granville<br \/>en cours : FC Montlouis 2-0 Saint-Colomban Locmin\u00e9<\/p>\n<p style=\"text-align: justify;\">\u00a0<\/p>\n<p style=\"text-align: justify;\"><strong><a href=\"https:\/\/www.webgirondins.com\/classement-girondins-national-2\" target=\"_blank\" rel=\"noopener\">&gt; Voir le classement de National 2<\/a><\/strong><\/p>\n<p style=\"text-align: justify;\">\u00a0<\/p>\n<p>\u00c0 lire aussi &gt;&gt; <strong><a href=\"https:\/\/www.webgirondins.com\/actualite-girondins-girondins-un-nul-frustrant-qui-maintient-la-pression-sur-bruno-irles-apres-angouleme-130507\" target=\"_blank\" rel=\"noopener\">Girondins : un nul frustrant qui maintient la pression sur Bruno Irl\u00e8s apr\u00e8s Angoul\u00eame<\/a><\/strong><\/p>\n<p>\u00a0<\/p>\n<p>Notre podcast court :<\/p>\n<p>\u00a0<\/p>\n<p>\u00a0<\/p>\n","protected":false},"excerpt":{"rendered":"\u00a9 Iconsport National 2 : Lorient carbure, Bordeaux stagne La r\u00e9serve de Lorient signe un beau succ\u00e8s, tout&hellip;\n","protected":false},"author":2,"featured_media":311389,"comment_status":"","ping_status":"","sticky":false,"template":"","format":"standard","meta":{"footnotes":""},"categories":[2817],"tags":[1111,11,32030,1997,23392,3477,1981,1446,3474,2834,1777,674,1011,27,1987,3465,22567,39903,12,2219,4789,5486,25,1980,53763,953,3387],"class_list":{"0":"post-406062","1":"post","2":"type-post","3":"status-publish","4":"format-standard","5":"has-post-thumbnail","7":"category-bordeaux","8":"tag-actu","9":"tag-actualites","10":"tag-attendant","11":"tag-bordeaux","12":"tag-celle","13":"tag-cette","14":"tag-classement","15":"tag-dans","16":"tag-decouvrez","17":"tag-entre","18":"tag-eu","19":"tag-europe","20":"tag-fr","21":"tag-france","22":"tag-girondins","23":"tag-journee","24":"tag-locmine","25":"tag-montlouis","26":"tag-news","27":"tag-nouvelle-aquitaine","28":"tag-poule","29":"tag-rencontre","30":"tag-republique-francaise","31":"tag-resultats","32":"tag-sixieme","33":"tag-soiree","34":"tag-tous"},"share_on_mastodon":{"url":"https:\/\/pubeurope.com\/@fr\/115239585628286306","error":""},"_links":{"self":[{"href":"https:\/\/www.europesays.com\/fr\/wp-json\/wp\/v2\/posts\/406062","targetHints":{"allow":["GET"]}}],"collection":[{"href":"https:\/\/www.europesays.com\/fr\/wp-json\/wp\/v2\/posts"}],"about":[{"href":"https:\/\/www.europesays.com\/fr\/wp-json\/wp\/v2\/types\/post"}],"author":[{"embeddable":true,"href":"https:\/\/www.europesays.com\/fr\/wp-json\/wp\/v2\/users\/2"}],"replies":[{"embeddable":true,"href":"https:\/\/www.europesays.com\/fr\/wp-json\/wp\/v2\/comments?post=406062"}],"version-history":[{"count":0,"href":"https:\/\/www.europesays.com\/fr\/wp-json\/wp\/v2\/posts\/406062\/revisions"}],"wp:featuredmedia":[{"embeddable":true,"href":"https:\/\/www.europesays.com\/fr\/wp-json\/wp\/v2\/media\/311389"}],"wp:attachment":[{"href":"https:\/\/www.europesays.com\/fr\/wp-json\/wp\/v2\/media?parent=406062"}],"wp:term":[{"taxonomy":"category","embeddable":true,"href":"https:\/\/www.europesays.com\/fr\/wp-json\/wp\/v2\/categories?post=406062"},{"taxonomy":"post_tag","embeddable":true,"href":"https:\/\/www.europesays.com\/fr\/wp-json\/wp\/v2\/tags?post=406062"}],"curies":[{"name":"wp","href":"https:\/\/api.w.org\/{rel}","templated":true}]}}