{"id":40608,"date":"2025-04-21T04:27:20","date_gmt":"2025-04-21T04:27:20","guid":{"rendered":"https:\/\/www.europesays.com\/fr\/40608\/"},"modified":"2025-04-21T04:27:20","modified_gmt":"2025-04-21T04:27:20","slug":"le-chroniqueur-tele-bertrand-chameroy-reconnait-avoir-souffert-de-depression-liberation","status":"publish","type":"post","link":"https:\/\/www.europesays.com\/fr\/40608\/","title":{"rendered":"Le chroniqueur t\u00e9l\u00e9 Bertrand Chameroy reconna\u00eet avoir souffert de d\u00e9pression \u2013 Lib\u00e9ration"},"content":{"rendered":"<p class=\"sc-cPiKLX AiZTS text-element\">En janvier dernier, de nombreux t\u00e9l\u00e9spectateurs de C \u00e0 Vous sur France 5 s\u2019\u00e9taient \u00e9tonn\u00e9s de ne plus voir, pendant plusieurs semaines, <a href=\"https:\/\/www.liberation.fr\/portraits\/bertrand-chameroy-bollo-vire-20210713_VVB44BF6VVEWDPHNSSN77XTXME\/\" target=\"_blank\" rel=\"nofollow noopener\">le chroniqueur Bertrand Chameroy<\/a> \u00e0 l\u2019antenne. Officiellement, l\u2019ancien de Touche pas \u00e0 mon poste souffrait \u00abd\u2019une grosse grippe\u00bb et devait donc prendre du temps pour se r\u00e9tablir. Mais il n\u2019en \u00e9tait rien. Si le trentenaire a pris du recul, c\u2019est pour une tout autre raison. \u00abEn r\u00e9alit\u00e9, le mot exact \u00e9tait \u201cd\u00e9pression\u201d. Je n\u2019ai d\u00e9sormais plus honte de le dire\u00bb, a-t-il confi\u00e9 \u00e0 <a href=\"https:\/\/www.latribune.fr\/la-tribune-dimanche\/culture-et-tendances\/cinema-ecrans\/bertrand-chameroy-aujourd-hui-je-n-ai-plus-honte-de-parler-de-depression-1023061.html\" target=\"_blank\" rel=\"nofollow noopener\">la Tribune dimanche<\/a> \u00e0 l\u2019occasion d\u2019un portrait publi\u00e9 dans le num\u00e9ro sorti le dimanche 20 avril. \u00abPersonne ne devrait en avoir honte, ajoute-t-il. Je me suis enfin \u00e9cout\u00e9. J\u2019avais besoin de ces trois semaines de mise au vert pour souffler, comprendre, me retrouver, me reconnecter aux belles choses de la vie. Et parler. C\u2019est essentiel.\u00bb<\/p>\n<p class=\"sc-cPiKLX AiZTS text-element\">Aupr\u00e8s de l\u2019hebdomadaire, celui qui officie aussi sur France Inter <a href=\"https:\/\/www.liberation.fr\/economie\/medias\/france-inter-pas-de-deuxieme-saison-pour-jusquici-tout-va-bien-qui-succedait-a-lemission-de-charline-vanhoenacker-20240614_VGDB2B2UJBC3DKLI6A56FCRABY\/?redirected=1\" target=\"_blank\" rel=\"nofollow noopener\">en remplacement temporaire de Matthieu No\u00ebl<\/a> rend hommage aux personnels soignants avec qui il a pu \u00e9changer. \u00abDiscuter avec les formidables personnes (psychologues, m\u00e9decins, etc.) qui m\u2019accompagnaient a \u00e9t\u00e9 d\u2019une aide pr\u00e9cieuse. Leur \u00e9coute et leurs conseils me permettent aujourd\u2019hui d\u2019avancer plus sereinement\u00bb, affirme-t-il. Bertrand Chameroy se r\u00e9jouit, par ailleurs, de voir que \u00able tabou<a href=\"https:\/\/www.liberation.fr\/societe\/sante\/sante-mentale-travailler-ensemble-serait-ce-possible-20241217_TGBBPSJVL5GHNEYWZYQFD7CP2I\/\" target=\"_blank\" rel=\"nofollow noopener\"> de la sant\u00e9 mentale<\/a> commence enfin \u2013 et seulement \u2013 \u00e0 sauter.\u00bb. \u00abSi les t\u00e9moignages de personnalit\u00e9s sur les maux qui les rongent ou les ont rong\u00e9es, et qui touchent \u00e9galement des millions de Fran\u00e7ais, peuvent en aider ne serait-ce qu\u2019un, ce sera une belle avanc\u00e9e\u00bb poursuit-il, justifiant donc sa sortie du silence.<\/p>\n<p class=\"sc-cPiKLX AiZTS text-element\">Ces derniers mois (voire ann\u00e9es), plusieurs artistes ou personnalit\u00e9s des m\u00e9dias ont d\u00e9cid\u00e9 de m\u00e9diatiser leurs probl\u00e8mes de sant\u00e9 mentale. Apr\u00e8s une pause de 2016 \u00e0 2022, <a href=\"https:\/\/www.liberation.fr\/culture\/musique\/stromae-au-20-heures-mesdames-et-messieurs-bonsoir-le-storytelling-20220110_WRG3CCUTNZCN3POVSUMG4HFP24\/\" target=\"_blank\" rel=\"nofollow noopener\">le chanteur belge Stromae<\/a> avait, par exemple, assum\u00e9 souffrir de d\u00e9pression dans ces textes. Plus r\u00e9cemment, c\u2019est l\u2019animateur de la matinale de France Inter Nicolas Demorand qui a pris la plume pour raconter dans un livre &#8211; Int\u00e9rieur nuit (Les Ar\u00e8nes) &#8211; qu\u2019il souffre de bipolarit\u00e9. De quoi contribuer \u00e0 lever, petit \u00e0 petit, le tabou de la sant\u00e9 mentale.<\/p>\n","protected":false},"excerpt":{"rendered":"En janvier dernier, de nombreux t\u00e9l\u00e9spectateurs de C \u00e0 Vous sur France 5 s\u2019\u00e9taient \u00e9tonn\u00e9s de ne plus&hellip;\n","protected":false},"author":2,"featured_media":40609,"comment_status":"","ping_status":"","sticky":false,"template":"","format":"standard","meta":{"footnotes":""},"categories":[2],"tags":[11,1011,27,12,25,2072],"class_list":{"0":"post-40608","1":"post","2":"type-post","3":"status-publish","4":"format-standard","5":"has-post-thumbnail","7":"category-actualites","8":"tag-actualites","9":"tag-fr","10":"tag-france","11":"tag-news","12":"tag-republique-francaise","13":"tag-sante-mentale"},"share_on_mastodon":{"url":"https:\/\/pubeurope.com\/@fr\/114374065735397623","error":""},"_links":{"self":[{"href":"https:\/\/www.europesays.com\/fr\/wp-json\/wp\/v2\/posts\/40608","targetHints":{"allow":["GET"]}}],"collection":[{"href":"https:\/\/www.europesays.com\/fr\/wp-json\/wp\/v2\/posts"}],"about":[{"href":"https:\/\/www.europesays.com\/fr\/wp-json\/wp\/v2\/types\/post"}],"author":[{"embeddable":true,"href":"https:\/\/www.europesays.com\/fr\/wp-json\/wp\/v2\/users\/2"}],"replies":[{"embeddable":true,"href":"https:\/\/www.europesays.com\/fr\/wp-json\/wp\/v2\/comments?post=40608"}],"version-history":[{"count":0,"href":"https:\/\/www.europesays.com\/fr\/wp-json\/wp\/v2\/posts\/40608\/revisions"}],"wp:featuredmedia":[{"embeddable":true,"href":"https:\/\/www.europesays.com\/fr\/wp-json\/wp\/v2\/media\/40609"}],"wp:attachment":[{"href":"https:\/\/www.europesays.com\/fr\/wp-json\/wp\/v2\/media?parent=40608"}],"wp:term":[{"taxonomy":"category","embeddable":true,"href":"https:\/\/www.europesays.com\/fr\/wp-json\/wp\/v2\/categories?post=40608"},{"taxonomy":"post_tag","embeddable":true,"href":"https:\/\/www.europesays.com\/fr\/wp-json\/wp\/v2\/tags?post=40608"}],"curies":[{"name":"wp","href":"https:\/\/api.w.org\/{rel}","templated":true}]}}