{"id":406080,"date":"2025-09-21T01:13:17","date_gmt":"2025-09-21T01:13:17","guid":{"rendered":"https:\/\/www.europesays.com\/fr\/406080\/"},"modified":"2025-09-21T01:13:17","modified_gmt":"2025-09-21T01:13:17","slug":"le-programme-par-ville-consulter-la-carte","status":"publish","type":"post","link":"https:\/\/www.europesays.com\/fr\/406080\/","title":{"rendered":"le programme par ville, consulter la carte"},"content":{"rendered":"<p class=\"app_entry_lead\">\n<p>                \u00c0 travers la France, des monuments, mus\u00e9es et lieux habituellement ferm\u00e9s au public ouvrent leurs portes gratuitement ce week-end.<\/p>\n<p>Sommaire<\/p>\n<p>La 42e \u00e9dition des Journ\u00e9es Europ\u00e9ennes du Patrimoine (JEP), organis\u00e9e par le minist\u00e8re de la Culture, se d\u00e9roulent\u00a0ce week-end sur le th\u00e8me \u00ab\u00a0Patrimoine architectural\u00a0\u00bb. Ces samedi 20 et dimanche 21 septembre 2025,\u00a0il est possible de d\u00e9couvrir des endroits exceptionnels gratuitement\u00a0: de nombreux monuments, mus\u00e9es et des lieux secrets habituellement ferm\u00e9s au public. \u00c0 Paris, les possibilit\u00e9s sont nombreuses, mais certains sites sont pris d&rsquo;assaut et exigent une r\u00e9servation. Parmi les incontournables, le Palais Bourbon, qui h\u00e9berge l&rsquo;Assembl\u00e9e nationale, mais aussi la demeure pr\u00e9sidentielle, l&rsquo;\u00c9lys\u00e9e.<\/p>\n<p>Pour faciliter votre choix durant ce week-end plein de possibilit\u00e9s, Linternaute.com a s\u00e9lectionn\u00e9 20\u00a0sites incontournables un peu partout en France. Gr\u00e2ce \u00e0 notre sommaire ou au bas de l&rsquo;article, vous pouvez \u00e9galement consulter la liste des lieux \u00e0 visiter par grandes villes\u00a0:\u00a0Paris, Lyon, Marseille, Bordeaux, Toulouse, Lille, Strasbourg, Nantes. Enfin, la carte\u00a0des Journ\u00e9es du patrimoine, plus bas dans l&rsquo;article, permet d&rsquo;avoir une vue d&rsquo;ensemble des diff\u00e9rents \u00e9v\u00e9nements recens\u00e9s en ville ou \u00e0 la campagne, partout en France.<\/p>\n<p>Quel est le programme des Journ\u00e9es du patrimoine 2025 ?<\/p>\n<p>\u00c0 l&rsquo;occasion de cette 42e \u00e9dition, des milliers de b\u00e2timents ou lieux nationaux, historiques ou embl\u00e9matiques, aux constructions vernaculaires, ouvriront leurs portes gratuitement. Ce sera le cas par exemple de\u00a0l&rsquo;impressionnant chantier de l&rsquo;\u00e9glise de la Sainte-Trinit\u00e9\u00a0\u00e0 67\u00a0m\u00e8tres de hauteur, des Galeries Lafayette du boulevard Haussmann \u00e0 l&rsquo;occasion du centenaire de l&rsquo;Art d\u00e9co, des villas baln\u00e9aires de Lion-sur-Mer en Normandie, de la Saline Royale d&rsquo;Arc-et-Senans ou encore de l&rsquo;atelier d&rsquo;Alexander Calder en Centre-Val de Loire.\u00a0<\/p>\n<p><img decoding=\"async\" alt=\"\" src=\"https:\/\/www.europesays.com\/fr\/wp-content\/uploads\/2025\/09\/79473862.jpg\"\/><br \/>\nL&rsquo;Assembl\u00e9e Nationale (Palais Bourbon) se d\u00e9voile gratuitement durant les Journ\u00e9es du Patrimoine, sur inscription obligatoire. \u00a9\u00a0JPDN\/SIPA (publi\u00e9e le 27\/08\/2025)<\/p>\n<p>Ce sera \u00e9galement l&rsquo;occasion de vivre l&rsquo;exp\u00e9rience unique de la premi\u00e8re mondiale du spectacle Hidden \u00e0 Lascaux IV.\u00a0Ne manquez donc pas l&rsquo;opportunit\u00e9 de d\u00e9couvrir les joyaux de notre pays, habituellement cach\u00e9s aux yeux du public. Une occasion pour passer un week-end en famille, initier vos enfants \u00e0 l&rsquo;art et d\u00e9couvrir l&rsquo;envers du d\u00e9cor\u00a0de lieux mythiques\u00a0!\u00a0<\/p>\n<p>Que voir \u00e0 Paris durant les Journ\u00e9es du patrimoine 2025\u00a0?<\/p>\n<p>Voici une s\u00e9lection non exhaustive des lieux que nous avons s\u00e9lectionn\u00e9s\u00a0dans la capitale durant les Journ\u00e9es europ\u00e9ennes du patrimoine 2025\u00a0:<\/p>\n<ul>\n<li>Le <a href=\"https:\/\/museedemontmartre.fr\/evenements\/journees-europeennes-du-patrimoine-2025\/\" target=\"_blank\" rel=\"noopener\"><strong>mus\u00e9e de Montmartre<\/strong><\/a> invite \u00e0 un voyage au c\u0153ur de la vie artistique de la c\u00e9l\u00e8bre Butte Montmartre \u00e0 travers des visites comment\u00e9es et conf\u00e9rence autour des peintres, \u00e9crivains et musiciens qui l&rsquo;ont fa\u00e7onn\u00e9e.\u00a0En plus de d\u00e9couvrir les collections permanentes, ne manquez pas la conf\u00e9rence\u00a0consacr\u00e9e \u00e0 Aristide Bruant, enrichie d&rsquo;archives num\u00e9ris\u00e9es et de partitions chant\u00e9es par l&rsquo;\u00c9cole des Beaux-Arts.<\/li>\n<li>Un nouveau parcours de visite des tours de <strong>Notre-Dame de Paris <\/strong>ouvre au public, avec des horaires exceptionnels de 9h \u00e0 23h ce week-end.\u00a0Le circuit propose une immersion d&rsquo;environ 50 minutes dans l&rsquo;architecture gothique, enrichie par une nouvelle m\u00e9diation, notamment sonore, invitant \u00e0 l&rsquo;\u00e9merveillement, avec des\u00a0points de vue spectaculaires et in\u00e9dits dans et depuis les hauteurs des tours de la cath\u00e9drale, les beffrois restaur\u00e9s et la c\u00e9l\u00e8bre \u00ab\u00a0for\u00eat\u00a0\u00bb restitu\u00e9e en ch\u00eane massif.<\/li>\n<li>La\u00a0<strong>Sainte-Chapelle<\/strong>, c\u00e9l\u00e8bre pour ses 1\u00a0113\u00a0vitraux baign\u00e9s de lumi\u00e8re et construite pour conserver la couronne d&rsquo;\u00e9pines du Christ, propose des visites libres et gratuites le dimanche 21 septembre de 9h \u00e0 18h, <a href=\"https:\/\/tickets.monuments-nationaux.fr\/fr-FR\/produits-seances?site=2035141861660400306&amp;famille=2517981064460404925\" target=\"_blank\" rel=\"noopener\">uniquement sur r\u00e9servation<\/a>.<\/li>\n<li>Le <a href=\"https:\/\/www.museefm.org\/actu.htm\" target=\"_blank\" rel=\"noopener\"><strong>mus\u00e9e de la f<\/strong><strong>ranc-ma\u00e7onnerie<\/strong><\/a>\u00a0accueille les visiteurs gratuitement et sans r\u00e9servation le samedi de 10h\u00a0\u00e0 19h et le dimanche\u00a0de 10h\u00a0\u00e0 18h avec la possibilit\u00e9 d&rsquo;assister \u00e0 des visites guid\u00e9es ou de\u00a0d\u00e9ambuler librement dans le mus\u00e9e et visiter l&rsquo;exposition temporaire \u00ab\u00a0Initiations Foresti\u00e8res, des Bons Cousins aux Carbonari\u00a0\u00bb.<\/li>\n<li>La <strong>visite th\u00e9\u00e2trale de l&rsquo;H\u00f4tel de Ville <\/strong>est une repr\u00e9sentation artistique mettant en sc\u00e8ne Rosa, 658\u00a0ans et improbable habitante de la sur saint Jacques. Celle-ci dure 45\u00a0minutes avec des sessions \u00e0 12h et \u00e0 15h, samedi et dimanche, dans la salle de travail du Conseil de Paris \u00e0 l&rsquo;H\u00f4tel de Ville. L&rsquo;entr\u00e9e est gratuite et sans r\u00e9servation, alors veillez \u00e0 arriver en avance pour avoir une place.\u00a0<\/li>\n<\/ul>\n<p>Que faire pour les Journ\u00e9es du patrimoine 2025 en \u00cele-de-France\u00a0?<\/p>\n<p>Parmi les propositions des institutions qui ouvrent leurs portes gratuitement en r\u00e9gion parisienne, voici notre TOP\u00a03\u00a0des visites \u00e0 ne pas manquer durant les Journ\u00e9es Europ\u00e9ennes du Patrimoine 2025\u00a0:\u00a0<\/p>\n<ul>\n<li>Le <strong>mus\u00e9e de l&rsquo;Air et de l&rsquo;Espace<\/strong>\u00a0ouvre gratuitement les portes de\u00a0ses collections et de ses r\u00e9serves et ateliers d&rsquo;entretien et de restauration\u00a0des avions, situ\u00e9s \u00e0 Dugny en bordure de piste de l&rsquo;a\u00e9roport de Paris-Le Bourget, avec la possibilit\u00e9 de\u00a0visiter l&rsquo;A380\u00a0expos\u00e9 sur le tarmac du mus\u00e9e. <a href=\"https:\/\/www.museeairespace.fr\/agenda\/journees-europeennes-du-patrimoine-2025\/\" target=\"_blank\" rel=\"noopener\">Le programme<\/a>.<\/li>\n<li>Le <a href=\"https:\/\/www.chateauversailles.fr\/actualites\/evenements\/journees-europeennes-patrimoine#la-republique-a-versailles\" target=\"_blank\" rel=\"noopener\"><strong>ch\u00e2teau de Versailles<\/strong><\/a>\u00a0: les visiteurs de ce week-end patrimonial sont invit\u00e9s \u00e0 d\u00e9couvrir gratuitement le Congr\u00e8s, b\u00e2ti en 1875\u00a0pour les d\u00e9put\u00e9s et le S\u00e9nat, et les appartements du Pr\u00e9sident du Congr\u00e8s, \u00e0 l&rsquo;occasion du\u00a0150e\u00a0anniversaire de la IIIe\u00a0R\u00e9publique.<\/li>\n<li>Le <strong>Domaine national de Saint-Cloud <\/strong>ouvre ses portes pour des visites, balades historiques et th\u00e9\u00e2tralis\u00e9es par la troupe des Trois Clouds ainsi que des animations. Vous pourrez \u00e9galement d\u00e9couvrir le jardin des \u00ab\u00a0dr\u00f4les de petites b\u00eates\u00a0\u00bb, la c\u00e9l\u00e8bre collection d&rsquo;Antoon Krings, ainsi que l&rsquo;exposition exceptionnelle des \u0153uvres de Christian Lapie.\u00a0<a href=\"https:\/\/www.domaine-saint-cloud.fr\/agenda\/journees-europeennes-du-patrimoine-2025\" target=\"_blank\" rel=\"noopener\">Consulter\u00a0les infos, horaires et tarifs<\/a>.<\/li>\n<\/ul>\n<p>Que voir \u00e0 Lyon pour les Journ\u00e9es du patrimoine 2025 ?<\/p>\n<p>Voici une s\u00e9lection de\u00a0lieux embl\u00e9matiques visitables gratuitement dans le cadre de\u00a0l&rsquo;\u00e9v\u00e9nement 2025\u00a0sur le th\u00e8me \u00ab\u00a0Patrimoine architectural\u00a0\u00bb\u00a0:<\/p>\n<ul>\n<li>Visite guid\u00e9e et gratuite du <strong>poste 1 (d&rsquo;aiguillage) de la<\/strong> <strong>gare de Lyon Perrache\u00a0<\/strong>sur <a href=\"https:\/\/www.ahicf.com\/\" target=\"_blank\" rel=\"noopener\">inscription obligatoire<\/a>.<\/li>\n<li><strong>Balade urbaine \u00ab\u00a0O\u00f9 sont les femmes\u00a0?\u00a0\u00bb<\/strong>, programm\u00e9es entre 11h et\u00a017h, dans les 2e, 3e, 6e et 9e\u00a0arrondissements de Lyon. D\u00e9couvrez la ville \u00e0 travers les lieux qui rendent hommage \u00e0 des femmes qui ont marqu\u00e9 leur temps\u00a0dans le matrimoine local lyonnais, de la M\u00e8re Brazier qui a form\u00e9 Paul Bocuse \u00e0 Julie-Victoire Daubi\u00e9, premi\u00e8re Bacheli\u00e8re.\u00a0<a href=\"https:\/\/www.filactions.org\/balades-urbaines-femmes-lyon\/\" target=\"_blank\" rel=\"noopener\">R\u00e9servation obligatoire<\/a><\/li>\n<li><strong><a href=\"https:\/\/www.chrd.lyon.fr\/chrd\/agenda-musee\/journees-europeennes-du-patrimoine\" target=\"_blank\" rel=\"noopener\">Centre d&rsquo;Histoire de la R\u00e9sistance et de la D\u00e9portation de Lyon<\/a>\u00a0<\/strong>: visite, parcours urbain et\u00a0atelier sont propos\u00e9s.<\/li>\n<li>La visite de<strong> l&rsquo;Op\u00e9ra de Lyon<\/strong> est \u00e0 ne pas manquer. 18\u00a0\u00e9tages d&rsquo;histoire et d&rsquo;art sont \u00e0 visiter dimanche, de 12h \u00e0 18h30\u00a0place de la Com\u00e9die, dans le 1er arrondissement. Veillez \u00e0 r\u00e9server vos places \u00e0 l&rsquo;avance.\u00a0<\/li>\n<\/ul>\n<p>Quel programme des Journ\u00e9es du patrimoine \u00e0 Marseille\u00a0?<\/p>\n<p>Voici\u00a0les lieux embl\u00e9matiques visitables durant l&rsquo;\u00e9v\u00e9nement des Journ\u00e9es Europ\u00e9ennes du patrimoine 2025\u00a0dans la cit\u00e9 phoc\u00e9enne\u00a0:<\/p>\n<ul>\n<li>La <strong>Savonnerie Fer \u00e0 Cheval<\/strong>,\u00a0plus ancienne savonnerie de Marseille qui perp\u00e9tue la fabrication artisanale et ancestrale du savon de Marseille, ouvre ses portes au public. <a href=\"https:\/\/savon-de-marseille.com\/pages\/visite\" target=\"_blank\" rel=\"noopener\">R\u00e9servation obligatoire<\/a><\/li>\n<li>Au <a href=\"https:\/\/mucem.org\/evenement\/journees-europeennes-du-patrimoine\/\" target=\"_blank\" rel=\"noopener\"><b>Mucem<\/b><\/a>,<b>\u00a0<\/b>les expositions seront en acc\u00e8s libre et\u00a0les grandes r\u00e9serves seront exceptionnellement ouvertes au public avec des visites guid\u00e9es organis\u00e9es toutes les heures avec des d\u00e9parts entre 10h15\u00a0et 17h15. Des travers\u00e9es du grand port de commerce sont \u00e9galement organis\u00e9es.\u00a0<\/li>\n<li><strong>Mus\u00e9e Cantini<\/strong>\u00a0: des visites flash de 20\u00a0min autour des \u0153uvres\u00a0Le Palais \u00e0 4h du matin\u00a0et\u00a0L&rsquo;Objet Invisible\u00a0de l&rsquo;artiste Alberto Giacometti\u00a0sont organis\u00e9es le samedi de 10h \u00e0 12h et de 14h \u00e0 18h.<\/li>\n<li><strong><a href=\"https:\/\/musees.marseille.fr\/journees-europeennes-du-patrimoine-au-museum-dhistoire-naturelle-de-marseille\" target=\"_blank\" rel=\"noopener\">Mus\u00e9e d&rsquo;Histoire Naturelle de Marseille<\/a><\/strong>\u00a0:\u00a0visites libres des expositions \u00ab\u00a0Terre d&rsquo;Evolution\u00a0\u00bb et \u00ab\u00a0Oc\u00e9ans\u00a0\u00bb et conf\u00e9rence \u00ab\u00a0Longchamp, un parc dans sa ville\u00a0: valeur patrimoniale, valeur d&rsquo;usage\u00a0\u00bb. Entr\u00e9e libre dans la limite des places disponibles.<\/li>\n<li>D\u00e9couvrez aussi la<strong> Cit\u00e9 radieuse<\/strong>, inscrite au Patrimoine mondial de l&rsquo;Unesco. La visite comment\u00e9e est accessible dans r\u00e9servation depuis l&rsquo;entr\u00e9e lat\u00e9rale du haut de la Cit\u00e9 radieuse le samedi et le dimanche de 10h \u00e0 17\u00a0heures (dernier d\u00e9part \u00e0 16h30)<\/li>\n<\/ul>\n<p>Que voir pour les Journ\u00e9es du patrimoine 2025 \u00e0 Bordeaux\u00a0?<\/p>\n<p>De nombreuses visites guid\u00e9es ou expositions sont propos\u00e9es \u00e0 travers le patrimoine bordelais.\u00a0Voici les sites \u00e0 ne pas manquer\u00a0:<\/p>\n<ul>\n<li>Le\u00a0<strong>Mus\u00e9um de Bordeaux &#8211; sciences et nature <\/strong>propose une visite du Centre de Conservation des Collections, une projection du documentaire The Woman Who Loves Giraffes, ainsi que des visites flash sur le th\u00e8me des animaux b\u00e2tisseurs et des femmes \u00e9thologues.<\/li>\n<li>Un <a href=\"https:\/\/www.visiter-bordeaux.com\/fr\/les-journees-europeennes-du-patrimoine-et-du-matrimoine\/special-enfant-rallye-mythologique-bordeaux?subid=jep-bt\" target=\"_blank\" rel=\"noopener\"><strong>rallye mythologique<\/strong><\/a> est propos\u00e9\u00a0en famille, partez \u00e0\u00a0l&rsquo;aventure sur les traces des dieux et des l\u00e9gendes, moyennant 4 euros par personne.<\/li>\n<li>Visite de l&rsquo;<strong>Observatoire astronomique de Bordeaux <\/strong>lors d&rsquo;un parcours alliant patrimoine scientifique et artistique. Sur <a href=\"https:\/\/sirius-floirac.fr\/visites-art-sciences\/\" target=\"_blank\" rel=\"noopener\">r\u00e9servation obligatoire aupr\u00e8s de l&rsquo;association Sirius<\/a>.<\/li>\n<\/ul>\n<p>Quel programme des Journ\u00e9es du Patrimoine 2025 \u00e0 Toulouse ?<\/p>\n<p>Voici\u00a0les lieux embl\u00e9matiques visitables durant l&rsquo;\u00e9v\u00e9nement des\u00a0Journ\u00e9es europ\u00e9ennes du patrimoine 2025 \u00e0 Toulouse, la ville rose\u00a0:<\/p>\n<ul>\n<li>L&rsquo;<a href=\"https:\/\/www.toulouse-tourisme.com\/agenda\/journees-du-patrimoine-a-lobservatoire-de-jolimont\/\" target=\"_blank\" rel=\"noopener\"><strong>Observatoire de Jolimont-Toulouse<\/strong><\/a> propose\u00a0un parcours sur le th\u00e8me de l&rsquo;astronomie.\u00a0Partez \u00e0 la d\u00e9couverte des \u00e9toiles.<\/li>\n<li><strong>Atelier gratuit de d\u00e9couverte de la taille de pierre<\/strong>\u00a0: samedi 20\u00a0septembre 2025\u00a0de 10h \u00e0 18h et dimanche 21\u00a0septembre 2025\u00a0de 10h \u00e0 18h \u00e0 l&rsquo;h\u00f4tel des chevaliers de Saint-Jean de J\u00e9rusalem\u00a0&#8211; DRAC Occitanie.<\/li>\n<li>La <a href=\"https:\/\/www.toulouse-tourisme.com\/agenda\/journees-du-patrimoine-a-la-banque-de-france\/\" target=\"_blank\" rel=\"noopener\"><strong>Banque de France<\/strong><\/a> ouvre ses portes sur r\u00e9servation obligatoire.\u00a0Au programme,\u00a0une visite libre du grand hall, de la salle des coffres ainsi que des jardins et de nombreuses animations.\u00a0D\u00e9couvrez les missions r\u00e9gionales de la Banque de France \u00e0 travers plusieurs stands th\u00e9matiques. Les plus jeunes pourront colorier une\u00a0fresque g\u00e9ante.<\/li>\n<\/ul>\n<p>Que voir pour les Journ\u00e9es du patrimoine 2025 \u00e0 Lille\u00a0?<\/p>\n<p>Voici\u00a0les lieux embl\u00e9matiques visitables durant l&rsquo;\u00e9v\u00e9nement des\u00a0Journ\u00e9es europ\u00e9ennes du patrimoine 2025\u00a0dans la ville de Lille\u00a0:<\/p>\n<ul>\n<li>Le <strong>zoo de Lille<\/strong> ouvre ses portes et vous invite \u00e0 participer \u00e0 la conservation de la biodiversit\u00e9 animale. <a href=\"https:\/\/www.lille.fr\/Evenements\/Les-journees-de-la-conservation\" target=\"_blank\" rel=\"noopener\">En savoir plus<\/a>.<\/li>\n<li>Visitez gratuitement l&rsquo;exposition\u00a0<a href=\"https:\/\/maisonsfolie.lille.fr\/baile-funk-un-cri-de-liberte\" target=\"_blank\" rel=\"noopener\">Baile Funk\u00a0: un cri de libert\u00e9<\/a>, \u00e0 la <strong>maison Folie Wazemmes<\/strong>, les samedi et dimanche \u00e0 14 heures.<\/li>\n<li>Visite libre du <strong>Beffroi de l&rsquo;H\u00f4tel de Ville<\/strong> en acc\u00e8s libre, mais r\u00e9servation sur place.<\/li>\n<li><strong>Cath\u00e9drale Notre-Dame-de-la-Treille<\/strong> : partez \u00e0 la d\u00e9couverte du patrimoine religieux hospitalier du Vieux-Lille gr\u00e2ce \u00e0 une visite guid\u00e9e qui vous fera revivre l&rsquo;histoire des d\u00e9buts des h\u00f4pitaux de Lille en d\u00e9couvrant la vie des comtesses de Flandre et des s\u0153urs augustines hospitali\u00e8res. Rendez-vous dimanche 21\u00a0septembre 2025\u00a0de 10h30\u00a0\u00e0 12h\u00a0au pied des marches de la Cath\u00e9drale Notre-Dame de la Treille.\u00a025\u00a0places disponibles.<\/li>\n<\/ul>\n<p><a class=\"fancy\" href=\"https:\/\/www.europesays.com\/fr\/wp-content\/uploads\/2025\/09\/11520209.jpg\" target=\"_blank\"><img decoding=\"async\" alt=\"journ\u00e9es du patrimoine\" src=\"https:\/\/www.europesays.com\/fr\/wp-content\/uploads\/2025\/09\/11520209.jpg\"\/><\/a><\/p>\n<p>La ville de Lille vue d&rsquo;en haut. Parmi les monuments visibles, la grand place avec au premier plan la statue de la Deesse et le beffroi (tour) de la chambre de commerce. Au loin, la tour de Lille (forme sabot) implant\u00e9e dans le quartier d&rsquo;Euralille. \u00a9\u00a0FIEVEZ\/SIPA<\/p>\n<p>Quel programme des Journ\u00e9es du patrimoine 2025 \u00e0 Strasbourg\u00a0?<\/p>\n<p>Voici une s\u00e9lection non exhaustive du programme des Journ\u00e9es europ\u00e9ennes du patrimoine 2025\u00a0\u00e0 Strasbourg\u00a0:<\/p>\n<ul>\n<li>Le\u00a0<strong>mus\u00e9e historique\u00a0de la ville de Strasbourg<\/strong>\u00a0propose 3\u00a0visites th\u00e9matiques avec la conservatrice du mus\u00e9e\u00a0: les coups de c\u0153ur de la conservatrice, le b\u00e2timent des anciennes boucheries et le nouvel accrochage sur l&rsquo;Europe. Ces visites ont\u00a0lieu samedi 20\u00a0septembre \u00e0 14h, 15h et 16h d&rsquo;une dur\u00e9e d&rsquo;une heure. Un jeu de piste \u00ab\u00a0En route vers le pass\u00e9\u00a0\u00bb est \u00e9galement organis\u00e9 dans les collections avec de petites histoires cont\u00e9es. Dans la limite des places disponibles, \u00e0 partir de 4 ans, le dimanche 21\u00a0septembre \u00e0 14h30\u00a0et \u00e0 15h30.<\/li>\n<li>Le\u00a0<a href=\"https:\/\/www.theatredelachouc.com\/journees-du-patrimoine\/\" target=\"_blank\" rel=\"noopener\"><strong>Th\u00e9\u00e2tre de la Choucrouterie<\/strong><\/a> propose une visite gratuite de la salle\u00a0embl\u00e9matique du Barabli, place Broglie, pour vous plonger dans\u00a0l&rsquo;univers de celui qui a introduit le cabaret satirique en Alsace,\u00a0avec ses c\u00e9l\u00e8bres revues.<\/li>\n<li>Visite libre de l&rsquo;<strong>H\u00f4tel de Ville de Strasbourg<\/strong>, ancien h\u00f4tel particulier du XVIIIe si\u00e8cle, aujourd&rsquo;hui maison commune des citoyens de Strasbourg, le samedi de 10h \u00e0 midi.<\/li>\n<\/ul>\n<p>Que visiter durant les\u00a0Journ\u00e9es du patrimoine 2025 \u00e0 Nantes\u00a0?<\/p>\n<p>Retrouvez ci-dessous notre s\u00e9lection du programme des\u00a0Journ\u00e9es europ\u00e9ennes du patrimoine 2025\u00a0\u00e0 Nantes\u00a0:<\/p>\n<ul>\n<li>Le\u00a0<a href=\"https:\/\/julesverne.nantesmetropole.fr\/agenda\/tous-les-evenements\/journees-europeennes-du-patrimoine-le-temps-qui-pousse\/\" target=\"_blank\" rel=\"noopener\"><strong>Mus\u00e9e Jules Verne<\/strong><\/a>\u00a0propose des visites guid\u00e9es\u00a0dans son Jardin Extraordinaire,\u00a0cette oasis de verdure inspir\u00e9e des voyages de Jules Verne.<\/li>\n<li>La\u00a0<strong>cha\u00eene\u00a0France 3\u00a0Pays de la Loire<\/strong>\u00a0ouvre exceptionnellement les portes de ses studios pour d\u00e9couvrir les coulisses des JT\u00a0samedi de 9h\u00a0\u00e0 11h30 et\u00a0de 14h \u00e0 17h uniquement <a href=\"https:\/\/my.weezevent.com\/portes-ouvertes-a-france-3-pays-de-la-loire#\" target=\"_blank\" rel=\"noopener\">sur inscription<\/a>.<\/li>\n<li>Les\u00a0<b>salons Mauduit <\/b>sont ouverts au public le samedi, visites comment\u00e9es \u00e0 10h, 14h et 16h sur r\u00e9servation gratuites et exposition visible de 10h30\u00a0\u00e0 18h.<\/li>\n<\/ul>\n<p>La carte des Journ\u00e9es du patrimoine 2025\u00a0: quel programme pr\u00e8s de chez vous\u00a0?<\/p>\n<p>D\u00e9couvrez le programme des Journ\u00e9es du patrimoine 2025\u00a0gr\u00e2ce \u00e0 la <a href=\"https:\/\/livemap.getwemap.com\/dom?emmid=31428&amp;token=at5762afd38d6f01.85348805\" target=\"_blank\" rel=\"noopener\">carte interactive<\/a>\u00a0ci-dessous qui permet, ville par ville, r\u00e9gion par r\u00e9gion, de trouver un \u00e9v\u00e9nement pr\u00e8s de chez vous. Certains saisiront l&rsquo;occasion de visiter un haut lieu culturel, exceptionnellement de mani\u00e8re gratuite, et de profiter d&rsquo;activit\u00e9s uniques pour une visite originale. D&rsquo;autres s&rsquo;orienteront vers l&rsquo;une de ces merveilles de notre patrimoine qui ne se visitent qu&rsquo;une fois par an\u00a0en septembre.<\/p>\n","protected":false},"excerpt":{"rendered":"\u00c0 travers la France, des monuments, mus\u00e9es et lieux habituellement ferm\u00e9s au public ouvrent leurs portes gratuitement ce&hellip;\n","protected":false},"author":2,"featured_media":406081,"comment_status":"","ping_status":"","sticky":false,"template":"","format":"standard","meta":{"footnotes":""},"categories":[1888],"tags":[1111,1928,11,1927,53766,51761,1777,674,51763,1011,27,48159,12,1926,51767,626,1925,25,53767],"class_list":{"0":"post-406080","1":"post","2":"type-post","3":"status-publish","4":"format-standard","5":"has-post-thumbnail","7":"category-paris","8":"tag-actu","9":"tag-actu-paris","10":"tag-actualites","11":"tag-actualites-paris","12":"tag-cms-linternaute-1318726","13":"tag-controller-content","14":"tag-eu","15":"tag-europe","16":"tag-format-papier","17":"tag-fr","18":"tag-france","19":"tag-journees-du-patrimoine","20":"tag-news","21":"tag-news-paris","22":"tag-parallaxeinfeed","23":"tag-paris","24":"tag-paris-news","25":"tag-republique-francaise","26":"tag-salons-evenements"},"share_on_mastodon":{"url":"https:\/\/pubeurope.com\/@fr\/115239636425596489","error":""},"_links":{"self":[{"href":"https:\/\/www.europesays.com\/fr\/wp-json\/wp\/v2\/posts\/406080","targetHints":{"allow":["GET"]}}],"collection":[{"href":"https:\/\/www.europesays.com\/fr\/wp-json\/wp\/v2\/posts"}],"about":[{"href":"https:\/\/www.europesays.com\/fr\/wp-json\/wp\/v2\/types\/post"}],"author":[{"embeddable":true,"href":"https:\/\/www.europesays.com\/fr\/wp-json\/wp\/v2\/users\/2"}],"replies":[{"embeddable":true,"href":"https:\/\/www.europesays.com\/fr\/wp-json\/wp\/v2\/comments?post=406080"}],"version-history":[{"count":0,"href":"https:\/\/www.europesays.com\/fr\/wp-json\/wp\/v2\/posts\/406080\/revisions"}],"wp:featuredmedia":[{"embeddable":true,"href":"https:\/\/www.europesays.com\/fr\/wp-json\/wp\/v2\/media\/406081"}],"wp:attachment":[{"href":"https:\/\/www.europesays.com\/fr\/wp-json\/wp\/v2\/media?parent=406080"}],"wp:term":[{"taxonomy":"category","embeddable":true,"href":"https:\/\/www.europesays.com\/fr\/wp-json\/wp\/v2\/categories?post=406080"},{"taxonomy":"post_tag","embeddable":true,"href":"https:\/\/www.europesays.com\/fr\/wp-json\/wp\/v2\/tags?post=406080"}],"curies":[{"name":"wp","href":"https:\/\/api.w.org\/{rel}","templated":true}]}}