{"id":406082,"date":"2025-09-21T01:14:12","date_gmt":"2025-09-21T01:14:12","guid":{"rendered":"https:\/\/www.europesays.com\/fr\/406082\/"},"modified":"2025-09-21T01:14:12","modified_gmt":"2025-09-21T01:14:12","slug":"les-aliments-ultra-transformes-favorisent-ils-le-cancer-colorectal-ce-que-linstitut-pasteur-veut-prouver","status":"publish","type":"post","link":"https:\/\/www.europesays.com\/fr\/406082\/","title":{"rendered":"Les aliments ultra-transform\u00e9s favorisent-ils le cancer colorectal ? Ce que l&rsquo;Institut Pasteur veut prouver"},"content":{"rendered":"<p>            Par<br \/>\n        <strong><br \/>\n            <a href=\"https:\/\/actu.fr\/auteur\/redaction-actu\" title=\"Consulter tous les articles de R\u00e9daction Actu\" target=\"_blank\" rel=\"noopener\">R\u00e9daction Actu<\/a><br \/>\n        <\/strong><\/p>\n<p>        Publi\u00e9 le<\/p>\n<p>            20 sept. 2025 \u00e0 19h08        <\/p>\n<p>Un riche microbiote intestinal pr\u00e9serve-t-il du <strong>cancer colorectal<\/strong>, et <a href=\"https:\/\/actu.fr\/alimentation\" target=\"_blank\" rel=\"noopener\">l\u2019alimentation<\/a> ultra-transform\u00e9e, en<strong> alt\u00e9rant le microbiote<\/strong>, favorise-t-elle l\u2019apparition de cette maladie, en hausse chez les jeunes ? Ces questions sont au c\u0153ur de nouvelles recherches men\u00e9es \u00e0 l\u2019Institut Pasteur.<\/p>\n<p class=\" wall-content\">Le cancer colorectal fait partie des six <a href=\"https:\/\/actu.fr\/tag\/cancer\" target=\"_blank\" rel=\"noopener\">cancers<\/a> (dont ceux du cerveau, du rein, du sein\u2026) <a href=\"https:\/\/actu.fr\/societe\/ces-six-cancers-inquietants-en-hausse-chez-les-ados-et-les-jeunes-adultes-francais_62331026.html\" target=\"_blank\" rel=\"noopener\">dont l\u2019incidence a augment\u00e9 parmi les 15-39 ans<\/a> en France de 2000 \u00e0 2020, selon Sant\u00e9 publique France, suscitant l\u2019inqui\u00e9tude.<\/p>\n<p class=\" wall-content\">Si le fait qu\u2019un<strong> mode de vie sain r\u00e9duit les risques<\/strong> est bien connu \u2013 \u00e9viter tabac et alcool, manger vari\u00e9 et \u00e9quilibr\u00e9, faire de l\u2019activit\u00e9 r\u00e9guli\u00e8re\u2026 -, le lien, encore m\u00e9connu, entre cancer colorectal et microbiote intestinal fait l\u2019objet de nombreuses recherches.<\/p>\n<p>Un microbiote d\u00e9r\u00e9gul\u00e9, attention danger<\/p>\n<p class=\" wall-content\">\u00c9cosyst\u00e8me complexe de micro-organismes qui vivent dans notre intestin, le <a href=\"https:\/\/actu.fr\/lifestyle\/alimentation-les-produits-incontournables-pour-prendre-soin-de-son-microbiote-intestinal-et-booster-sa-sante_62048905.html\" target=\"_blank\" rel=\"noopener\">microbiote intestinal<\/a> est essentiel \u00e0 notre bonne <a href=\"https:\/\/actu.fr\/tag\/sante\" target=\"_blank\" rel=\"noopener\">sant\u00e9<\/a> : digestion, immunit\u00e9, protection de la muqueuse intestinale\u2026<\/p>\n<p class=\" wall-content\">On sait que notre r\u00e9gime alimentaire influence sa composition et son fonctionnement : un microbiote d\u00e9s\u00e9quilibr\u00e9 peut favoriser l\u2019inflammation et la production de substances toxiques, <strong>d\u00e9r\u00e9guler notre syst\u00e8me immunitaire<\/strong> et ainsi augmenter les risques de d\u00e9velopper des cancers, dont le cancer colorectal.<\/p>\n<p class=\" wall-content\">\u00c0 l\u2019Institut Pasteur, \u00e0 Paris, le chercheur Benoit Chassaing, directeur de recherche Inserm, dirige le laboratoire \u00ab\u00a0Interactions microbiote-h\u00f4te\u00a0\u00bb \u2014 cr\u00e9\u00e9 il y a un an-, o\u00f9 il explore <strong>l\u2019influence de l\u2019alimentation moderne<\/strong> sur le microbiote intestinal et son lien avec le cancer colorectal notamment.<\/p>\n<blockquote class=\"ac-article-quote wall-content\">\n<p>Nous \u00e9tudions beaucoup les agents \u00e9mulsifiants, les additifs les plus couramment utilis\u00e9s pour allonger la conservation et am\u00e9liorer la texture des produits : les cr\u00e8mes glac\u00e9es, les pains de mie, les barres chocolat\u00e9es, les vinaigrettes&#8230; Nous avons pu montrer qu&rsquo;ils alt\u00e8rent le microbiote.<\/p>\n<p>    <strong>Benoit Chassaing<\/strong><br \/>\n        Directeur de recherche Inserm    <\/p><\/blockquote>\n<p>Votre r\u00e9gion, votre actu !<\/p>\n<p>Recevez chaque jour les infos qui comptent pour vous.<\/p>\n<p>\t<a href=\"https:\/\/actu.fr\/newsletter\" class=\"ac-btn ac-btn--corner ac-btn--medium ac-btn--blue800\" target=\"_blank\" rel=\"noopener\">S&rsquo;incrire<\/a><br \/>\nUn lien prouv\u00e9 chez les souris<\/p>\n<p class=\" wall-content\">Fin juillet, la revue Nature communications a publi\u00e9 une \u00e9tude Inserm\/Institut Pasteur de son \u00e9quipe, montrant que chez la souris, la<strong> consommation d\u2019additifs alimentaires par la m\u00e8re alt\u00e8re le microbiote des descendants<\/strong>, augmentant le risque de d\u00e9velopper des maladies inflammatoires chroniques.<\/p>\n<p class=\" wall-content\">Des souris femelles ont \u00e9t\u00e9 expos\u00e9es \u00e0 des \u00e9mulsifiants tr\u00e8s courants (E466, E433) 10 semaines avant la gestation, puis pendant la grossesse et l\u2019allaitement. Et les chercheurs ont not\u00e9 une alt\u00e9ration du microbiote des souriceaux : une augmentation de bact\u00e9ries flagell\u00e9es, susceptibles de d\u00e9clencher une r\u00e9ponse inflammatoire.<\/p>\n<blockquote class=\"ac-article-quote wall-content\">\n<p>Nos travaux montrent que chez la souris, ce microbiote en mauvaise sant\u00e9 est transmis \u00e0 la g\u00e9n\u00e9ration d&rsquo;apr\u00e8s : ces enfants r\u00e9cup\u00e8rent des mauvaises bact\u00e9ries qui les rendent tr\u00e8s susceptibles \u00e0 l&rsquo;\u00e2ge adulte de d\u00e9velopper des maladies inflammatoires chroniques de l&rsquo;intestin, des d\u00e9r\u00e9gulations m\u00e9taboliques et l&rsquo;ob\u00e9sit\u00e9.<\/p>\n<p>    <strong>Benoit Chassaing<\/strong><br \/>\n        Directeur de recherche Inserm    <\/p><\/blockquote>\n<p class=\" wall-content\">Or certains de ces \u00e9mulsifiants<strong> \u00ab\u00a0se retrouvent \u00e9galement dans le lait en poudre<\/strong> et des aliments pour les jeunes enfants\u00a0\u00bb, note-t-il.<\/p>\n<p>Des essais \u00e0 mener sur l\u2019humain<\/p>\n<p class=\" wall-content\">Des essais cliniques sur l\u2019humain restent \u00e0 mener, dans le but d\u2019<strong>adopter un jour des r\u00e9glementations<\/strong> favorisant l\u2019utilisation, par l\u2019industrie agroalimentaire, \u00ab\u00a0d\u2019additifs inoffensifs et l\u2019arr\u00eat de celle d\u2019additifs d\u00e9l\u00e9t\u00e8res\u00a0\u00bb, poursuit Benoit Chassaing.\u00a0<\/p>\n<p class=\" wall-content\">Son \u00e9quipe \u00e9tudie aussi la<strong> couche de mucus<\/strong> qui tapisse la paroi des intestins : normalement st\u00e9rile, elle peut, lorsque le microbiote est perturb\u00e9, \u00eatre colonis\u00e9e par des bact\u00e9ries favorisant <strong>l\u2019apparition de l\u00e9sions pr\u00e9canc\u00e9reuses<\/strong>, puis d\u2019un cancer colorectal.<\/p>\n<p class=\" wall-content\">Dans le laboratoire, une pi\u00e8ce abrite le microbiote \u00ab\u00a0in vitro\u00a0\u00bb, avec lequel l\u2019\u00e9quipe m\u00e8ne d\u2019autres recherches. Chauff\u00e9 \u00e0 37 degr\u00e9s Celsius, d\u00e9pourvu d\u2019oxyg\u00e8ne, il reproduit les conditions de l\u2019intestin : derri\u00e8re une paroi de plastique, 48 petits compartiments re\u00e7oivent des bact\u00e9ries qui se nourrissent de bol alimentaire (masse alimentaire mastiqu\u00e9e), comme pendant la digestion.<\/p>\n<p class=\" wall-content\">On peut y observer la r\u00e9action de 48 microbiotes singuliers \u00e0 des additifs alimentaires : on voit si l\u2019un est plus sensible que l\u2019autre \u00e0 l\u2019impact de ces composants de l\u2019alimentation ultra-transform\u00e9e \u2014 aujourd\u2019hui test\u00e9s avant commercialisation pour leur toxicit\u00e9 et leur impact sur l\u2019ADN, mais pas sur le microbiote.<\/p>\n<p class=\" wall-content\"><strong>Source AFP<\/strong><\/p>\n<p class=\" wall-content\">Personnalisez votre actualit\u00e9 en ajoutant vos villes et m\u00e9dias en favori avec <a href=\"https:\/\/moncompte.actu.fr\" title=\"D\u00e9couvez Mon Actu\" rel=\"nofollow noopener\" data-trk=\"{&quot;cta&quot;:{&quot;action&quot;:&quot;https:\\\/\\\/moncompte.actu.fr&quot;,&quot;category&quot;:&quot;mon compte&quot;,&quot;from&quot;:&quot;article footer&quot;,&quot;name&quot;:&quot;Mon actu&quot;,&quot;type&quot;:&quot;cta&quot;}}\" target=\"_blank\">Mon Actu<\/a>.<\/p>\n","protected":false},"excerpt":{"rendered":"Par R\u00e9daction Actu Publi\u00e9 le 20 sept. 2025 \u00e0 19h08 Un riche microbiote intestinal pr\u00e9serve-t-il du cancer colorectal,&hellip;\n","protected":false},"author":2,"featured_media":406083,"comment_status":"","ping_status":"","sticky":false,"template":"","format":"standard","meta":{"footnotes":""},"categories":[1888],"tags":[11,258,101,1777,674,1011,27,12,626,25,71,104],"class_list":{"0":"post-406082","1":"post","2":"type-post","3":"status-publish","4":"format-standard","5":"has-post-thumbnail","7":"category-paris","8":"tag-actualites","9":"tag-alimentation","10":"tag-cancer","11":"tag-eu","12":"tag-europe","13":"tag-fr","14":"tag-france","15":"tag-news","16":"tag-paris","17":"tag-republique-francaise","18":"tag-sante","19":"tag-societe"},"share_on_mastodon":{"url":"","error":""},"_links":{"self":[{"href":"https:\/\/www.europesays.com\/fr\/wp-json\/wp\/v2\/posts\/406082","targetHints":{"allow":["GET"]}}],"collection":[{"href":"https:\/\/www.europesays.com\/fr\/wp-json\/wp\/v2\/posts"}],"about":[{"href":"https:\/\/www.europesays.com\/fr\/wp-json\/wp\/v2\/types\/post"}],"author":[{"embeddable":true,"href":"https:\/\/www.europesays.com\/fr\/wp-json\/wp\/v2\/users\/2"}],"replies":[{"embeddable":true,"href":"https:\/\/www.europesays.com\/fr\/wp-json\/wp\/v2\/comments?post=406082"}],"version-history":[{"count":0,"href":"https:\/\/www.europesays.com\/fr\/wp-json\/wp\/v2\/posts\/406082\/revisions"}],"wp:featuredmedia":[{"embeddable":true,"href":"https:\/\/www.europesays.com\/fr\/wp-json\/wp\/v2\/media\/406083"}],"wp:attachment":[{"href":"https:\/\/www.europesays.com\/fr\/wp-json\/wp\/v2\/media?parent=406082"}],"wp:term":[{"taxonomy":"category","embeddable":true,"href":"https:\/\/www.europesays.com\/fr\/wp-json\/wp\/v2\/categories?post=406082"},{"taxonomy":"post_tag","embeddable":true,"href":"https:\/\/www.europesays.com\/fr\/wp-json\/wp\/v2\/tags?post=406082"}],"curies":[{"name":"wp","href":"https:\/\/api.w.org\/{rel}","templated":true}]}}