{"id":406090,"date":"2025-09-21T01:18:11","date_gmt":"2025-09-21T01:18:11","guid":{"rendered":"https:\/\/www.europesays.com\/fr\/406090\/"},"modified":"2025-09-21T01:18:11","modified_gmt":"2025-09-21T01:18:11","slug":"agir-en-france-pour-aider-le-peuple-palestinien-cest-denoncer-les-soutiens-de-ses-agresseurs-laxe-usa-ue-otan-prcf-89","status":"publish","type":"post","link":"https:\/\/www.europesays.com\/fr\/406090\/","title":{"rendered":"Agir en France pour aider le peuple palestinien, c&rsquo;est d\u00e9noncer les soutiens de ses agresseurs, l&rsquo;Axe USA UE OTAN &#8211; PRCF 89"},"content":{"rendered":"<p><img fetchpriority=\"high\" decoding=\"async\" width=\"1000\" height=\"475\" src=\"https:\/\/www.europesays.com\/fr\/wp-content\/uploads\/2025\/09\/Z1CG3JbqstJ98CU5_Gaza3.jpg\" alt=\"\" class=\"wp-image-212885\" style=\"width:751px;height:auto\"  \/><\/p>\n<p>Partout en France, le PRCF et ses organisations d\u00e9partementales sont pr\u00e9sentes pour tenir le rapport de force en soutien du peuple palestinien et faire cesser le g\u00e9nocide \u00e0 Gaza, les agressions massives en Cisjordanie et ailleurs.<strong> Une action utile pour pouvoir agir sur ce qui en France permet de concr\u00e9tement soutenir le peuple palestinien face \u00e0 ses agresseurs.<\/strong> Si l\u2019humanitaire et l\u2019indignation morale sont indispensables, il faut aussi peser sur les soutiens agissant, en vertu du principe \u00e9l\u00e9mentaire de la lutte des classes, \u00ab\u00a0l\u2019ennemi principal est dans ton propre pays\u00a0\u00bb. En l\u2019occurence, si le r\u00e9gime de Tel Aviv peut mener son g\u00e9nocide c\u2019est car il b\u00e9n\u00e9ficie d\u2019un soutien \u00e9conomique, politique et militaire massif. Au premier rang desquels figure l\u2019Union Europ\u00e9enne. La part des \u00e9changes commerciaux avec l\u2019Union europ\u00e9enne (UE) dans l\u2019\u00e9conomie d\u2019Isra\u00ebl est significative, l\u2019UE \u00e9tant le principal partenaire commercial du pays. Selon les donn\u00e9es les plus r\u00e9centes disponibles pour 2024, les \u00e9changes de biens entre l\u2019UE et Isra\u00ebl ont totalis\u00e9 42,6 milliards d\u2019euros, repr\u00e9sentant 32 % des \u00e9changes totaux de biens d\u2019Isra\u00ebl avec le monde entier. Les importations de l\u2019UE vers Isra\u00ebl s\u2019\u00e9levaient \u00e0 environ 26,7 milliards d\u2019euros. es exportations d\u2019Isra\u00ebl vers l\u2019UE atteignaient 15,9 milliards d\u2019euros. Autant d\u2019\u00e9changes tenant sous perfusion l\u2019\u00e9conomie d\u2019occupation et d\u2019apartheid de Tel Aviv. Dans le cadre de l\u2019accord d\u2019association Israel UE, le r\u00e9gime b\u00e9n\u00e9fice d\u2019une zone de libre \u00e9change compl\u00e8te, sans droit de douane. Ce qui fait b\u00e9n\u00e9ficier Tel Aviv d\u2019un financement indirect de pr\u00e8s d\u2019un milliard d\u2019euros annuel. Un accord que la commission europ\u00e9enne refuse de supprimer ou m\u00eame de suspendre en d\u00e9pit de la demande par plusieurs \u00e9tats membres dont l\u2019Espagne. La preuve de qui verrouille la politique pro isra\u00e9lienne en France et en Europe. S\u2019y ajoute des aides directes de Bruxelles d\u2019un montant estim\u00e9 \u00e0 1 milliards d\u2019euros ces cinq derni\u00e8res ann\u00e9es. A ce titre le silence de large secteur de la gauche et jusque dans les rangs de l\u2019extr\u00eame gauche se proclamant pourtant plus durs que durs et m\u00eame parfois investis uniquement sur cette partie l\u00e0 de la bataille est aussi \u00e9difiant qu\u2019\u00e9loquent. Il y a pourtant une urgence absolue \u00e0 intervenir et corriger le tir, il en va de la vie du peuple palestinien.<\/p>\n<p>C\u2019est sur ces \u00e9l\u00e9ments que le PRCF 89 dans une prise de parole lors d\u2019une manifestation tenue avec l\u2019AFPS ce samedi 20 septembre a insist\u00e9, compl\u00e9tant tr\u00e8s utilement les appels \u00e0 se solidariser avec la souffrance du peuple palestinien. Au moment o\u00f9, dans une agitation hypocrite Macron \u00e0 l\u2019unissons du PS de Faure et Glucksmann, fait un pas de deux en soutenant toujours le g\u00e9nocide mais en affichant une reconnaissance de l\u2019Etat palestinien en refusant d\u2019en tirer les effets, poser les enjeux politiques qui nous regardent nous citoyens fran\u00e7ais est un imp\u00e9ratif. Un imp\u00e9ratif auquel r\u00e9pondent courageusement les prises de paroles des militantes et militants du PRCF, d\u2019Annecy \u00e0 Auxerre en passant par Lens. Un \u00e9cho \u00e0 faire r\u00e9sonner partout en France. L\u2019Humanit\u00e9 et la fin du g\u00e9nocide ou l\u2019Union Europ\u00e9enne, l\u2019OTAN et l\u2019exterminisme du capitalisme imp\u00e9rialisme, il faut choisir.<\/p>\n<p>JBC, J. pour <a href=\"http:\/\/www.initiative-communiste.fr\" target=\"_blank\" rel=\"noopener\">www.initiative-communiste.fr<\/a><\/p>\n<p>Palestine : l\u2019\u00e9motion ne suffit pas, il faut supprimer les causes du g\u00e9nocide se trouvant chez nous, l\u2019Union Europ\u00e9enne et l\u2019axe imp\u00e9rialiste euro atlantique<\/p>\n<p>Les manifestations, les dons, les flottilles, le port du keffieh, le soutien aux victimes de la r\u00e9pression pour leur engagement en faveur de la Palestine, ou encore l\u2019appui au mouvement BDS : toutes ces actions sont essentielles. Elles rendent visible une solidarit\u00e9 avec un peuple massacr\u00e9, affam\u00e9, victime d\u2019un g\u00e9nocide reconnu par l\u2019ONU. Elles sauvent un peu notre honneur, du moins celui de celles et ceux qui refusent la complicit\u00e9 silencieuse et montrent une autre France que celle de nos gouvernants.<\/p>\n<p>Pourtant, aussi n\u00e9cessaires soient-elles, ces actions ne suffisent pas.<\/p>\n<p><strong>Qui soutient Isra\u00ebl ? L\u2019OTAN, l\u2019UE, la France : l\u2019imp\u00e9rialisme occidental en action<\/strong><\/p>\n<p>Isra\u00ebl est soutenu par le monde otanien, c\u2019est-\u00e0-dire par l\u2019imp\u00e9rialisme dit occidental, dont l\u2019Union europ\u00e9enne et la France sont des piliers. Deux dynamiques m\u00e9ritent notre attention :<\/p>\n<ul class=\"wp-block-list\">\n<li>Les pays arabes, qui pourraient s\u2019organiser autrement que sous la tutelle des \u00c9tats-Unis et revoir leurs relations avec Isra\u00ebl.<\/li>\n<li>Les mesures concr\u00e8tes que l\u2019Espagne pourrait prendre pour donner corps \u00e0 son soutien \u00e0 la cause palestinienne.<\/li>\n<\/ul>\n<p>Ces \u00e9volutions, si elles se confirment, pourraient changer la donne. Mais pour l\u2019heure, la machine de guerre isra\u00e9lienne continue de broyer Gaza, avec la b\u00e9n\u00e9diction et l\u2019aide des \u00ab d\u00e9mocraties \u00bb occidentales.<\/p>\n<p><strong>Guernica \/ Gaza : l\u2019histoire se r\u00e9p\u00e8te, les peuples doivent agir<\/strong><\/p>\n<\/p>\n<p>Guernica, c\u2019\u00e9tait le massacre de civils depuis le ciel, avec la complicit\u00e9 des \u00ab d\u00e9mocraties \u00bb fran\u00e7aises et anglaises, laissant les fascistes pr\u00e9parer la Grande Europe hitl\u00e9rienne. Gaza, c\u2019est la m\u00eame horreur, mais aujourd\u2019hui, les \u00ab d\u00e9mocraties \u00bb protestent \u00e0 peine tout en armant le bourreau. Le risque d\u2019une troisi\u00e8me guerre mondiale est r\u00e9el : les budgets militaires ne servent pas \u00e0 d\u00e9sarmer, mais \u00e0 pr\u00e9parer de nouveaux conflits. Il n\u2019y a plus d\u2019Union sovi\u00e9tique pour porter l\u2019espoir d\u2019une lib\u00e9ration des peuples, comme ce fut le cas en 1945, au prix de 27 millions de morts.<\/p>\n<p>Il reste les peuples, les BRICS, et surtout, il reste nous.<\/p>\n<p><strong>Que faire, ici et maintenant ? Lutter contre le fascisme et le capitalisme<\/strong><\/p>\n<p>Le sionisme est un visage du fascisme. Pour lutter contre le g\u00e9nocide des Palestiniens, il faut lutter ici, en France, contre la mont\u00e9e du fascisme \u2013 ce recours des capitalistes en crise. Comment ne pas voir une mesure fascisante dans l\u2019envoi de 80 000 policiers arm\u00e9s, avec drones et autres moyens de r\u00e9pression, pour quadriller les manifestations ? Un policier pour quatre ou cinq manifestants le 10 septembre, un pour dix ou douze le 18 : la France montre son vrai visage.<\/p>\n<p>Je ne vois qu\u2019une issue : des luttes \u00e9clair\u00e9es pour sortir du capitalisme, de l\u2019UE, de l\u2019OTAN. Le slogan du PRCF \u2013 \u00ab L\u2019argent pour les salaires, pas pour la guerre, pas pour les actionnaires \u00bb \u2013 r\u00e9sume l\u2019enjeu : d\u00e9fendre le peuple de France, c\u2019est d\u00e9fendre la Palestine. Les luttes pour les services publics, pour les salaires, contre l\u2019aust\u00e9rit\u00e9, sont des luttes contre la guerre.<\/p>\n<p>En finir avec les horreurs inflig\u00e9es aux Palestiniens, c\u2019est en finir avec les excroissances monstrueuses du capitalisme. Fidel Castro avait raison : \u00ab Le socialisme ou la mort \u00bb. Les Palestiniens le savent.<\/p>\n<p><strong>Conclusion : l\u2019espoir est dans l\u2019action<\/strong><\/p>\n<p>Oui aux rassemblements, comme celui d\u2019aujourd\u2019hui \u2013 merci \u00e0 l\u2019AFPS 89. Sachons que chaque lutte sociale est une pierre dans l\u2019\u00e9difice de la r\u00e9sistance. Esp\u00e9rons que la Palestine vivra et vaincra. L\u2019Histoire jugera les uns et les autres.<\/p>\n","protected":false},"excerpt":{"rendered":"Partout en France, le PRCF et ses organisations d\u00e9partementales sont pr\u00e9sentes pour tenir le rapport de force en&hellip;\n","protected":false},"author":2,"featured_media":406091,"comment_status":"","ping_status":"","sticky":false,"template":"","format":"standard","meta":{"footnotes":""},"categories":[1589],"tags":[11,50090,4245,8421,73,1866,27,41177,14,664,53768,12,3518,13539,53769,1778,1864,1865,1863,308],"class_list":{"0":"post-406090","1":"post","2":"type-post","3":"status-publish","4":"format-standard","5":"has-post-thumbnail","7":"category-etats-unis","8":"tag-actualites","9":"tag-afps","10":"tag-auxerre","11":"tag-etat-palestinien","12":"tag-etats-unis","13":"tag-etats-unis-damerique","14":"tag-france","15":"tag-genocide-a-gaza","16":"tag-international","17":"tag-israel","18":"tag-jany","19":"tag-news","20":"tag-palestine","21":"tag-palestinien","22":"tag-prcf-89","23":"tag-ue","24":"tag-united-states","25":"tag-united-states-of-america","26":"tag-us","27":"tag-usa"},"share_on_mastodon":{"url":"https:\/\/pubeurope.com\/@fr\/115239656210336383","error":""},"_links":{"self":[{"href":"https:\/\/www.europesays.com\/fr\/wp-json\/wp\/v2\/posts\/406090","targetHints":{"allow":["GET"]}}],"collection":[{"href":"https:\/\/www.europesays.com\/fr\/wp-json\/wp\/v2\/posts"}],"about":[{"href":"https:\/\/www.europesays.com\/fr\/wp-json\/wp\/v2\/types\/post"}],"author":[{"embeddable":true,"href":"https:\/\/www.europesays.com\/fr\/wp-json\/wp\/v2\/users\/2"}],"replies":[{"embeddable":true,"href":"https:\/\/www.europesays.com\/fr\/wp-json\/wp\/v2\/comments?post=406090"}],"version-history":[{"count":0,"href":"https:\/\/www.europesays.com\/fr\/wp-json\/wp\/v2\/posts\/406090\/revisions"}],"wp:featuredmedia":[{"embeddable":true,"href":"https:\/\/www.europesays.com\/fr\/wp-json\/wp\/v2\/media\/406091"}],"wp:attachment":[{"href":"https:\/\/www.europesays.com\/fr\/wp-json\/wp\/v2\/media?parent=406090"}],"wp:term":[{"taxonomy":"category","embeddable":true,"href":"https:\/\/www.europesays.com\/fr\/wp-json\/wp\/v2\/categories?post=406090"},{"taxonomy":"post_tag","embeddable":true,"href":"https:\/\/www.europesays.com\/fr\/wp-json\/wp\/v2\/tags?post=406090"}],"curies":[{"name":"wp","href":"https:\/\/api.w.org\/{rel}","templated":true}]}}