{"id":406092,"date":"2025-09-21T01:19:43","date_gmt":"2025-09-21T01:19:43","guid":{"rendered":"https:\/\/www.europesays.com\/fr\/406092\/"},"modified":"2025-09-21T01:19:43","modified_gmt":"2025-09-21T01:19:43","slug":"intel-royaume-uni-nvidia-investit-a-tours-de-bras-pour-contrer-la-menace-chinoise","status":"publish","type":"post","link":"https:\/\/www.europesays.com\/fr\/406092\/","title":{"rendered":"Intel, Royaume-Uni\u2026 Nvidia investit \u00e0 tours de bras pour contrer la menace chinoise"},"content":{"rendered":"<p>Nvidia d\u00e9pense sans compter. Le g\u00e9ant am\u00e9ricain a annonc\u00e9 jeudi investir coup sur coup cinq milliards de dollars dans des actions Intel et deux milliards de livres sterling au Royaume-Uni, afin de soutenir l\u2019\u00e9cosyst\u00e8me des start-up sp\u00e9cialis\u00e9es dans l\u2019intelligence artificielle. Avant<strong> <\/strong>d\u2019annoncer<strong> <\/strong>ce vendredi avoir mis plus de 900\u00a0millions de dollars sur la table pour embaucher le directeur g\u00e9n\u00e9ral d\u2019Enfabrica, et obtenir une licence sur la technologie de cette start-up californienne sp\u00e9cialis\u00e9e dans la mise en r\u00e9seau des cartes graphiques.<\/p>\n<p>L\u2019entreprise valoris\u00e9e 4\u00a0280\u00a0milliards de dollars semble donc d\u00e9cid\u00e9 de mettre \u00e0 profit son immense fortune. Et pour cause\u00a0: \u00ab\u00a0Dans la tech, les cycles de vie des entreprises peuvent \u00eatre plus court que dans d\u2019autres secteurs. Donc se diversifier permet d\u2019assurer son leadership dans le futur\u00a0\u00bb, explique \u00e0 La Tribune Olivier David, g\u00e9rant actions chez Vega Invest.<\/p>\n","protected":false},"excerpt":{"rendered":"Nvidia d\u00e9pense sans compter. Le g\u00e9ant am\u00e9ricain a annonc\u00e9 jeudi investir coup sur coup cinq milliards de dollars&hellip;\n","protected":false},"author":2,"featured_media":406093,"comment_status":"","ping_status":"","sticky":false,"template":"","format":"standard","meta":{"footnotes":""},"categories":[1588],"tags":[17,11,19774,1777,674,1874,27193,12,8835,471,473,1853,1807,1390,1851,1850,1852],"class_list":{"0":"post-406092","1":"post","2":"type-post","3":"status-publish","4":"format-standard","5":"has-post-thumbnail","7":"category-royaume-uni","8":"tag-17","9":"tag-actualites","10":"tag-bras","11":"tag-eu","12":"tag-europe","13":"tag-intel","14":"tag-investit","15":"tag-news","16":"tag-nvidia","17":"tag-pour","18":"tag-royaume-uni","19":"tag-royaume-uni-de-grande-bretagne-et-dirlande-du-nord","20":"tag-technos-medias","21":"tag-tours","22":"tag-uk","23":"tag-united-kingdom","24":"tag-united-kingdom-of-great-britain-and-northern-ireland"},"share_on_mastodon":{"url":"https:\/\/pubeurope.com\/@fr\/115239660149505332","error":""},"_links":{"self":[{"href":"https:\/\/www.europesays.com\/fr\/wp-json\/wp\/v2\/posts\/406092","targetHints":{"allow":["GET"]}}],"collection":[{"href":"https:\/\/www.europesays.com\/fr\/wp-json\/wp\/v2\/posts"}],"about":[{"href":"https:\/\/www.europesays.com\/fr\/wp-json\/wp\/v2\/types\/post"}],"author":[{"embeddable":true,"href":"https:\/\/www.europesays.com\/fr\/wp-json\/wp\/v2\/users\/2"}],"replies":[{"embeddable":true,"href":"https:\/\/www.europesays.com\/fr\/wp-json\/wp\/v2\/comments?post=406092"}],"version-history":[{"count":0,"href":"https:\/\/www.europesays.com\/fr\/wp-json\/wp\/v2\/posts\/406092\/revisions"}],"wp:featuredmedia":[{"embeddable":true,"href":"https:\/\/www.europesays.com\/fr\/wp-json\/wp\/v2\/media\/406093"}],"wp:attachment":[{"href":"https:\/\/www.europesays.com\/fr\/wp-json\/wp\/v2\/media?parent=406092"}],"wp:term":[{"taxonomy":"category","embeddable":true,"href":"https:\/\/www.europesays.com\/fr\/wp-json\/wp\/v2\/categories?post=406092"},{"taxonomy":"post_tag","embeddable":true,"href":"https:\/\/www.europesays.com\/fr\/wp-json\/wp\/v2\/tags?post=406092"}],"curies":[{"name":"wp","href":"https:\/\/api.w.org\/{rel}","templated":true}]}}