{"id":406094,"date":"2025-09-21T01:20:35","date_gmt":"2025-09-21T01:20:35","guid":{"rendered":"https:\/\/www.europesays.com\/fr\/406094\/"},"modified":"2025-09-21T01:20:35","modified_gmt":"2025-09-21T01:20:35","slug":"lallemagne-fustige-les-appels-au-boycott-du-concours-musical","status":"publish","type":"post","link":"https:\/\/www.europesays.com\/fr\/406094\/","title":{"rendered":"L\u2019Allemagne fustige les appels au boycott du concours musical"},"content":{"rendered":"<p>L\u2019Allemagne participera \u00e0 l\u2019<a href=\"https:\/\/www.20minutes.fr\/arts-stars\/culture\/eurovision\/\" class=\"c-link c-link--is-underlined\" target=\"_blank\" rel=\"noopener\">Eurovision 2026<\/a>. Le ministre allemand de la Culture a fustig\u00e9 ce samedi <a href=\"https:\/\/www.20minutes.fr\/arts-stars\/culture\/eurovision\/4173160-20250915-eurovision-2026-espagne-boycottera-aussi-concours-si-israel-participe-selon-ministre-culture\" class=\"c-link c-link--is-underlined\" target=\"_blank\" rel=\"noopener\">les appels de plusieurs pays europ\u00e9ens au boycott<\/a> de la prochaine \u00e9dition du concours musical si <a href=\"https:\/\/www.20minutes.fr\/monde\/israel\/\" class=\"c-link c-link--is-underlined\" target=\"_blank\" rel=\"noopener\">Isra\u00ebl<\/a> y participe.<\/p>\n<p>\u00ab\u00a0L\u2019Eurovision a \u00e9t\u00e9 fond\u00e9e pour rapprocher les nations gr\u00e2ce \u00e0 la musique. Exclure Isra\u00ebl aujourd\u2019hui, c\u2019est aller \u00e0 l\u2019encontre de cette id\u00e9e fondamentale et transformer en tribunal une f\u00eate d\u2019entente entre les peuples\u00a0\u00bb, a d\u00e9clar\u00e9 dans un communiqu\u00e9 Wolfram Weimer, embo\u00eetant le pas \u00e0 l\u2019Autriche, pays h\u00f4te qui avait d\u00e9j\u00e0 regrett\u00e9 jeudi les appels aux boycotts.<\/p>\n<p>Jusqu\u2019\u00e0 d\u00e9cembre pour se d\u00e9cider<\/p>\n<p><a href=\"https:\/\/www.20minutes.fr\/arts-stars\/culture\/4173390-20250916-eurovision-2026-pourquoi-menace-boycott-espagne-si-israel-participe-anecdotique\" class=\"c-link c-link--is-underlined\" target=\"_blank\" rel=\"noopener\">L\u2019Espagne<\/a>, <a href=\"https:\/\/www.20minutes.fr\/arts-stars\/culture\/eurovision\/4172524-20250911-irlande-participera-eurovision-2026-si-israel-prend-part\" class=\"c-link c-link--is-underlined\" target=\"_blank\" rel=\"noopener\">l\u2019Irlande<\/a>, la Slov\u00e9nie, l\u2019Islande et les <a href=\"https:\/\/www.20minutes.fr\/arts-stars\/culture\/eurovision\/4172768-20250912-eurovision-2026-pays-bas-boycotteront-concours-si-israel-participe\" class=\"c-link c-link--is-underlined\" target=\"_blank\" rel=\"noopener\">Pays-Bas<\/a> ont annonc\u00e9 qu\u2019ils n\u2019enverraient pas de repr\u00e9sentant au concours \u00e0 Vienne en mai prochain, si Isra\u00ebl est autoris\u00e9 \u00e0 participer. D\u2019autres pays comme la Belgique, la Su\u00e8de et la Finlande r\u00e9fl\u00e9chissent \u00e9galement \u00e0 un boycott. Ils ont jusqu\u2019\u00e0 d\u00e9cembre pour se d\u00e9cider.<\/p>\n<p>\u00ab\u00a0L\u2019Eurovision repose sur le principe que les artistes sont jug\u00e9s sur leur art et non sur leur nationalit\u00e9. La culture de l\u2019annulation n\u2019est pas la solution &#8211; la solution, c\u2019est la diversit\u00e9 et la coh\u00e9sion\u00a0\u00bb, a ajout\u00e9 le ministre conservateur Wolfram Weimer. \u00ab\u00a0C\u2019est pr\u00e9cis\u00e9ment parce que l\u2019Eurovision est n\u00e9 des ruines de la guerre qu\u2019il ne doit pas devenir une sc\u00e8ne d\u2019exclusion\u00a0\u00bb, a-t-il poursuivi.<\/p>\n<\/p>\n<p>L\u2019Eurovision est en r\u00e9alit\u00e9 r\u00e9guli\u00e8rement le th\u00e9\u00e2tre d\u2019oppositions g\u00e9opolitiques. La Russie a \u00e9t\u00e9 exclue \u00e0 la suite de l\u2019invasion de l\u2019Ukraine en\u00a02022. Le B\u00e9larus l\u2019avait \u00e9t\u00e9 un an plus t\u00f4t apr\u00e8s la r\u00e9\u00e9lection contest\u00e9e du pr\u00e9sident Alexandre Loukachenko.<\/p>\n<p>En raison de sa responsabilit\u00e9 historique vis-\u00e0-vis de l\u2019extermination de six millions de juifs pendant la Seconde Guerre mondiale, l\u2019Allemagne est avec les Etats-Unis l\u2019un des plus grands soutiens d\u2019Isra\u00ebl.<\/p>\n","protected":false},"excerpt":{"rendered":"L\u2019Allemagne participera \u00e0 l\u2019Eurovision 2026. Le ministre allemand de la Culture a fustig\u00e9 ce samedi les appels de&hellip;\n","protected":false},"author":2,"featured_media":406095,"comment_status":"","ping_status":"","sticky":false,"template":"","format":"standard","meta":{"footnotes":""},"categories":[1587],"tags":[11,672,7976,1804,903,3259,251,1805,1803,58,1777,674,51844,1801,664,12,3518,1802],"class_list":{"0":"post-406094","1":"post","2":"type-post","3":"status-publish","4":"format-standard","5":"has-post-thumbnail","7":"category-allemagne","8":"tag-actualites","9":"tag-allemagne","10":"tag-boycott","11":"tag-bundesrepublik-deutschland","12":"tag-concours","13":"tag-conflit-israelo-palestinien","14":"tag-culture","15":"tag-de","16":"tag-deutschland","17":"tag-divertissement","18":"tag-eu","19":"tag-europe","20":"tag-eurovision-2026","21":"tag-germany","22":"tag-israel","23":"tag-news","24":"tag-palestine","25":"tag-republique-federale-dallemagne"},"share_on_mastodon":{"url":"https:\/\/pubeurope.com\/@fr\/115239663921349292","error":""},"_links":{"self":[{"href":"https:\/\/www.europesays.com\/fr\/wp-json\/wp\/v2\/posts\/406094","targetHints":{"allow":["GET"]}}],"collection":[{"href":"https:\/\/www.europesays.com\/fr\/wp-json\/wp\/v2\/posts"}],"about":[{"href":"https:\/\/www.europesays.com\/fr\/wp-json\/wp\/v2\/types\/post"}],"author":[{"embeddable":true,"href":"https:\/\/www.europesays.com\/fr\/wp-json\/wp\/v2\/users\/2"}],"replies":[{"embeddable":true,"href":"https:\/\/www.europesays.com\/fr\/wp-json\/wp\/v2\/comments?post=406094"}],"version-history":[{"count":0,"href":"https:\/\/www.europesays.com\/fr\/wp-json\/wp\/v2\/posts\/406094\/revisions"}],"wp:featuredmedia":[{"embeddable":true,"href":"https:\/\/www.europesays.com\/fr\/wp-json\/wp\/v2\/media\/406095"}],"wp:attachment":[{"href":"https:\/\/www.europesays.com\/fr\/wp-json\/wp\/v2\/media?parent=406094"}],"wp:term":[{"taxonomy":"category","embeddable":true,"href":"https:\/\/www.europesays.com\/fr\/wp-json\/wp\/v2\/categories?post=406094"},{"taxonomy":"post_tag","embeddable":true,"href":"https:\/\/www.europesays.com\/fr\/wp-json\/wp\/v2\/tags?post=406094"}],"curies":[{"name":"wp","href":"https:\/\/api.w.org\/{rel}","templated":true}]}}