{"id":406096,"date":"2025-09-21T01:21:36","date_gmt":"2025-09-21T01:21:36","guid":{"rendered":"https:\/\/www.europesays.com\/fr\/406096\/"},"modified":"2025-09-21T01:21:36","modified_gmt":"2025-09-21T01:21:36","slug":"secheresse-record-en-aout-en-europe-et-sur-les-cotes-de-la-mediterranee-plus-de-la-moitie-des-sols-concernes","status":"publish","type":"post","link":"https:\/\/www.europesays.com\/fr\/406096\/","title":{"rendered":"S\u00e9cheresse record en ao\u00fbt en Europe et sur les c\u00f4tes de la M\u00e9diterran\u00e9e\u00a0: plus de la moiti\u00e9 des sols concern\u00e9s"},"content":{"rendered":"<p>Le taux de s\u00e9cheresse en Europe et sur le pourtour m\u00e9diterran\u00e9en en ao\u00fbt 2025 est sup\u00e9rieur de 23 points \u00e0 la moyenne 2012-2024 pour un mois d\u2019ao\u00fbt (30,1 %), selon l\u2019Observatoire europ\u00e9en de la s\u00e9cheresse (EDO). Depuis le d\u00e9but de l\u2019ann\u00e9e, chaque mois marque un record pour sa p\u00e9riode de l\u2019ann\u00e9e, mais ao\u00fbt 2025 est, en plus, un plus haut absolu.<\/p>\n<p>Un facteur favorisant des incendies<\/p>\n<p>Il existe plusieurs types de s\u00e9cheresses, qui peuvent se combiner : s\u00e9cheresse m\u00e9t\u00e9orologique, s\u00e9cheresse des sols et s\u00e9cheresse hydrologique (dans les cours d\u2019eau et nappes phr\u00e9atiques).<\/p>\n<p>L\u2019indicateur de s\u00e9cheresse de l\u2019observatoire du programme europ\u00e9en <a href=\"https:\/\/www.copernicus.eu\/en\" target=\"_blank\" rel=\"noopener\">Copernicus,<\/a> bas\u00e9 sur des observations satellitaires, associe, quant \u00e0 lui, le niveau de pr\u00e9cipitations, l\u2019humidit\u00e9 des sols et l\u2019\u00e9tat de la v\u00e9g\u00e9tation. Il se d\u00e9compose en trois niveaux : surveillance, avertissement et alerte.<\/p>\n<p>En ao\u00fbt 2024, 36 % des sols \u00e9taient touch\u00e9s par la s\u00e9cheresse. Le pr\u00e9c\u00e9dent record absolu, \u00e0 52 %, date de mai 2025.<\/p>\n<p>L\u2019Europe de l\u2019Est et les Balkans ont \u00e9t\u00e9 durement touch\u00e9s par la s\u00e9cheresse : en Bulgarie, au Kosovo, en Serbie et en Mac\u00e9doine du Nord, le taux de s\u00e9cheresse (surveillance, avertissement ou alerte) \u00e9tait sup\u00e9rieur ou \u00e9gal \u00e0 90 %. En Serbie, 61 % des sols \u00e9taient m\u00eame en alerte.<\/p>\n<p>Dans les Balkans, cette situation a favoris\u00e9 les incendies, qui ont tu\u00e9 au moins deux personnes et entra\u00een\u00e9 l\u2019\u00e9vacuation de milliers d\u2019habitants.<\/p>\n<p>L\u2019Europe de l\u2019Ouest a aussi \u00e9t\u00e9 tr\u00e8s touch\u00e9e par endroits. Au Portugal, 70 % du territoire \u00e9tait concern\u00e9 par le manque de pr\u00e9cipitations et d\u2019humidit\u00e9 des sols, un chiffre en nette hausse par rapport aux 5 % de juillet.<\/p>\n<p>En France, o\u00f9 une vague de chaleur a s\u00e9vi pour la deuxi\u00e8me fois de l\u2019\u00e9t\u00e9 en ao\u00fbt, les deux tiers du territoire (66 %) \u00e9taient en manque d\u2019eau. Une partie du pays (12 %) \u00e9tait notamment en situation d\u2019alerte, en particulier dans le Sud-Ouest, avec des cons\u00e9quences notamment pour la production de vin.<\/p>\n<p>\u00c0 l\u2019Est de la M\u00e9diterran\u00e9e, plusieurs pays sont \u00e9galement tr\u00e8s affect\u00e9s par la s\u00e9cheresse : Arm\u00e9nie, G\u00e9orgie et Liban, avec la quasi-totalit\u00e9 du territoire touch\u00e9 (99, 97 et 96 %).<\/p>\n<p>La Turquie, avec 84 % des terres en d\u00e9ficit d\u2019eau, a fait face \u00e0 de nombreux incendies, comme d\u00e9but ao\u00fbt dans la province turque de \u00c7anakkale.<\/p>\n","protected":false},"excerpt":{"rendered":"Le taux de s\u00e9cheresse en Europe et sur le pourtour m\u00e9diterran\u00e9en en ao\u00fbt 2025 est sup\u00e9rieur de 23&hellip;\n","protected":false},"author":2,"featured_media":406097,"comment_status":"","ping_status":"","sticky":false,"template":"","format":"standard","meta":{"footnotes":""},"categories":[1586],"tags":[11,765,436,1777,674,1011,27,74,12,5140,25],"class_list":{"0":"post-406096","1":"post","2":"type-post","3":"status-publish","4":"format-standard","5":"has-post-thumbnail","7":"category-europe","8":"tag-actualites","9":"tag-en-continu","10":"tag-environnement","11":"tag-eu","12":"tag-europe","13":"tag-fr","14":"tag-france","15":"tag-monde","16":"tag-news","17":"tag-rechauffement-climatique","18":"tag-republique-francaise"},"share_on_mastodon":{"url":"https:\/\/pubeurope.com\/@fr\/115239667918040076","error":""},"_links":{"self":[{"href":"https:\/\/www.europesays.com\/fr\/wp-json\/wp\/v2\/posts\/406096","targetHints":{"allow":["GET"]}}],"collection":[{"href":"https:\/\/www.europesays.com\/fr\/wp-json\/wp\/v2\/posts"}],"about":[{"href":"https:\/\/www.europesays.com\/fr\/wp-json\/wp\/v2\/types\/post"}],"author":[{"embeddable":true,"href":"https:\/\/www.europesays.com\/fr\/wp-json\/wp\/v2\/users\/2"}],"replies":[{"embeddable":true,"href":"https:\/\/www.europesays.com\/fr\/wp-json\/wp\/v2\/comments?post=406096"}],"version-history":[{"count":0,"href":"https:\/\/www.europesays.com\/fr\/wp-json\/wp\/v2\/posts\/406096\/revisions"}],"wp:featuredmedia":[{"embeddable":true,"href":"https:\/\/www.europesays.com\/fr\/wp-json\/wp\/v2\/media\/406097"}],"wp:attachment":[{"href":"https:\/\/www.europesays.com\/fr\/wp-json\/wp\/v2\/media?parent=406096"}],"wp:term":[{"taxonomy":"category","embeddable":true,"href":"https:\/\/www.europesays.com\/fr\/wp-json\/wp\/v2\/categories?post=406096"},{"taxonomy":"post_tag","embeddable":true,"href":"https:\/\/www.europesays.com\/fr\/wp-json\/wp\/v2\/tags?post=406096"}],"curies":[{"name":"wp","href":"https:\/\/api.w.org\/{rel}","templated":true}]}}