{"id":40610,"date":"2025-04-21T04:28:08","date_gmt":"2025-04-21T04:28:08","guid":{"rendered":"https:\/\/www.europesays.com\/fr\/40610\/"},"modified":"2025-04-21T04:28:08","modified_gmt":"2025-04-21T04:28:08","slug":"1-5-la-releve-cecile-veut-integrer-lequipe-de-france-paralympique-cest-un-peu-une-revanche-sur-la-vie","status":"publish","type":"post","link":"https:\/\/www.europesays.com\/fr\/40610\/","title":{"rendered":"(1\/5) \u00a0\u00bb La Rel\u00e8ve \u00ab\u00a0, C\u00e9cile veut int\u00e9grer l&rsquo;\u00e9quipe de France Paralympique\u00a0: \u00a0\u00bb C&rsquo;est un peu une revanche sur la vie \u00ab\u00a0"},"content":{"rendered":"<p class=\"PopSlotParagraph qg-tx2 qg-xtra-lh svelte-1r0pyek\">On appelle \u00e7a \u00ab\u00a0La Rel\u00e8ve\u00a0\u00bb. Un programme de d\u00e9tection qui consiste \u00e0 trouver les athl\u00e8tes paralympiques qui porteront demain le maillot de l\u2019\u00e9quipe de France.\u00a0Depuis sa cr\u00e9ation, douze sportifs d\u00e9tect\u00e9s ont d\u00e9j\u00e0 pu vivre l\u2019exp\u00e9rience des Jeux Paralympiques, deux d\u2019entre eux ont \u00e9t\u00e9 m\u00e9daill\u00e9s et de nombreux autres ont int\u00e9gr\u00e9 les \u00e9quipes nationales et ont disput\u00e9 leurs premi\u00e8res comp\u00e9titions internationales.<\/p>\n<p class=\"PopSlotParagraph qg-tx2 qg-xtra-lh svelte-1r0pyek\">Cette ann\u00e9e pour la sixi\u00e8me \u00e9dition,\u00a0 le Comit\u00e9 paralympique et sportif fran\u00e7ais a s\u00e9lectionn\u00e9 28 personnes sur 250 candidatures. Esprit sport \u00e9tait \u00e0 leur c\u00f4t\u00e9, \u00e0 l&rsquo;INSEP,\u00a0\u00a0l\u2019Institut National du Sport de l\u2019Expertise et de la Performance qui est situ\u00e9 dans le douzi\u00e8me arrondissement de Paris. Premier \u00e9pisode de notre s\u00e9rie consacr\u00e9e \u00e0 cette \u00a0\u00bb Rel\u00e8ve \u00ab\u00a0, avec\u00a0Charl\u00e8ne Maurot, C\u00e9cile Addou et Tony Favino. Ils ont tous les trois d\u00e9cid\u00e9s de se lancer dans une carri\u00e8re de sportif paralympique.<\/p>\n<p> Charl\u00e8ne\u00a0: \u00a0\u00bb C&rsquo;est le cyclisme qui me fait r\u00eaver \u00ab\u00a0<\/p>\n<p class=\"PopSlotParagraph qg-tx2 qg-xtra-lh svelte-1r0pyek\">Charl\u00e8ne Maurot, 34 ans, vient de Thonon-les-Bains\u00a0: \u00a0\u00bb Je suis n\u00e9e avec un pied bot (NDLR\u00a0: C&rsquo;est\u00a0une d\u00e9formation cong\u00e9nitale tr\u00e8s fr\u00e9quente qui touche une \u00e0 deux naissances sur 1\u00a0000 en France) qui a \u00e9t\u00e9 op\u00e9r\u00e9, donc l\u00e0, c&rsquo;est plut\u00f4t une perte musculaire dans la jambe gauche et puis c&rsquo;est un peu de raideur dans la cheville. J&rsquo;aime beaucoup le sport mais plut\u00f4t en loisir. On va dire que c&rsquo;est plut\u00f4t le cyclisme qui me fait r\u00eaver. On n&rsquo;a pas trop de pression car on a bien \u00e9t\u00e9 mis \u00e0 l&rsquo;aise par le Comit\u00e9, on est plut\u00f4t l\u00e0 pour d\u00e9couvrir \u00ab\u00a0<\/p>\n<p>  <img decoding=\"async\" class=\"Image-preview  svelte-1b9cmvl\" data-testid=\"image-preview\" src=\"data:image\/jpeg;charset=utf-8;base64, \/9j\/2wBDACgcHiMeGSgjISMtKygwPGRBPDc3PHtYXUlkkYCZlo+AjIqgtObDoKrarYqMyP\/L2u71\/\/\/\/m8H\/\/\/\/6\/+b9\/\/j\/2wBDASstLTw1PHZBQXb4pYyl+Pj4+Pj4+Pj4+Pj4+Pj4+Pj4+Pj4+Pj4+Pj4+Pj4+Pj4+Pj4+Pj4+Pj4+Pj4+Pj4+Pj\/wAARCAAfACoDASIAAhEBAxEB\/8QAGAAAAwEBAAAAAAAAAAAAAAAAAAECAwT\/xAAWEAEBAQAAAAAAAAAAAAAAAAAAERL\/xAAXAQADAQAAAAAAAAAAAAAAAAAAAQID\/8QAFREBAQAAAAAAAAAAAAAAAAAAABH\/2gAMAwEAAhEDEQA\/AOeCNMnlKmeTi8nkyiIIvIgpRUOKCWkKCKhwCIgi4IKUf\/\/Z\" alt=\"\" aria-hidden=\"false\"\/>     <img decoding=\"async\" src=\"https:\/\/www.europesays.com\/fr\/wp-content\/uploads\/2025\/04\/860_sc_charlene-maurot-credits-guillaume-battin.jpg\" loading=\"lazy\" fetchpriority=\"low\" width=\"860\" height=\"645\" class=\"Image-main  svelte-1b9cmvl rounded\" data-testid=\"image-src\" alt=\"Charl\u00e8ne, 34 ans, n\u00e9e avec un pied bot, est fan de sport.\" aria-hidden=\"false\" onload=\"this.__e=event\" onerror=\"this.__e=event\"\/> Charl\u00e8ne, 34 ans, n\u00e9e avec un pied bot, est fan de sport. \u00a9 Radio France &#8211; Guillaume Battin Tony\u00a0: \u00a0\u00bb J&rsquo;aimerais bien essayer de faire de la comp\u00e9tition et d&rsquo;aller au plus haut \u00ab\u00a0<\/p>\n<p class=\"PopSlotParagraph qg-tx2 qg-xtra-lh svelte-1r0pyek\">Tony Favino, 25 ans, vient de Marseille\u00a0: \u00a0\u00bb J&rsquo;ai eu un accident de la route en 2019, accident de la voie publique qui m&rsquo;a caus\u00e9 une t\u00e9trapl\u00e9gie incompl\u00e8te. Moi je pratique d\u00e9j\u00e0 le para-hockey et le ski. J&rsquo;aimerais bien essayer de faire de la comp\u00e9tition et d&rsquo;aller au plus haut donc pourquoi ne pas faire des stages avec l&rsquo;\u00e9quipe de France pour aller aux Jeux Paralympiques \u00ab\u00a0<\/p>\n<p>  <img decoding=\"async\" class=\"Image-preview  svelte-1b9cmvl\" data-testid=\"image-preview\" src=\"data:image\/jpeg;charset=utf-8;base64, \/9j\/2wBDACgcHiMeGSgjISMtKygwPGRBPDc3PHtYXUlkkYCZlo+AjIqgtObDoKrarYqMyP\/L2u71\/\/\/\/m8H\/\/\/\/6\/+b9\/\/j\/2wBDASstLTw1PHZBQXb4pYyl+Pj4+Pj4+Pj4+Pj4+Pj4+Pj4+Pj4+Pj4+Pj4+Pj4+Pj4+Pj4+Pj4+Pj4+Pj4+Pj4+Pj\/wAARCAAfACoDASIAAhEBAxEB\/8QAFwABAQEBAAAAAAAAAAAAAAAAAgABBP\/EABgQAQEBAQEAAAAAAAAAAAAAAAARAQIS\/8QAFgEBAQEAAAAAAAAAAAAAAAAAAAEC\/8QAFREBAQAAAAAAAAAAAAAAAAAAABH\/2gAMAwEAAhEDEQA\/AOXOTzC8tzlGmZihxQSBFDihSFFCjYi0YocUGhihRRCP\/9k=\" alt=\"\" aria-hidden=\"false\"\/>     <img decoding=\"async\" src=\"https:\/\/www.europesays.com\/fr\/wp-content\/uploads\/2025\/04\/860_sc_tony-favino-credits-guillaume-battin.jpg\" loading=\"lazy\" fetchpriority=\"low\" width=\"860\" height=\"645\" class=\"Image-main  svelte-1b9cmvl rounded\" data-testid=\"image-src\" alt=\"Tony Favino, \u00e0 l'INSEP il y a quelques jours\" aria-hidden=\"false\" onload=\"this.__e=event\" onerror=\"this.__e=event\"\/> Tony Favino, \u00e0 l&rsquo;INSEP il y a quelques jours \u00a9 Radio France &#8211; Guillaume Battin C\u00e9cile\u00a0: \u00a0\u00bb Je ne suis pas ferm\u00e9e \u00e0 la natation, au v\u00e9lo et au badminton \u00ab\u00a0<\/p>\n<p class=\"PopSlotParagraph qg-tx2 qg-xtra-lh svelte-1r0pyek\">\u00a0\u00bb C\u00e9cile Addou, bient\u00f4t 38 ans, est originaire de l&rsquo;H\u00e9rault (photo de une) : \u00a0\u00bb Moi j&rsquo;ai \u00e9t\u00e9 op\u00e9r\u00e9e d&rsquo;un sarcome sur le bassin qui m&rsquo;a rendue en partie invalide (NDLR\u00a0:\u00a0Les\u00a0sarcomes\u00a0se d\u00e9finissent comme des tumeurs touchant les tissus de soutien. Il existe diff\u00e9rents types de sarcomes, suivant leur localisation et leur type de structure). C&rsquo;est un peu une revanche sur la vie. J&rsquo;\u00e9tais auparavant volleyeuse. Je vais maintenant essayer de trouver un sport adapt\u00e9. Il existe le volley-assis mais je ne suis pas ferm\u00e9e \u00e0 d&rsquo;autres sports comme la natation, le v\u00e9lo et pourquoi pas le badminton \u00ab\u00a0.<\/p>\n","protected":false},"excerpt":{"rendered":"On appelle \u00e7a \u00ab\u00a0La Rel\u00e8ve\u00a0\u00bb. Un programme de d\u00e9tection qui consiste \u00e0 trouver les athl\u00e8tes paralympiques qui porteront&hellip;\n","protected":false},"author":2,"featured_media":40611,"comment_status":"","ping_status":"","sticky":false,"template":"","format":"standard","meta":{"footnotes":""},"categories":[4],"tags":[11,1011,27,12,25],"class_list":{"0":"post-40610","1":"post","2":"type-post","3":"status-publish","4":"format-standard","5":"has-post-thumbnail","7":"category-france","8":"tag-actualites","9":"tag-fr","10":"tag-france","11":"tag-news","12":"tag-republique-francaise"},"share_on_mastodon":{"url":"https:\/\/pubeurope.com\/@fr\/114374069660311016","error":""},"_links":{"self":[{"href":"https:\/\/www.europesays.com\/fr\/wp-json\/wp\/v2\/posts\/40610","targetHints":{"allow":["GET"]}}],"collection":[{"href":"https:\/\/www.europesays.com\/fr\/wp-json\/wp\/v2\/posts"}],"about":[{"href":"https:\/\/www.europesays.com\/fr\/wp-json\/wp\/v2\/types\/post"}],"author":[{"embeddable":true,"href":"https:\/\/www.europesays.com\/fr\/wp-json\/wp\/v2\/users\/2"}],"replies":[{"embeddable":true,"href":"https:\/\/www.europesays.com\/fr\/wp-json\/wp\/v2\/comments?post=40610"}],"version-history":[{"count":0,"href":"https:\/\/www.europesays.com\/fr\/wp-json\/wp\/v2\/posts\/40610\/revisions"}],"wp:featuredmedia":[{"embeddable":true,"href":"https:\/\/www.europesays.com\/fr\/wp-json\/wp\/v2\/media\/40611"}],"wp:attachment":[{"href":"https:\/\/www.europesays.com\/fr\/wp-json\/wp\/v2\/media?parent=40610"}],"wp:term":[{"taxonomy":"category","embeddable":true,"href":"https:\/\/www.europesays.com\/fr\/wp-json\/wp\/v2\/categories?post=40610"},{"taxonomy":"post_tag","embeddable":true,"href":"https:\/\/www.europesays.com\/fr\/wp-json\/wp\/v2\/tags?post=40610"}],"curies":[{"name":"wp","href":"https:\/\/api.w.org\/{rel}","templated":true}]}}