{"id":406107,"date":"2025-09-21T01:29:15","date_gmt":"2025-09-21T01:29:15","guid":{"rendered":"https:\/\/www.europesays.com\/fr\/406107\/"},"modified":"2025-09-21T01:29:15","modified_gmt":"2025-09-21T01:29:15","slug":"federer-et-nadal-bientot-reunis-pour-une-tournee","status":"publish","type":"post","link":"https:\/\/www.europesays.com\/fr\/406107\/","title":{"rendered":"Federer et Nadal bient\u00f4t r\u00e9unis pour une tourn\u00e9e ?"},"content":{"rendered":"<p>\n\t\t\t\t\tLe PDG de Team8 et pr\u00e9sident de la Laver Cup, Tony Godsick, a laiss\u00e9 entendre qu\u2019un projet de tourn\u00e9e r\u00e9unissant Roger Federer et Rafael Nadal pourrait voir le jour. L\u2019id\u00e9e d\u2019un \u201cFedal Tour\u201d refait surface, alors que l\u2019app\u00e9tit des fans pour revoir les deux l\u00e9gendes reste intact.\t\t\t\t<\/p>\n<p>\t\t\t\t\t<img loading=\"lazy\" width=\"527\" height=\"297\" src=\"https:\/\/www.europesays.com\/fr\/wp-content\/uploads\/2025\/09\/fedal-e1758343906937-527x297.jpg\" class=\"attachment-csco-thumbnail-uncropped size-csco-thumbnail-uncropped wp-post-image\" alt=\"Roger Federer et Rafael Nadal pourraient refaire surface pour une nouvelle tourn\u00e9e (Laver Cup)\" decoding=\"async\"  \/>\t\t\t\t\t<img loading=\"lazy\" width=\"1044\" height=\"588\" src=\"https:\/\/www.europesays.com\/fr\/wp-content\/uploads\/2025\/09\/fedal-e1758343906937-1044x588.jpg\" class=\"attachment-csco-large-uncropped size-csco-large-uncropped wp-post-image\" alt=\"Roger Federer et Rafael Nadal pourraient refaire surface pour une nouvelle tourn\u00e9e (Laver Cup)\" decoding=\"async\"  \/>\t\t\t\t<\/p>\n<p>\n\t\t\t\t\t\tRoger Federer et Rafael Nadal pourraient refaire surface pour une nouvelle tourn\u00e9e (Laver Cup)\t\t\t\t\t<\/p>\n<p>Invit\u00e9 sur le plateau de Tennis Channel \u00e0 l\u2019occasion de la Laver Cup, Tony Godsick (agent du Suisse) a raviv\u00e9 les sp\u00e9culations autour d\u2019un retour commun de <a href=\"https:\/\/www.universtennis.com\/joueur\/roger-federer\/\" target=\"_blank\" rel=\"noopener\"><strong>Roger Federer<\/strong><\/a> et <a href=\"https:\/\/www.universtennis.com\/joueur\/rafael-nadal\/\" target=\"_blank\" rel=\"noopener\"><strong>Rafael Nadal<\/strong><\/a> sur les courts, sous forme de tourn\u00e9e d\u2019exhibition.<\/p>\n<p>\u00ab J\u2019ai fait un peu pression sur lui en lui disant : \u201cAllez, les gens veulent te revoir jouer. Tu peux faire quelques exhibitions seniors.\u201d Nous avons aussi parl\u00e9 avec Rafa de l\u2019id\u00e9e de monter une tourn\u00e9e ensemble et il est int\u00e9ress\u00e9 \u00bb, a d\u00e9clar\u00e9 Godsick, qui accompagne Federer depuis 2005.<\/p>\n<p>Il a \u00e9galement \u00e9mis l\u2019id\u00e9e d\u2019y voir d\u2019autres joueurs de cette g\u00e9n\u00e9ration : \u00ab\u00a0De plus, il y a beaucoup d\u2019autres joueurs de leur g\u00e9n\u00e9ration qui, je pense, seraient pr\u00eats \u00e0 jouer aussi. Certains des plus grands noms sont des joueurs qui viennent de prendre leur retraite, donc nous pourrions probablement remplir de beaux stades.\u00a0\u00bb<\/p>\n<blockquote class=\"twitter-tweet\">\n<p dir=\"ltr\" lang=\"fr\">\ud83d\udde3\ufe0f\ud83c\udde8\ud83c\udded Roger Federer : \u00ab Le tennis me manque un peu. J\u2019aimerais recommencer \u00e0 jouer deux ou trois fois par semaine et peut-\u00eatre revenir disputer des exhibitions, remplir des stades du monde entier. J\u2019esp\u00e8re que vous me verrez bient\u00f4t sur les courts \u00bb \ud83e\udd79<a href=\"https:\/\/t.co\/Lie0h9nvxm\">https:\/\/t.co\/Lie0h9nvxm<\/a><\/p>\n<p>\u2014 Univers Tennis \ud83c\udfbe (@UniversTennis) <a href=\"https:\/\/twitter.com\/UniversTennis\/status\/1911344165213852110?ref_src=twsrc%5Etfw\" target=\"_blank\" rel=\"noopener\">April 13, 2025<\/a><\/p>\n<\/blockquote>\n<p><strong>Federer : l\u2019envie de jouer encore<\/strong><\/p>\n<p>L\u2019association entre Federer et Nadal a d\u00e9j\u00e0 marqu\u00e9 l\u2019histoire du tennis, de leurs duels m\u00e9morables \u00e0 leur complicit\u00e9 lors de la Laver Cup. En 2017, ils avaient inaugur\u00e9 la comp\u00e9tition par un double m\u00e9morable. En 2022, ils avaient partag\u00e9 une ultime \u00e9motion lorsque Federer disputa le dernier match de sa carri\u00e8re aux c\u00f4t\u00e9s de Nadal.<\/p>\n<p data-start=\"1139\" data-end=\"1635\">De son c\u00f4t\u00e9, Roger Federer a confirm\u00e9 son int\u00e9r\u00eat pour ce projet dans une r\u00e9cente interview \u00e0 CNBC :<\/p>\n<p data-start=\"1139\" data-end=\"1635\">\u00ab J\u2019adore Rafa ! J\u2019ai jou\u00e9 quatre heures de tennis l\u2019autre jour \u00e0 San Francisco, puis encore une heure et demie \u00e0 Los Angeles. J\u2019ai beaucoup jou\u00e9 ces derniers temps pour rester en forme. Je sais que Rafa est totalement ouvert \u00e0 jouer un peu de tennis. \u201cSenior tennis\u201d sonne affreux, mais on pourrait peut-\u00eatre cr\u00e9er une tourn\u00e9e, un \u201cFedal Tour\u201d ou quelque chose comme \u00e7a. Ce serait g\u00e9nial \u00bb, a-t-il d\u00e9clar\u00e9.<\/p>\n<p data-start=\"1637\" data-end=\"1921\">Le Suisse, qui avait imagin\u00e9 la Laver Cup pour mettre en avant les grands noms du pass\u00e9, voit dans ce projet un prolongement naturel : \u00ab Peut-\u00eatre qu\u2019on pourrait cr\u00e9er un circuit pour les anciens champions. Je crois qu\u2019il y a un vrai app\u00e9tit pour revoir les l\u00e9gendes sur un court. \u00bb<\/p>\n<p>\t\t\t<script async src=\"https:\/\/platform.twitter.com\/widgets.js\" charset=\"utf-8\"><\/script><\/p>\n","protected":false},"excerpt":{"rendered":"Le PDG de Team8 et pr\u00e9sident de la Laver Cup, Tony Godsick, a laiss\u00e9 entendre qu\u2019un projet de&hellip;\n","protected":false},"author":2,"featured_media":406108,"comment_status":"","ping_status":"","sticky":false,"template":"","format":"standard","meta":{"footnotes":""},"categories":[1415],"tags":[1011,27,24987,21428,60,1467],"class_list":{"0":"post-406107","1":"post","2":"type-post","3":"status-publish","4":"format-standard","5":"has-post-thumbnail","7":"category-tennis","8":"tag-fr","9":"tag-france","10":"tag-rafael-nadal","11":"tag-roger-federer","12":"tag-sports","13":"tag-tennis"},"share_on_mastodon":{"url":"https:\/\/pubeurope.com\/@fr\/115239699559576395","error":""},"_links":{"self":[{"href":"https:\/\/www.europesays.com\/fr\/wp-json\/wp\/v2\/posts\/406107","targetHints":{"allow":["GET"]}}],"collection":[{"href":"https:\/\/www.europesays.com\/fr\/wp-json\/wp\/v2\/posts"}],"about":[{"href":"https:\/\/www.europesays.com\/fr\/wp-json\/wp\/v2\/types\/post"}],"author":[{"embeddable":true,"href":"https:\/\/www.europesays.com\/fr\/wp-json\/wp\/v2\/users\/2"}],"replies":[{"embeddable":true,"href":"https:\/\/www.europesays.com\/fr\/wp-json\/wp\/v2\/comments?post=406107"}],"version-history":[{"count":0,"href":"https:\/\/www.europesays.com\/fr\/wp-json\/wp\/v2\/posts\/406107\/revisions"}],"wp:featuredmedia":[{"embeddable":true,"href":"https:\/\/www.europesays.com\/fr\/wp-json\/wp\/v2\/media\/406108"}],"wp:attachment":[{"href":"https:\/\/www.europesays.com\/fr\/wp-json\/wp\/v2\/media?parent=406107"}],"wp:term":[{"taxonomy":"category","embeddable":true,"href":"https:\/\/www.europesays.com\/fr\/wp-json\/wp\/v2\/categories?post=406107"},{"taxonomy":"post_tag","embeddable":true,"href":"https:\/\/www.europesays.com\/fr\/wp-json\/wp\/v2\/tags?post=406107"}],"curies":[{"name":"wp","href":"https:\/\/api.w.org\/{rel}","templated":true}]}}