{"id":406116,"date":"2025-09-21T01:36:49","date_gmt":"2025-09-21T01:36:49","guid":{"rendered":"https:\/\/www.europesays.com\/fr\/406116\/"},"modified":"2025-09-21T01:36:49","modified_gmt":"2025-09-21T01:36:49","slug":"paul-landowski-le-sculpteur-meconnu-du-christ-redempteur-a-lhonneur-dans-sa-ville-de-boulogne","status":"publish","type":"post","link":"https:\/\/www.europesays.com\/fr\/406116\/","title":{"rendered":"Paul Landowski, le sculpteur m\u00e9connu du Christ r\u00e9dempteur, \u00e0 l\u2019honneur dans sa ville de Boulogne"},"content":{"rendered":"<p class=\"paragraph text_align_left lp-f-body-02\">C\u2019est l\u2019une des sept nouvelles merveilles du monde, l\u2019un des embl\u00e8mes les plus c\u00e9l\u00e8bres \u00e0 travers la plan\u00e8te, un monument aux dimensions records \u2014 38 m\u00e8tres de haut \u2014 qui fait de l\u2019ombre \u00e0 son propre cr\u00e9ateur. Car qui sait que la statue du Christ r\u00e9dempteur surplombant Rio de Janeiro (Br\u00e9sil) depuis <a href=\"https:\/\/www.leparisien.fr\/faits-divers\/rio-deux-francais-dont-clement-dumais-de-ninja-warrior-interpelles-apres-lescalade-du-christ-redempteur-24-08-2021-Y6PDB2VBDNGL5KHMPXJ62ENHTU.php\" target=\"_self\" rel=\"noopener\">le mont du Corcovado<\/a> a \u00e9t\u00e9 sculpt\u00e9e par un artiste fran\u00e7ais ?<\/p>\n<p class=\"paragraph text_align_left lp-f-body-02\">Paul Landowski, n\u00e9 en 1875 \u00e0 Paris, a v\u00e9cu une bonne partie de sa vie \u00e0 Boulogne-Billancourt (Hauts-de-Seine). Pour c\u00e9l\u00e9brer les 150 de sa naissance, la ville propose notamment des visites comment\u00e9es du <a href=\"https:\/\/www.leparisien.fr\/hauts-de-seine-92\/boulogne-billancourt-92100\/boulogne-billancourt-paul-landowski-aura-son-musee-02-07-2017-7104624.php\" target=\"_self\" rel=\"noopener\">mus\u00e9e Paul-Landowski<\/a> par les arri\u00e8re-petits-enfants du sculpteur, \u00e0 l\u2019occasion des <a href=\"https:\/\/www.leparisien.fr\/culture-loisirs\/journees-du-patrimoine-senat-archives-nationales-nos-10-coups-de-coeur-en-ile-de-france-sans-reservation-19-09-2025-F7WMB5V5AJHDNLTJANA3GKMS3M.php\" target=\"_self\" rel=\"noopener\">Journ\u00e9es europ\u00e9ennes du patrimoine<\/a> ce week-end.<\/p>\n","protected":false},"excerpt":{"rendered":"C\u2019est l\u2019une des sept nouvelles merveilles du monde, l\u2019un des embl\u00e8mes les plus c\u00e9l\u00e8bres \u00e0 travers la plan\u00e8te,&hellip;\n","protected":false},"author":2,"featured_media":406117,"comment_status":"","ping_status":"","sticky":false,"template":"","format":"standard","meta":{"footnotes":""},"categories":[1358],"tags":[1348,1384,1385,872,1386,58,59,1011,27,3314,1944],"class_list":{"0":"post-406116","1":"post","2":"type-post","3":"status-publish","4":"format-standard","5":"has-post-thumbnail","7":"category-arts-et-design","8":"tag-arts","9":"tag-arts-and-design","10":"tag-arts-et-design","11":"tag-culture-et-loisirs","12":"tag-design","13":"tag-divertissement","14":"tag-entertainment","15":"tag-fr","16":"tag-france","17":"tag-hauts-de-seine","18":"tag-ma-ville"},"share_on_mastodon":{"url":"https:\/\/pubeurope.com\/@fr\/115239730725928845","error":""},"_links":{"self":[{"href":"https:\/\/www.europesays.com\/fr\/wp-json\/wp\/v2\/posts\/406116","targetHints":{"allow":["GET"]}}],"collection":[{"href":"https:\/\/www.europesays.com\/fr\/wp-json\/wp\/v2\/posts"}],"about":[{"href":"https:\/\/www.europesays.com\/fr\/wp-json\/wp\/v2\/types\/post"}],"author":[{"embeddable":true,"href":"https:\/\/www.europesays.com\/fr\/wp-json\/wp\/v2\/users\/2"}],"replies":[{"embeddable":true,"href":"https:\/\/www.europesays.com\/fr\/wp-json\/wp\/v2\/comments?post=406116"}],"version-history":[{"count":0,"href":"https:\/\/www.europesays.com\/fr\/wp-json\/wp\/v2\/posts\/406116\/revisions"}],"wp:featuredmedia":[{"embeddable":true,"href":"https:\/\/www.europesays.com\/fr\/wp-json\/wp\/v2\/media\/406117"}],"wp:attachment":[{"href":"https:\/\/www.europesays.com\/fr\/wp-json\/wp\/v2\/media?parent=406116"}],"wp:term":[{"taxonomy":"category","embeddable":true,"href":"https:\/\/www.europesays.com\/fr\/wp-json\/wp\/v2\/categories?post=406116"},{"taxonomy":"post_tag","embeddable":true,"href":"https:\/\/www.europesays.com\/fr\/wp-json\/wp\/v2\/tags?post=406116"}],"curies":[{"name":"wp","href":"https:\/\/api.w.org\/{rel}","templated":true}]}}