{"id":406124,"date":"2025-09-21T01:41:32","date_gmt":"2025-09-21T01:41:32","guid":{"rendered":"https:\/\/www.europesays.com\/fr\/406124\/"},"modified":"2025-09-21T01:41:32","modified_gmt":"2025-09-21T01:41:32","slug":"cetait-mon-idee-je-ne-voulais-pas-me-rhabiller","status":"publish","type":"post","link":"https:\/\/www.europesays.com\/fr\/406124\/","title":{"rendered":"C&rsquo;\u00e9tait mon id\u00e9e, je ne voulais pas me rhabiller"},"content":{"rendered":"<p class=\"mb-4 text-lg md:leading-8 break-words\">La repr\u00e9sentation des corps est importante dans le monde du showbusiness, qui s&rsquo;est trop longtemps content\u00e9 de <a data-i13n=\"cpos:1;pos:1\" href=\"https:\/\/fr.style.yahoo.com\/eva-longoria-diversite-sexisme-cinema-103045474.html\" data-ylk=\"slk:montrer les m\u00eames types de physiques;cpos:1;pos:1;elm:context_link;itc:0;sec:content-canvas;outcm:mb_qualified_link;_E:mb_qualified_link;ct:story;\" class=\"link  yahoo-link\" target=\"_blank\" rel=\"noopener\">montrer les m\u00eames types de physiques<\/a> : blancs, minces, muscl\u00e9s et norm\u00e9s. De plus en plus d&rsquo;actrices se challengent pour changer les choses, comme cela a \u00e9t\u00e9 le cas pour <a data-i13n=\"cpos:2;pos:1\" href=\"https:\/\/fr.style.yahoo.com\/nicola-coughlan-demande-etre-tres-nue-dans-la-saison-3-de-la-chronique-des-bridgerton-pour-emmerder-les-body-shammers-144810470.html\" data-ylk=\"slk:Nicola Coughlan dans &quot;La Chronique des Bridgerton&quot;.;cpos:2;pos:1;elm:context_link;itc:0;sec:content-canvas;outcm:mb_qualified_link;_E:mb_qualified_link;ct:story;\" class=\"link  yahoo-link\" target=\"_blank\" rel=\"noopener\">Nicola Coughlan dans \u00ab\u00a0La Chronique des Bridgerton\u00a0\u00bb.<\/a> Et comme va le faire Glenn Close dans son nouveau film \u00ab\u00a0The Summer Book\u00a0\u00bb, pr\u00e9vu dans les salles obscures dans les mois \u00e0 venir.<\/p>\n<p>Glenn Close, \u00e0 nu \u00e0 l&rsquo;\u00e9cran<\/p>\n<p class=\"mb-4 text-lg md:leading-8 break-words\">\u00ab\u00a0The Summer Book\u00a0\u00bb raconte l&rsquo;histoire d&rsquo;une jeune fille et de sa grand-m\u00e8re qui passent l&rsquo;\u00e9t\u00e9 sur une petite \u00eele vierge du golfe de Finlande. Et pour les besoins du long-m\u00e9trage, Glenn Close s&rsquo;est int\u00e9gralement d\u00e9shabill\u00e9e devant la cam\u00e9ra. \u00ab\u00a0C&rsquo;\u00e9tait mon id\u00e9e\u00a0\u00bb, a-t-elle confi\u00e9 \u00e0 l&rsquo;occasion du <a data-i13n=\"cpos:3;pos:1\" href=\"https:\/\/www.aarp.org\/entertainment\/celebrities\/glenn-close-grandmother-summer-book.html\" rel=\"nofollow noopener\" target=\"_blank\" data-ylk=\"slk:AARP&#039;s Movies for Grownups.;cpos:3;pos:1;elm:context_link;itc:0;sec:content-canvas\" class=\"link \">AARP&rsquo;s Movies for Grownups. <\/a><\/p>\n<p class=\"mb-4 text-lg md:leading-8 break-words\">\u00ab\u00a0Je pense que c&rsquo;est quelque chose que mon personnage aurait fait, se mettre nue lorsqu&rsquo;il n&rsquo;y avait personne autour d&rsquo;elle. En Finlande, les gens sont beaucoup plus habitu\u00e9s \u00e0 la nudit\u00e9 que nous le sommes\u00a0\u00bb, a-t-elle affirm\u00e9. Et la sc\u00e8ne en question lui a fait beaucoup de bien : \u00ab\u00a0Je ne voulais plus remettre mes v\u00eatements, c&rsquo;\u00e9tait tellement agr\u00e9able\u00a0\u00bb, a-t-elle confi\u00e9.<\/p>\n<p>Une perception particuli\u00e8re de l&rsquo;\u00e2ge<\/p>\n<p class=\"mb-4 text-lg md:leading-8 break-words\">Aujourd&rsquo;hui \u00e2g\u00e9e de 78 ans, Glenn Close a bien conscience d&rsquo;\u00eatre l&rsquo;une des rares actrices de son \u00e2ge \u00e0 avoir encore autant de succ\u00e8s dans le monde du showbusiness. En 2022, dans les colonnes du magazine am\u00e9ricain <a data-i13n=\"cpos:4;pos:1\" href=\"https:\/\/www.glamour.com\/story\/glenn-close-motherhood-aging-and-power\" rel=\"nofollow noopener\" target=\"_blank\" data-ylk=\"slk:Glamour;cpos:4;pos:1;elm:context_link;itc:0;sec:content-canvas\" class=\"link \">Glamour<\/a>, elle s&rsquo;\u00e9tait confi\u00e9e avec franchise sur son rapport \u00e0 l&rsquo;\u00e2ge.<\/p>\n<p class=\"mb-4 text-lg md:leading-8 break-words\">\u00ab\u00a0J&rsquo;ai toujours eu l&rsquo;impression que mon corps n&rsquo;\u00e9tait pas vraiment ce que je suis. Si vous voulez, nous avons cette \u00ab\u00a0maison\u00a0\u00bb dont nous prenons soin toute notre vie et ce n&rsquo;est pas qui vous \u00eates\u00a0\u00bb, avait-elle affirm\u00e9. \u00ab\u00a0Cela m&rsquo;a fait r\u00e9fl\u00e9chir parce que j&rsquo;ai 75 ans et j&rsquo;ai l&rsquo;impression de regarder le monde avec l&rsquo;\u00e9nergie d&rsquo;une personne de 20 ans. Et c&rsquo;est qui je suis.\u00a0\u00bb<\/p>\n<p class=\"mb-4 text-lg md:leading-8 break-words\">Malgr\u00e9 tout, l&rsquo;actrice a conscience que son corps vieillit, et elle fait tout ce qu&rsquo;elle peut pour l&rsquo;accepter. \u00ab\u00a0J&rsquo;essaie d&rsquo;en arriver au point o\u00f9 j&rsquo;appr\u00e9cie simplement ma peau froiss\u00e9e. Y a-t-il de la beaut\u00e9 l\u00e0-dedans ? J&rsquo;essaie de penser que cela ressemble peut-\u00eatre au sable apr\u00e8s la mar\u00e9e basse\u00a0\u00bb, expliquait-elle de mani\u00e8re tr\u00e8s po\u00e9tique.<\/p>\n<p class=\"mb-4 text-lg md:leading-8 break-words\">D&rsquo;autant qu&rsquo;elle estime que <a data-i13n=\"cpos:5;pos:1\" href=\"https:\/\/fr.style.yahoo.com\/selon-sandra-bullock-hollywood-encourageait-les-actrices-a-se-detester--on-nous-disait-de-ne-pas-respecter-les-autres-femmes-110003851.html\" data-ylk=\"slk:le vieillissement des femmes est particuli\u00e8rement stigmatis\u00e9.;cpos:5;pos:1;elm:context_link;itc:0;sec:content-canvas;outcm:mb_qualified_link;_E:mb_qualified_link;ct:story;\" class=\"link  yahoo-link\" target=\"_blank\" rel=\"noopener\">le vieillissement des femmes est particuli\u00e8rement stigmatis\u00e9.<\/a> \u00ab\u00a0Nous sommes tellement soumis \u00e0 un lavage de cerveau en ce qui concerne la peau. Surtout la peau des femmes (&#8230;) En r\u00e9alit\u00e9, c&rsquo;est fascinant pour moi, car \u00e0 mesure que notre \u00ab\u00a0maison\u00a0\u00bb vieillit, nous devrions devenir de plus en plus int\u00e9ressants et int\u00e9ress\u00e9s. Et pourtant, vous avez cette fa\u00e7ade que les gens voient.\u00a0\u00bb Aussi, elle ne compte pas arr\u00eater de se montrer.<\/p>\n","protected":false},"excerpt":{"rendered":"La repr\u00e9sentation des corps est importante dans le monde du showbusiness, qui s&rsquo;est trop longtemps content\u00e9 de montrer&hellip;\n","protected":false},"author":2,"featured_media":406125,"comment_status":"","ping_status":"","sticky":false,"template":"","format":"standard","meta":{"footnotes":""},"categories":[1354],"tags":[1764,58,59,1346,1011,27,53770,45237,7243,53772,1360,53771],"class_list":{"0":"post-406124","1":"post","2":"type-post","3":"status-publish","4":"format-standard","5":"has-post-thumbnail","7":"category-films","8":"tag-ans","9":"tag-divertissement","10":"tag-entertainment","11":"tag-films","12":"tag-fr","13":"tag-france","14":"tag-glenn-close","15":"tag-golfe-de-finlande","16":"tag-le-monde","17":"tag-mon-corps","18":"tag-movies","19":"tag-the-summer-book"},"share_on_mastodon":{"url":"https:\/\/pubeurope.com\/@fr\/115239746516983411","error":""},"_links":{"self":[{"href":"https:\/\/www.europesays.com\/fr\/wp-json\/wp\/v2\/posts\/406124","targetHints":{"allow":["GET"]}}],"collection":[{"href":"https:\/\/www.europesays.com\/fr\/wp-json\/wp\/v2\/posts"}],"about":[{"href":"https:\/\/www.europesays.com\/fr\/wp-json\/wp\/v2\/types\/post"}],"author":[{"embeddable":true,"href":"https:\/\/www.europesays.com\/fr\/wp-json\/wp\/v2\/users\/2"}],"replies":[{"embeddable":true,"href":"https:\/\/www.europesays.com\/fr\/wp-json\/wp\/v2\/comments?post=406124"}],"version-history":[{"count":0,"href":"https:\/\/www.europesays.com\/fr\/wp-json\/wp\/v2\/posts\/406124\/revisions"}],"wp:featuredmedia":[{"embeddable":true,"href":"https:\/\/www.europesays.com\/fr\/wp-json\/wp\/v2\/media\/406125"}],"wp:attachment":[{"href":"https:\/\/www.europesays.com\/fr\/wp-json\/wp\/v2\/media?parent=406124"}],"wp:term":[{"taxonomy":"category","embeddable":true,"href":"https:\/\/www.europesays.com\/fr\/wp-json\/wp\/v2\/categories?post=406124"},{"taxonomy":"post_tag","embeddable":true,"href":"https:\/\/www.europesays.com\/fr\/wp-json\/wp\/v2\/tags?post=406124"}],"curies":[{"name":"wp","href":"https:\/\/api.w.org\/{rel}","templated":true}]}}