{"id":406126,"date":"2025-09-21T01:42:13","date_gmt":"2025-09-21T01:42:13","guid":{"rendered":"https:\/\/www.europesays.com\/fr\/406126\/"},"modified":"2025-09-21T01:42:13","modified_gmt":"2025-09-21T01:42:13","slug":"des-experts-nommes-sous-trump-sement-les-doutes-sur-les-vaccins-contre-le-covid-19-20-09-2025-a-0109","status":"publish","type":"post","link":"https:\/\/www.europesays.com\/fr\/406126\/","title":{"rendered":"Des experts nomm\u00e9s sous Trump s\u00e8ment les doutes sur les vaccins contre le Covid-19 &#8211; 20\/09\/2025 \u00e0 01:09"},"content":{"rendered":"<p>        <img fetchpriority=\"high\" decoding=\"async\" src=\"https:\/\/www.europesays.com\/fr\/wp-content\/uploads\/2025\/09\/a019fee1931371bd76a2c84e4b883bf8-760x507.jpg\" alt=\"Une infirmi\u00e8re administre une dose de rappel de vaccin contre le Covid-19 \u00e0 un patient, le 1er avril 2022 \u00e0 Hines dans l'Etat am\u00e9ricain de l'Illinois ( GETTY IMAGES NORTH AMERICA \/ SCOTT OLSON )\" loading=\"eager\" width=\"760\" height=\"507\" style=\"max-width: 100%!important; height: auto;\"\/><\/p>\n<p class=\"c-image-news__legend\">Une infirmi\u00e8re administre une dose de rappel de vaccin contre le Covid-19 \u00e0 un patient, le 1er avril 2022 \u00e0 Hines dans l&rsquo;Etat am\u00e9ricain de l&rsquo;Illinois ( GETTY IMAGES NORTH AMERICA \/ SCOTT OLSON )<\/p>\n<p>\n Des experts nomm\u00e9s par le ministre de la Sant\u00e9 de Donald Trump, et pour beaucoup d\u00e9cri\u00e9s, ont remis en question vendredi l&rsquo;efficacit\u00e9 et la s\u00fbret\u00e9 des vaccins contre le Covid-19, se refusant explicitement \u00e0 le recommander.\n<\/p>\n<p>\n Lors d&rsquo;une r\u00e9union hautement politis\u00e9e, ce comit\u00e9, charg\u00e9 d&rsquo;\u00e9mettre des recommandations nationales en mati\u00e8re de vaccins, a accus\u00e9 les laboratoires pharmaceutiques de \u00ab\u00a0manque de rigueur\u00a0\u00bb et insist\u00e9 pour une meilleure communication sur les risques associ\u00e9s \u00e0 la vaccination.\n<\/p>\n<p>\n \u00ab\u00a0Ce que nous avons vu aujourd&rsquo;hui au sujet des vaccins contre le Covid-19 portait sur des mythes\u00a0\u00bb et non la science, a fustig\u00e9 Sean O&rsquo;Leary, sp\u00e9cialiste en maladies infectieuses et p\u00e9diatrie.\n<\/p>\n<p>\n \u00ab\u00a0Pour moi, il s&rsquo;agissait d&rsquo;efforts \u00e9vidents pour alimenter la suspicion sur les vaccins\u00a0\u00bb et \u00ab\u00a0alimenter la peur\u00a0\u00bb, a-t-il condamn\u00e9 aupr\u00e8s de l&rsquo;AFP.\n<\/p>\n<p>\n R\u00e9cemment remani\u00e9 par le ministre vaccinosceptique Robert Kennedy Jr, ce Comit\u00e9 consultatif sur les pratiques de vaccination (ACIP) a entrepris cette semaine de r\u00e9\u00e9valuer les recommandations sur plusieurs vaccins dont ceux contre le Covid-19, suscitant la vive inqui\u00e9tude de la communaut\u00e9 scientifique et m\u00e9dicale.\n<\/p>\n<p> &#8211; Reprise des cas &#8211;<\/p>\n<p>\n Apr\u00e8s avoir chang\u00e9 jeudi les recommandations en mati\u00e8re de pr\u00e9vention de la rougeole, ses membres avaient envisag\u00e9 de recommander que les vaccins contre le Covid-19 soient uniquement administr\u00e9s sur ordonnance, ce qui en aurait fortement limit\u00e9 l&rsquo;acc\u00e8s.\n<\/p>\n<p>\n Face \u00e0 la vive opposition de m\u00e9decins et pharmaciens, ils ont fait marche arri\u00e8re, mais n&rsquo;ont pas pour autant explicitement recommand\u00e9 les vaccins, enjoignant plut\u00f4t les Am\u00e9ricains \u00e0 en discuter avec leur m\u00e9decin ou pharmacien.\n<\/p>\n<p>\n Plusieurs sp\u00e9cialistes \u00e9taient intervenus en amont pour faire part de leur inqui\u00e9tude quant au s\u00e9rieux et aux intentions du comit\u00e9, au sein duquel si\u00e8gent d\u00e9sormais des figures proches de la mouvance antivax.\n<\/p>\n<p>\n Les \u00ab\u00a0donn\u00e9es sont utilis\u00e9es de mani\u00e8re s\u00e9lective pour justifier des conclusions bien sp\u00e9cifiques\u00a0\u00bb, s&rsquo;\u00e9tait ainsi inqui\u00e9t\u00e9e Sandra Fryhofer de l&rsquo;American Medical Association.\n<\/p>\n<p>\n D&rsquo;autres soignants avaient eux pr\u00e9venu que, sans incitations claires, certaines assurances sant\u00e9 pourraient d\u00e9cider de ne plus couvrir ces injections, dont le co\u00fbt aux Etats-Unis peut s&rsquo;\u00e9lever \u00e0 plusieurs centaines de dollars.\n<\/p>\n<p>\n Et ce alors que le pays enregistre une reprise des cas de Covid-19 et des hospitalisations associ\u00e9es, notamment chez les enfants, selon des donn\u00e9es pr\u00e9sent\u00e9es vendredi par les CDC, principale agence sanitaire du pays.\n<\/p>\n<p> &#8211; Division politique &#8211;<\/p>\n<p>\n Depuis le d\u00e9but de la pand\u00e9mie et le pic de d\u00e9sinformation qui l&rsquo;a accompagn\u00e9e, les taux de vaccination du pays ont \u00e9volu\u00e9 \u00e0 la baisse et font d\u00e9sormais craindre la r\u00e9surgence d&rsquo;autres maladies comme la rougeole. Elle a fait trois morts en 2025, une situation in\u00e9dite en plus de 30 ans.\n<\/p>\n<p>\n Et la situation sanitaire du pays pourrait continuer \u00e0 se d\u00e9grader, selon plusieurs institutions m\u00e9dicales, qui accusent le ministre Robert Kennedy Jr de jeter de l&rsquo;huile sur le feu.\n<\/p>\n<p>\n Le ministre a en effet r\u00e9guli\u00e8rement remis en question la s\u00fbret\u00e9 des vaccins et a amorc\u00e9 une profonde refonte des agences sanitaires am\u00e9ricaines.\n<\/p>\n<p>\n Consid\u00e9rant que la fiabilit\u00e9 de ces derni\u00e8res est d\u00e9sormais compromise, plusieurs Etats d\u00e9mocrates ont r\u00e9cemment d\u00e9cid\u00e9 de publier leurs propres recommandations vaccinales ou ont mis en place des dispositifs pour prot\u00e9ger les acc\u00e8s aux vaccins.\n<\/p>\n<p>\n Dans le m\u00eame temps, la Floride, Etat conservateur, a elle annonc\u00e9 vouloir au contraire supprimer toutes les obligations vaccinales en vigueur, faisant craindre un \u00e9clatement des consignes vaccinales au sein du pays, et un v\u00e9ritable casse-t\u00eate sanitaire.<\/p>\n","protected":false},"excerpt":{"rendered":"Une infirmi\u00e8re administre une dose de rappel de vaccin contre le Covid-19 \u00e0 un patient, le 1er avril&hellip;\n","protected":false},"author":2,"featured_media":406127,"comment_status":"","ping_status":"","sticky":false,"template":"","format":"standard","meta":{"footnotes":""},"categories":[10],"tags":[400,398,408,405,1011,27,72,403,402,399,404,71,401,406,407],"class_list":{"0":"post-406126","1":"post","2":"type-post","3":"status-publish","4":"format-standard","5":"has-post-thumbnail","7":"category-sante","8":"tag-action-cac-40","9":"tag-bourse-de-paris","10":"tag-boursorama","11":"tag-cotations","12":"tag-fr","13":"tag-france","14":"tag-health","15":"tag-indices-devises","16":"tag-investir","17":"tag-investissement","18":"tag-marche-boursier","19":"tag-sante","20":"tag-sicav","21":"tag-trackers","22":"tag-warrants"},"share_on_mastodon":{"url":"https:\/\/pubeurope.com\/@fr\/115239750497630069","error":""},"_links":{"self":[{"href":"https:\/\/www.europesays.com\/fr\/wp-json\/wp\/v2\/posts\/406126","targetHints":{"allow":["GET"]}}],"collection":[{"href":"https:\/\/www.europesays.com\/fr\/wp-json\/wp\/v2\/posts"}],"about":[{"href":"https:\/\/www.europesays.com\/fr\/wp-json\/wp\/v2\/types\/post"}],"author":[{"embeddable":true,"href":"https:\/\/www.europesays.com\/fr\/wp-json\/wp\/v2\/users\/2"}],"replies":[{"embeddable":true,"href":"https:\/\/www.europesays.com\/fr\/wp-json\/wp\/v2\/comments?post=406126"}],"version-history":[{"count":0,"href":"https:\/\/www.europesays.com\/fr\/wp-json\/wp\/v2\/posts\/406126\/revisions"}],"wp:featuredmedia":[{"embeddable":true,"href":"https:\/\/www.europesays.com\/fr\/wp-json\/wp\/v2\/media\/406127"}],"wp:attachment":[{"href":"https:\/\/www.europesays.com\/fr\/wp-json\/wp\/v2\/media?parent=406126"}],"wp:term":[{"taxonomy":"category","embeddable":true,"href":"https:\/\/www.europesays.com\/fr\/wp-json\/wp\/v2\/categories?post=406126"},{"taxonomy":"post_tag","embeddable":true,"href":"https:\/\/www.europesays.com\/fr\/wp-json\/wp\/v2\/tags?post=406126"}],"curies":[{"name":"wp","href":"https:\/\/api.w.org\/{rel}","templated":true}]}}