{"id":406134,"date":"2025-09-21T01:46:11","date_gmt":"2025-09-21T01:46:11","guid":{"rendered":"https:\/\/www.europesays.com\/fr\/406134\/"},"modified":"2025-09-21T01:46:11","modified_gmt":"2025-09-21T01:46:11","slug":"pour-bernard-arnault-gabriel-zucman-est-un-militant-dextreme-gauche-qui-vise-la-destruction-de-leconomie-liberale-liberation","status":"publish","type":"post","link":"https:\/\/www.europesays.com\/fr\/406134\/","title":{"rendered":"Pour Bernard Arnault, Gabriel Zucman est un \u00abmilitant d\u2019extr\u00eame gauche\u00bb qui vise \u00abla destruction de l\u2019\u00e9conomie lib\u00e9rale\u00bb \u2013 Lib\u00e9ration"},"content":{"rendered":"<p class=\"sc-cPiKLX AiZTS text-element\"><a href=\"https:\/\/www.liberation.fr\/economie\/le-betisier-anti-taxe-zucman-ils-veulent-priver-le-pays-de-20-milliards-de-recettes-a-lheure-de-la-dette-20250916_I57VS5FMPBG33L5L6JN5WL4734\/\" target=\"_blank\" rel=\"noreferrer noopener\" title=\"https:\/\/www.liberation.fr\/economie\/le-betisier-anti-taxe-zucman-ils-veulent-priver-le-pays-de-20-milliards-de-recettes-a-lheure-de-la-dette-20250916_I57VS5FMPBG33L5L6JN5WL4734\/\">Chez ceux que sa taxe horrifie<\/a>, certains disent qu\u2019il invoque les sept plaies d\u2019Egypte, d\u2019autres que son pangolin domestique serait \u00e0 l\u2019origine du Covid-19, et certains pr\u00e9tendent m\u00eame qu\u2019il est l\u2019architecte de l\u2019Etoile de la mort. Gabriel Zucman est, aux yeux de Bernard Arnault, rien de moins qu\u2019un \u00abmilitant d\u2019extr\u00eame gauche\u00bb dont l\u2019objectif est \u00abla destruction de l\u2019\u00e9conomie lib\u00e9rale\u00bb, d\u2019apr\u00e8s ses propos au <a href=\"https:\/\/www.thetimes.com\/world\/europe\/article\/gabriel-zucman-france-wealth-tax-djzsvv2p3\" target=\"_blank\" rel=\"noreferrer noopener\" title=\"https:\/\/www.thetimes.com\/world\/europe\/article\/gabriel-zucman-france-wealth-tax-djzsvv2p3\">Sunday Times<\/a> publi\u00e9e ce samedi 20\u00a0septembre. <\/p>\n<p class=\"sc-cPiKLX AiZTS text-element\">Le PDG <a href=\"https:\/\/www.liberation.fr\/economie\/conso\/cest-moins-byzance-pour-lvmh-mais-bernard-arnault-promet-toujours-du-luxe-a-ses-actionnaires-20250129_OVDM7SISPRBKVOBNR2Q6Q53COA\/\" target=\"_blank\" rel=\"noreferrer noopener\" title=\"https:\/\/www.liberation.fr\/economie\/conso\/cest-moins-byzance-pour-lvmh-mais-bernard-arnault-promet-toujours-du-luxe-a-ses-actionnaires-20250129_OVDM7SISPRBKVOBNR2Q6Q53COA\/\">du num\u00e9ro un mondial du luxe LVMH<\/a>, dont la fortune est estim\u00e9e \u00e0 plus de 160\u00a0milliards d\u2019euros, livre son analyse dans un article du m\u00e9dia britannique titr\u00e9 \u00abUn imp\u00f4t sur la fortune d\u00e9truirait notre \u00e9conomie\u2026 dit l\u2019homme le plus riche de France\u00bb (\u00abWealth tax would kill our economy\u2026 says France\u2019s richest man\u00bb). <\/p>\n<p class=\"sc-cPiKLX AiZTS text-element\">Bernard Arnault, <a href=\"https:\/\/www.liberation.fr\/politique\/surtaxe-des-entreprises-bernard-arnault-chouine-chacun-doit-prendre-sa-part-retorque-le-gouvernement-20250129_TTMI5AVFFBGDZO7L2NXUH6RERM\/\" target=\"_blank\" rel=\"noreferrer noopener\" title=\"https:\/\/www.liberation.fr\/politique\/surtaxe-des-entreprises-bernard-arnault-chouine-chacun-doit-prendre-sa-part-retorque-le-gouvernement-20250129_TTMI5AVFFBGDZO7L2NXUH6RERM\/\">qui avait d\u00e9j\u00e0 critiqu\u00e9 les surtaxes d\u2019entreprises en janvier<\/a>, estime qu\u2019\u00abon ne comprend pas les positions de Monsieur Zucman si l\u2019on oublie qu\u2018il est d\u2019abord un militant d\u2019extr\u00eame gauche. \u00c0 ce titre, il met au service de son id\u00e9ologie (qui vise la destruction de l\u2019\u00e9conomie lib\u00e9rale, la seule qui fonctionne pour le bien de tous) une pseudo comp\u00e9tence universitaire qui elle-m\u00eame fait largement d\u00e9bat\u00bb. <\/p>\n<p class=\"sc-cPiKLX AiZTS text-element\">L\u2019\u00e9conomiste, pass\u00e9 par la London School of Economics et l\u2019universit\u00e9 de Berkeley, d\u00e9sormais prof \u00e0 l\u2019\u00c9cole normale sup\u00e9rieure et \u00e0 l\u2019\u00c9cole d\u2019\u00e9conomie de Paris, est auteur d\u2019une proposition de taxe sur les tr\u00e8s hauts patrimoines. Cette derni\u00e8re est d\u00e9fendue par <a href=\"https:\/\/www.lemonde.fr\/idees\/article\/2025\/07\/07\/avec-l-impot-sur-les-ultrariches-la-france-peut-montrer-la-voie-au-reste-du-monde-le-plaidoyer-de-sept-prix-nobel-d-economie-pour-la-taxe-zucman_6619619_3232.html\" target=\"_blank\" rel=\"noreferrer noopener\" title=\"https:\/\/www.lemonde.fr\/idees\/article\/2025\/07\/07\/avec-l-impot-sur-les-ultrariches-la-france-peut-montrer-la-voie-au-reste-du-monde-le-plaidoyer-de-sept-prix-nobel-d-economie-pour-la-taxe-zucman_6619619_3232.html\">sept prix Nobel<\/a> ainsi que par la gauche fran\u00e7aise, qui demande au nouveau Premier ministre S\u00e9bastien Lecornu de la reprendre dans le budget 2026. <\/p>\n<p class=\"sc-cPiKLX AiZTS text-element\">Cette mesure consisterait \u00e0 taxer \u00e0 hauteur de 2\u00a0% par an les patrimoines sup\u00e9rieurs \u00e0 100\u00a0millions d\u2019euros, ce qui concerne 1\u00a0800 foyers fiscaux. Si elle est critiqu\u00e9e, notamment au centre, \u00e0 droite et <a href=\"https:\/\/www.liberation.fr\/economie\/contre-la-taxe-zucman-les-patrons-de-la-french-tech-a-tue-tete-20250919_BOCJ3VJTNZETFGY3UYICU4MJOI\/\" target=\"_blank\" rel=\"noreferrer noopener\" title=\"https:\/\/www.liberation.fr\/economie\/contre-la-taxe-zucman-les-patrons-de-la-french-tech-a-tue-tete-20250919_BOCJ3VJTNZETFGY3UYICU4MJOI\/\">dans le monde patronal<\/a>, o\u00f9 l\u2019on brandit la menace d\u2019un effet d\u00e9l\u00e9t\u00e8re pour l\u2019outil professionnel, elle est fortement soutenue par la gauche, qui y voit <a href=\"https:\/\/www.liberation.fr\/economie\/gabriel-zucman-il-est-concretement-possible-dabolir-les-privileges-fiscaux-des-ultrariches-dans-le-monde-20240625_XBBJKC2IL5DWPCK4EMOSP6IAWU\/\" target=\"_blank\" rel=\"noreferrer noopener\" title=\"https:\/\/www.liberation.fr\/economie\/gabriel-zucman-il-est-concretement-possible-dabolir-les-privileges-fiscaux-des-ultrariches-dans-le-monde-20240625_XBBJKC2IL5DWPCK4EMOSP6IAWU\/\">un levier pour davantage de justice fiscale<\/a>. <\/p>\n<p class=\"sc-cPiKLX AiZTS text-element\">Bernard Arnault juge que Gabriel Zucman \u00abpr\u00e9sente la situation fiscale fran\u00e7aise de mani\u00e8re biais\u00e9e\u00bb. \u00abCar enfin, comment me mettre moi directement en cause alors que je suis certainement le tout premier contribuable \u00e0 titre personnel et <a href=\"https:\/\/www.liberation.fr\/checknews\/combien-le-groupe-lvmh-paie-t-il-dimpots-sur-les-societes-en-france-20250131_NH5KAKEMXFBLBLLTCXZCKPTY6Q\/\" target=\"_blank\" rel=\"noreferrer noopener\" title=\"https:\/\/www.liberation.fr\/checknews\/combien-le-groupe-lvmh-paie-t-il-dimpots-sur-les-societes-en-france-20250131_NH5KAKEMXFBLBLLTCXZCKPTY6Q\/\">l\u2019un des plus importants \u00e0 travers les soci\u00e9t\u00e9s que je dirige<\/a>\u00bb, d\u00e9clare-t-il. \u00abIl ne s\u2019agit ni d\u2019un d\u00e9bat technique ni \u00e9conomique, mais bien d\u2019une volont\u00e9 clairement formul\u00e9e de mettre \u00e0 terre l\u2019\u00e9conomie fran\u00e7aise\u00bb, accuse-t-il encore. <\/p>\n<p class=\"sc-cPiKLX AiZTS text-element\">\u00abJe ne peux pas croire que les forces politiques fran\u00e7aises qui dirigent, ou ont par le pass\u00e9 dirig\u00e9 le pays, puissent pr\u00eater la moindre cr\u00e9dibilit\u00e9 \u00e0 cette offensive mortelle pour notre \u00e9conomie\u00bb, ajoute Bernard Arnault. <\/p>\n<p class=\"sc-cPiKLX AiZTS text-element\">En 2024, le groupe de luxe LVMH qui poss\u00e8de plus de 75 marques dont Louis Vuitton, Dior, Mo\u00ebt et Hennessy ou encore Chaumet, a r\u00e9alis\u00e9 un chiffre d\u2019affaires de plus de 84 milliards d\u2019euros et un b\u00e9n\u00e9fice de 12,55 milliards d\u2019euros.<\/p>\n","protected":false},"excerpt":{"rendered":"Chez ceux que sa taxe horrifie, certains disent qu\u2019il invoque les sept plaies d\u2019Egypte, d\u2019autres que son pangolin&hellip;\n","protected":false},"author":2,"featured_media":406135,"comment_status":"","ping_status":"","sticky":false,"template":"","format":"standard","meta":{"footnotes":""},"categories":[6],"tags":[3820,25548,35,33,34,1011,27],"class_list":{"0":"post-406134","1":"post","2":"type-post","3":"status-publish","4":"format-standard","5":"has-post-thumbnail","7":"category-economie","8":"tag-bernard-arnault","9":"tag-budget-public","10":"tag-business","11":"tag-economie","12":"tag-economy","13":"tag-fr","14":"tag-france"},"share_on_mastodon":{"url":"https:\/\/pubeurope.com\/@fr\/115239766462182609","error":""},"_links":{"self":[{"href":"https:\/\/www.europesays.com\/fr\/wp-json\/wp\/v2\/posts\/406134","targetHints":{"allow":["GET"]}}],"collection":[{"href":"https:\/\/www.europesays.com\/fr\/wp-json\/wp\/v2\/posts"}],"about":[{"href":"https:\/\/www.europesays.com\/fr\/wp-json\/wp\/v2\/types\/post"}],"author":[{"embeddable":true,"href":"https:\/\/www.europesays.com\/fr\/wp-json\/wp\/v2\/users\/2"}],"replies":[{"embeddable":true,"href":"https:\/\/www.europesays.com\/fr\/wp-json\/wp\/v2\/comments?post=406134"}],"version-history":[{"count":0,"href":"https:\/\/www.europesays.com\/fr\/wp-json\/wp\/v2\/posts\/406134\/revisions"}],"wp:featuredmedia":[{"embeddable":true,"href":"https:\/\/www.europesays.com\/fr\/wp-json\/wp\/v2\/media\/406135"}],"wp:attachment":[{"href":"https:\/\/www.europesays.com\/fr\/wp-json\/wp\/v2\/media?parent=406134"}],"wp:term":[{"taxonomy":"category","embeddable":true,"href":"https:\/\/www.europesays.com\/fr\/wp-json\/wp\/v2\/categories?post=406134"},{"taxonomy":"post_tag","embeddable":true,"href":"https:\/\/www.europesays.com\/fr\/wp-json\/wp\/v2\/tags?post=406134"}],"curies":[{"name":"wp","href":"https:\/\/api.w.org\/{rel}","templated":true}]}}