{"id":40614,"date":"2025-04-21T04:32:09","date_gmt":"2025-04-21T04:32:09","guid":{"rendered":"https:\/\/www.europesays.com\/fr\/40614\/"},"modified":"2025-04-21T04:32:09","modified_gmt":"2025-04-21T04:32:09","slug":"atp-barcelone-lexplication-attendue-de-tsitsipas-sur-son-abandon-express-contre-arthur-fils","status":"publish","type":"post","link":"https:\/\/www.europesays.com\/fr\/40614\/","title":{"rendered":"ATP &#8211; Barcelone > L&rsquo;explication attendue de Tsitsipas sur son abandon express contre Arthur Fils"},"content":{"rendered":"<p>D\u00e9sireux d\u2019enfin remporter l\u2019ATP 500 de Barcelone, apr\u00e8s s\u2019\u00eatre inclin\u00e9 quatre fois en finale, Stefanos Tsitsipas a vu son aven\u00adture s\u2019ar\u00adr\u00eater pr\u00e9ma\u00adtu\u00adr\u00e9\u00adment. Oppos\u00e9 \u00e0 Arthur Fils en quarts de finale vendredi, <a href=\"https:\/\/www.welovetennis.fr\/atp\/atp-barcelone\/vainqueur-sur-abandon-de-tsitsipas-arthur-fils-rejoint-alcaraz-pour-une-revanche-tres-attendue\" data-wpel-link=\"internal\" rel=\"nofollow noopener\" target=\"_blank\">le num\u00e9ro 16 mondial a disput\u00e9 deux petits jeux et sept minutes<\/a>, avant de jeter l\u2019\u00e9ponge (2\u22120).<\/p>\n<p>Sur son compte Instagram, le double fina\u00adliste en Grand Chelem a donn\u00e9 de ses nouvelles.<\/p>\n<blockquote class=\"instagram-media\" data-instgrm-captioned=\"\" data-instgrm-permalink=\"https:\/\/www.instagram.com\/p\/DIntHgLq6ES\/?utm_source=ig_embed&amp;utm_campaign=loading\" data-instgrm-version=\"14\" style=\"background:#FFF;border:0;border-radius:3px;margin: 1px;max-width:540px;min-width:326px;padding:0;width:99.375%;width:-webkit-calc(100% - 2px);width:calc(100% - 2px)\"\/>\n<p><strong>\u00ab\u202fBarcelone est l\u2019une de mes \u00e9tapes pr\u00e9f\u00e9\u00adr\u00e9es sur le circuit. Jouer ici est toujours un plaisir\u2026 la terre battue, l\u2019\u00e9nergie et la passion des gens en font un endroit sp\u00e9cial. Mais cette fois, mon corps en a eu assez. J\u2019ai d\u00fb me retirer en raison d\u2019une g\u00eane au niveau du dos. Merci pour votre amour et votre soutien, vous \u00eates incroyables. Je revien\u00addrai plus fort et pr\u00eat \u00e0 profiter \u00e0 nouveau de cette ville extraordinaire\u202f\u00bb.<\/strong><\/p>\n<p class=\"post-published-date\" style=\"color: silver; font-size: 75%; text-align: left;\">Publi\u00e9 le dimanche 20 avril 2025 \u00e0 16:40<\/p>\n<p><script async src=\"\/\/www.instagram.com\/embed.js\"><\/script><\/p>\n","protected":false},"excerpt":{"rendered":"D\u00e9sireux d\u2019enfin remporter l\u2019ATP 500 de Barcelone, apr\u00e8s s\u2019\u00eatre inclin\u00e9 quatre fois en finale, Stefanos Tsitsipas a vu&hellip;\n","protected":false},"author":2,"featured_media":16989,"comment_status":"","ping_status":"","sticky":false,"template":"","format":"standard","meta":{"footnotes":""},"categories":[1415],"tags":[3768,1011,27,60,1467,5443],"class_list":{"0":"post-40614","1":"post","2":"type-post","3":"status-publish","4":"format-standard","5":"has-post-thumbnail","7":"category-tennis","8":"tag-arthur-fils","9":"tag-fr","10":"tag-france","11":"tag-sports","12":"tag-tennis","13":"tag-tsitsipas"},"share_on_mastodon":{"url":"https:\/\/pubeurope.com\/@fr\/114374085338494037","error":""},"_links":{"self":[{"href":"https:\/\/www.europesays.com\/fr\/wp-json\/wp\/v2\/posts\/40614","targetHints":{"allow":["GET"]}}],"collection":[{"href":"https:\/\/www.europesays.com\/fr\/wp-json\/wp\/v2\/posts"}],"about":[{"href":"https:\/\/www.europesays.com\/fr\/wp-json\/wp\/v2\/types\/post"}],"author":[{"embeddable":true,"href":"https:\/\/www.europesays.com\/fr\/wp-json\/wp\/v2\/users\/2"}],"replies":[{"embeddable":true,"href":"https:\/\/www.europesays.com\/fr\/wp-json\/wp\/v2\/comments?post=40614"}],"version-history":[{"count":0,"href":"https:\/\/www.europesays.com\/fr\/wp-json\/wp\/v2\/posts\/40614\/revisions"}],"wp:featuredmedia":[{"embeddable":true,"href":"https:\/\/www.europesays.com\/fr\/wp-json\/wp\/v2\/media\/16989"}],"wp:attachment":[{"href":"https:\/\/www.europesays.com\/fr\/wp-json\/wp\/v2\/media?parent=40614"}],"wp:term":[{"taxonomy":"category","embeddable":true,"href":"https:\/\/www.europesays.com\/fr\/wp-json\/wp\/v2\/categories?post=40614"},{"taxonomy":"post_tag","embeddable":true,"href":"https:\/\/www.europesays.com\/fr\/wp-json\/wp\/v2\/tags?post=40614"}],"curies":[{"name":"wp","href":"https:\/\/api.w.org\/{rel}","templated":true}]}}