{"id":40615,"date":"2025-04-21T04:34:07","date_gmt":"2025-04-21T04:34:07","guid":{"rendered":"https:\/\/www.europesays.com\/fr\/40615\/"},"modified":"2025-04-21T04:34:07","modified_gmt":"2025-04-21T04:34:07","slug":"motogp-un-zarco-puissance-quatre-fait-briller-letoile-honda-avant-de-jouer-la-gagne","status":"publish","type":"post","link":"https:\/\/www.europesays.com\/fr\/40615\/","title":{"rendered":"MotoGP Un Zarco puissance quatre fait briller l&rsquo;\u00e9toile Honda ! Avant de jouer la gagne ?"},"content":{"rendered":"<p>Plus cette saison 2025 de MotoGP avance plus elle sent tr\u00e8s bon, pour Johann Zarco et Honda. Alors, apr\u00e8s sa belle quatri\u00e8me place du Qatar, comment ne pas imaginer le Fran\u00e7ais signer un et m\u00eame, plusieurs podiums cette saison voire, pourquoi pas, quelques victoires ? Ce serait une suite logique \u00e0 son ascension vertigineuse, depuis le Team satellite LCR, qui parait lui offrir l\u2019environnement id\u00e9al pour r\u00e9ussir. Loin de la pression de l\u2019\u00e9curie officielle\u2026<\/p>\n<p>MotoGP : Zarco (Honda) est le meilleur des autres au championnat !<\/p>\n<p>Le week-end dernier sur le circuit de Losail, Johann Zarco a sign\u00e9 le meilleur r\u00e9sultat d\u2019une Honda depuis 2023. C\u2019\u00e9tait aussi au Grand-Prix des USA de cette ann\u00e9e-l\u00e0 qu\u2019Alex Rins avait offert la victoire \u00e0 LCR. Depuis, jamais un pilote oeuvrant pour cette \u00e9curie n\u2019avait atteint un top quatre. La preuve qu\u2019Honda est sur la bonne voie, chose \u00e0 laquelle le tricolore n\u2019est \u00e9videmment pas \u00e9tranger. Sachant que la wild-card d\u2019Aleix Espargaro, qui sera pr\u00e9sent avec le HRC sur le Grand-Prix d\u2019Espagne, devrait \u00e9galement aider. A condition que les deux hommes soient sur la m\u00eame longueur d\u2019onde\u2026<\/p>\n<p>Pour JZ5, outre de l\u00e9gitimes ambitions de podium, il y a aussi un beau classement g\u00e9n\u00e9ral \u00e0 jouer. Car si les trois\/quatre premi\u00e8res places paraissent d\u00e9volues aux hommes de Ducati, juste derri\u00e8re, le classement de \u201cmeilleur des autres\u201d est assez ouvert. D\u2019ailleurs, Johann Zarco est actuellement sixi\u00e8me de cette hi\u00e9rarchie, devant tous les pilotes Honda. Mais \u00e9galement, mieux plac\u00e9 que tous les pilotes Aprilia, KTM et <a href=\"https:\/\/lemagsportauto.ouest-france.fr\/motogp-quartararo-depite-devant-linconstance-de-sa-yamaha-mais-solide-p7-au-qatar\/103293\/\" target=\"_blank\" rel=\"noopener\">Yamaha<\/a>. Alors, oui, il y a assur\u00e9ment un coup \u00e0 jouer, cette saison.<\/p>\n<p>Cependant, revenant sur son Grand-Prix du Qatar de MotoGP, JZ5 est bien conscient que son r\u00e9sultat final avait \u00e9t\u00e9 consid\u00e9rablement favoris\u00e9 par l\u2019accrochage entre les Ducati de Fabio di Giannantonio et Alex Marquez. Ceci \u00e9tant dit, d\u2019une part, il y aura d\u2019autres accrochages\/incidents entre Ducati cette ann\u00e9e. Et, d\u2019autre part, la Honda est maintenant capable de batailler avec ces machines o\u00f9 pas tr\u00e8s loin. Avec une marge de progression \u00e0 la faveur de la nippone, du fait des concessions, notamment. Sans parler de la gestion des pneus, domaine dans lequel le Fran\u00e7ais excelle.<\/p>\n<p>\u201cClairement, la confusion avec \u00c1lex M\u00e1rquez et Di Giannantonio m\u2019a bien aid\u00e9 parce que \u00e7a a plac\u00e9 derri\u00e8re moi deux candidats importants sur cette piste. Gagner quelques positions, \u00e7a a beaucoup aid\u00e9 \u00e0 maintenir le rythme. Quand Morbidelli a perdu des places, je n\u2019ai pas perdu de temps derri\u00e8re lui et j\u2019ai pu le doubler puis essayer de rester avec Pecco, mais c\u2019\u00e9tait le moment le plus difficile de la course. Ne pas avoir un gros \u00e9cart sur le gars de derri\u00e8re m\u2019a fait perdre un peu de temps derri\u00e8re Pecco.\u201d, commentait le pilote LCR, peu de temps apr\u00e8s l\u2019arriv\u00e9e de l\u2019\u00e9preuve de Doha.<\/p>\n<p>\u201c\u00c0 la fin, quand Morbidelli m\u2019a doubl\u00e9, j\u2019ai vu qu\u2019Aldeguer \u00e9tait \u00e9galement l\u00e0 mais j\u2019ai fait de mon mieux pour rester aussi proche que possible de Franco, avec peut-\u00eatre la possibilit\u00e9 de prendre la quatri\u00e8me place. Mais il a aussi fait un bon dernier tour. Avec ce bon dernier tour, \u00e0 essayer de rester \u00e0 son contact, j\u2019ai sauv\u00e9 la cinqui\u00e8me place donc je suis plut\u00f4t content. Je suis tr\u00e8s heureux. J\u2019ai maintenu un tr\u00e8s bon rythme. Avoir ces espoirs de garder le rythme pour le podium, c\u2019est vraiment, vraiment fantastique. Je roule pour ce genre de course, j\u2019adore \u00e7a.\u201d, jubile le Fran\u00e7ais, litt\u00e9ralement galvanis\u00e9 par cette s\u00e9rie de bons r\u00e9sultats.<\/p>\n<p>\u201cJ\u2019avais dit que si on n\u2019avait aucun probl\u00e8me de vibration le dimanche (r\u00e9f\u00e9rence au sprint de la veille et son mauvais choix de pneus), je pensais pouvoir faire une bonne course et rester avec les leaders. C\u2019est exactement ce qu\u2019il s\u2019est pass\u00e9 donc je suis tr\u00e8s content de \u00e7a. On a eu un peu de vibrations mais c\u2019\u00e9tait sous contr\u00f4le. J\u2019ai pu g\u00e9rer un peu le pilotage pour limiter le probl\u00e8me. C\u2019est juste tr\u00e8s bon de confirmer que la vitesse vient et que les choses sont sous contr\u00f4le. Ce n\u2019est pas facile mais on construit notre performance.\u201d<\/p>\n<p>En outre, Johann est bien conscient du principal handicap de sa Honda : la vitesse de pointe. Alors il sait \u00e0 quel point le ph\u00e9nom\u00e8ne d\u2019aspiration peut l\u2019aider, d\u2019o\u00f9 la n\u00e9cessit\u00e9 de rester au contact des autres motos, d\u00e8s le d\u00e9but des courses. Apr\u00e8s quoi, son aisance sur sa Honda et sa capacit\u00e9 \u00e0 freiner tard et fort peuvent faire la diff\u00e9rence :<\/p>\n<p>\u201cJe sais que quand je peux rester derri\u00e8re les leaders au dernier virage, avec l\u2019aspiration je gagne deux dixi\u00e8mes au tour. Quand j\u2019\u00e9tais seul, je perdais peut-\u00eatre un peu de temps. Mais vu que je suis beaucoup plus lent en ligne droite, je freinais tard ! \u00c0 part \u00e7a, l\u2019aspiration a beaucoup aid\u00e9. En dehors de \u00e7a, j\u2019avais un bon contr\u00f4le de la moto sur le reste de la piste et \u00e7a a bien aid\u00e9. \u00c0 Austin, on avait plus de mal \u00e0 l\u2019acc\u00e9l\u00e9ration et dans les lignes droites parce qu\u2019on sortait de virages tr\u00e8s lents. <\/p>\n<p>Dans ce virage 16, on a la place de pr\u00e9parer la sortie, et nos sorties ne sont pas si mauvaises. C\u2019est juste que sur le cinqui\u00e8me et le sixi\u00e8me rapports, on perd du temps. Je savais que \u00e7a ne serait pas le plus gros probl\u00e8me. Pour les duels, \u00e7a n\u2019aide pas mais comme je l\u2019ai dit, c\u2019est ma moto actuellement et je sais qu\u2019au d\u00e9but de la saison europ\u00e9enne, cette vitesse de pointe ne sera pas un probl\u00e8me, donc on verra si on pourra \u00e9galement bien utiliser les pistes de freinage, et \u00eatre performants.\u201c, concluait Zarco.<\/p>\n<p>Reste maintenant \u00e0 confirmer ces bonnes sensations en Europe. Sachant que parfois, cette rentr\u00e9e sur le vieux continent peut changer la donne. Ainsi, si la Honda venait \u00e0 rester aussi comp\u00e9titive \u00e0 Jerez, alors nous pourrions tabler sur une machine \u00e9quilibr\u00e9e, capable de jouer les premiers r\u00f4les partout. Et juste avant l\u2019\u00e9ch\u00e9ance du Grand-Prix de France de MotoGP, cette confirmation tomberait \u00e0 point nomm\u00e9\u2026<\/p>\n<blockquote class=\"instagram-media\" style=\"background: #FFF; border: 0; border-radius: 3px; box-shadow: 0 0 1px 0 rgba(0,0,0,0.5),0 1px 10px 0 rgba(0,0,0,0.15); margin: 1px; max-width: 540px; min-width: 326px; padding: 0; width: calc(100% - 2px);\" data-instgrm-captioned=\"\" data-instgrm-permalink=\"https:\/\/www.instagram.com\/p\/DIir3wfopde\/?utm_source=ig_embed&amp;utm_campaign=loading\" data-instgrm-version=\"14\">\n<\/blockquote>\n<p>Article publi\u00e9 le 21\/04\/2025 \u00e0 5h42<\/p>\n<p>                                                            <script async src=\"\/\/www.instagram.com\/embed.js\"><\/script><\/p>\n","protected":false},"excerpt":{"rendered":"Plus cette saison 2025 de MotoGP avance plus elle sent tr\u00e8s bon, pour Johann Zarco et Honda. Alors,&hellip;\n","protected":false},"author":2,"featured_media":40616,"comment_status":"","ping_status":"","sticky":false,"template":"","format":"standard","meta":{"footnotes":""},"categories":[1413],"tags":[1011,27,1741,1457,1456,1458,60],"class_list":{"0":"post-40615","1":"post","2":"type-post","3":"status-publish","4":"format-standard","5":"has-post-thumbnail","7":"category-moto","8":"tag-fr","9":"tag-france","10":"tag-johann-zarco","11":"tag-moto","12":"tag-motocycle","13":"tag-motogp","14":"tag-sports"},"share_on_mastodon":{"url":"https:\/\/pubeurope.com\/@fr\/114374093436816209","error":""},"_links":{"self":[{"href":"https:\/\/www.europesays.com\/fr\/wp-json\/wp\/v2\/posts\/40615","targetHints":{"allow":["GET"]}}],"collection":[{"href":"https:\/\/www.europesays.com\/fr\/wp-json\/wp\/v2\/posts"}],"about":[{"href":"https:\/\/www.europesays.com\/fr\/wp-json\/wp\/v2\/types\/post"}],"author":[{"embeddable":true,"href":"https:\/\/www.europesays.com\/fr\/wp-json\/wp\/v2\/users\/2"}],"replies":[{"embeddable":true,"href":"https:\/\/www.europesays.com\/fr\/wp-json\/wp\/v2\/comments?post=40615"}],"version-history":[{"count":0,"href":"https:\/\/www.europesays.com\/fr\/wp-json\/wp\/v2\/posts\/40615\/revisions"}],"wp:featuredmedia":[{"embeddable":true,"href":"https:\/\/www.europesays.com\/fr\/wp-json\/wp\/v2\/media\/40616"}],"wp:attachment":[{"href":"https:\/\/www.europesays.com\/fr\/wp-json\/wp\/v2\/media?parent=40615"}],"wp:term":[{"taxonomy":"category","embeddable":true,"href":"https:\/\/www.europesays.com\/fr\/wp-json\/wp\/v2\/categories?post=40615"},{"taxonomy":"post_tag","embeddable":true,"href":"https:\/\/www.europesays.com\/fr\/wp-json\/wp\/v2\/tags?post=40615"}],"curies":[{"name":"wp","href":"https:\/\/api.w.org\/{rel}","templated":true}]}}