{"id":406159,"date":"2025-09-21T02:10:29","date_gmt":"2025-09-21T02:10:29","guid":{"rendered":"https:\/\/www.europesays.com\/fr\/406159\/"},"modified":"2025-09-21T02:10:29","modified_gmt":"2025-09-21T02:10:29","slug":"bas-rhin-un-mort-et-plusieurs-personnes-hospitalisees-apres-lincendie-dun-immeuble-a-strasbourg-4","status":"publish","type":"post","link":"https:\/\/www.europesays.com\/fr\/406159\/","title":{"rendered":"Bas-Rhin. Un mort et plusieurs personnes hospitalis\u00e9es apr\u00e8s l&rsquo;incendie d&rsquo;un immeuble \u00e0 Strasbourg"},"content":{"rendered":"<p>Un incendie s&rsquo;est d\u00e9clar\u00e9 ce samedi soir, vers 18 h 40, dans un immeuble de Strasbourg (Bas-Rhin). Un homme handicap\u00e9, en fauteil roulant, est d\u00e9c\u00e9d\u00e9, pris au pi\u00e8ge au deuxi\u00e8me \u00e9tage, rapportent <a href=\"https:\/\/www.dna.fr\/faits-divers-justice\/2025\/09\/20\/incendie-en-cours-a-koenigshoffen-un-immeuble-en-proie-aux-flammes\" target=\"_blank\" rel=\"nofollow noopener\">Les Derni\u00e8res Nouvelles d&rsquo;Alsace<\/a>.<\/p>\n<p>Neuf autres occupants de l&rsquo;immeuble, sept adultes et deux enfants, ont \u00e9t\u00e9 pris en charge par les secours et hospitalis\u00e9s en urgence relative. Une femme est toujours recherch\u00e9e par les pompiers.<\/p>\n<p>Ce contenu est bloqu\u00e9 car vous n&rsquo;avez pas accept\u00e9 les cookies et autres traceurs.<\/p>\n<p>En cliquant sur \u00ab J\u2019accepte \u00bb, les cookies et autres traceurs seront d\u00e9pos\u00e9s et vous pourrez visualiser les contenus  (<a href=\"\" class=\"consentModule_policy\" target=\"_blank\" title=\"Consulter la politique de protection des donn\u00e9es du fournisseur\">plus d&rsquo;informations<\/a>).<\/p>\n<p>En cliquant sur \u00ab J\u2019accepte tous les cookies \u00bb, vous autorisez des d\u00e9p\u00f4ts de cookies et autres traceurs pour le stockage de vos donn\u00e9es sur nos sites et applications \u00e0 des fins de personnalisation et de ciblage publicitaire.<\/p>\n<p class=\"consentModule_secondaryText\">Vous gardez la possibilit\u00e9 de retirer votre consentement \u00e0 tout moment en consultant notre <a href=\"https:\/\/www.leprogres.fr\/protection-des-donnees\" target=\"_blank\" title=\"Consulter notre politique de protection des donn\u00e9es\" rel=\"nofollow noopener\">politique de protection des donn\u00e9es<\/a>. <br \/>&#13;<br \/>\n            <a href=\"https:\/\/www.leprogres.fr\/faits-divers-justice\/2025\/09\/20\/javascript:Didomi.notice.show()\" class=\"consentModule_cmp\" rel=\"nofollow noopener\" target=\"_blank\">G\u00e9rer mes choix<\/a>&#13;\n        <\/p>\n<p>&#13;<br \/>\n                        J&rsquo;accepte&#13;<br \/>\n            J&rsquo;accepte tous les cookies&#13;\n        <\/p>\n<p>  \u00ab\u00a0Un feu g\u00e9n\u00e9ralis\u00e9\u00a0\u00bb<\/p>\n<p>\u00ab Quand les secours sont arriv\u00e9s, ils ont \u00e9t\u00e9 confront\u00e9s \u00e0 un feu g\u00e9n\u00e9ralis\u00e9 \u00bb, a retrac\u00e9 aupr\u00e8s des DNA le lieutenant-colonel Pierre-Jean Cheze, officier de permanence des sapeurs-pompiers du Bas-Rhin. Dans cet ancien corps de ferme, \u00ab la pr\u00e9sence de planchers et d\u2019un escalier en bois a forc\u00e9ment facilit\u00e9 la propagation \u00bb des flammes.<\/p>\n<p class=\"note\">&gt;&gt; Lire l&rsquo;article des\u00a0<a href=\"https:\/\/www.dna.fr\/faits-divers-justice\/2025\/09\/20\/incendie-en-cours-a-koenigshoffen-un-immeuble-en-proie-aux-flammes\" target=\"_blank\" rel=\"nofollow noopener\">Derni\u00e8res Nouvelles d&rsquo;Alsace<\/a>.<\/p>\n","protected":false},"excerpt":{"rendered":"Un incendie s&rsquo;est d\u00e9clar\u00e9 ce samedi soir, vers 18 h 40, dans un immeuble de Strasbourg (Bas-Rhin). Un&hellip;\n","protected":false},"author":2,"featured_media":405701,"comment_status":"","ping_status":"","sticky":false,"template":"","format":"standard","meta":{"footnotes":""},"categories":[2820],"tags":[1111,11,1777,674,274,107,1011,27,775,1310,12,25,640],"class_list":{"0":"post-406159","1":"post","2":"type-post","3":"status-publish","4":"format-standard","5":"has-post-thumbnail","7":"category-strasbourg","8":"tag-actu","9":"tag-actualites","10":"tag-eu","11":"tag-europe","12":"tag-faits-divers-justice","13":"tag-fil-info","14":"tag-fr","15":"tag-france","16":"tag-grand-est","17":"tag-incendie","18":"tag-news","19":"tag-republique-francaise","20":"tag-strasbourg"},"share_on_mastodon":{"url":"https:\/\/pubeurope.com\/@fr\/115239860571723975","error":""},"_links":{"self":[{"href":"https:\/\/www.europesays.com\/fr\/wp-json\/wp\/v2\/posts\/406159","targetHints":{"allow":["GET"]}}],"collection":[{"href":"https:\/\/www.europesays.com\/fr\/wp-json\/wp\/v2\/posts"}],"about":[{"href":"https:\/\/www.europesays.com\/fr\/wp-json\/wp\/v2\/types\/post"}],"author":[{"embeddable":true,"href":"https:\/\/www.europesays.com\/fr\/wp-json\/wp\/v2\/users\/2"}],"replies":[{"embeddable":true,"href":"https:\/\/www.europesays.com\/fr\/wp-json\/wp\/v2\/comments?post=406159"}],"version-history":[{"count":0,"href":"https:\/\/www.europesays.com\/fr\/wp-json\/wp\/v2\/posts\/406159\/revisions"}],"wp:featuredmedia":[{"embeddable":true,"href":"https:\/\/www.europesays.com\/fr\/wp-json\/wp\/v2\/media\/405701"}],"wp:attachment":[{"href":"https:\/\/www.europesays.com\/fr\/wp-json\/wp\/v2\/media?parent=406159"}],"wp:term":[{"taxonomy":"category","embeddable":true,"href":"https:\/\/www.europesays.com\/fr\/wp-json\/wp\/v2\/categories?post=406159"},{"taxonomy":"post_tag","embeddable":true,"href":"https:\/\/www.europesays.com\/fr\/wp-json\/wp\/v2\/tags?post=406159"}],"curies":[{"name":"wp","href":"https:\/\/api.w.org\/{rel}","templated":true}]}}