{"id":406168,"date":"2025-09-21T02:16:26","date_gmt":"2025-09-21T02:16:26","guid":{"rendered":"https:\/\/www.europesays.com\/fr\/406168\/"},"modified":"2025-09-21T02:16:26","modified_gmt":"2025-09-21T02:16:26","slug":"bordeaux-tenu-en-echec-par-angouleme-france-girondins-de-bordeaux","status":"publish","type":"post","link":"https:\/\/www.europesays.com\/fr\/406168\/","title":{"rendered":"Bordeaux tenu en \u00e9chec par Angoul\u00eame &#8211; France &#8211; Girondins de Bordeaux"},"content":{"rendered":"<p>Clap de fin pour Bruno Irles ?<\/p>\n<p>La morosit\u00e9 du d\u00e9but de saison bordelaise se confirme. Avec un bilan de deux victoires, deux matchs nuls et deux d\u00e9faites, l<strong>es Girondins pointent \u00e0 la 7e place du groupe A de National 2<\/strong> apr\u00e8s le match nul conc\u00e9d\u00e9 au Matmut Atlantique face \u00e0 Angoul\u00eame ce samedi apr\u00e8s-midi (1-1).<\/p>\n<p><a class=\"tti\" href=\"https:\/\/twitter.com\/girondins\/status\/1969461991291945027\" target=\"_blank\" rel=\"noopener nofollow\"><img decoding=\"async\" loading=\"lazy\" src=\"https:\/\/www.europesays.com\/fr\/wp-content\/uploads\/2025\/09\/1758420986_593_grande.jpg\" alt=\"Tweet\"\/><\/a><\/p>\n<p>Alors qu\u2019ils \u00e9taient parvenus \u00e0 ouvrir le score \u00e0 la demi-heure de jeu gr\u00e2ce \u00e0 Matthieu Villette <strong>(1-0, 30e)<\/strong>, les prot\u00e9g\u00e9s de Bruno Irles se sont fait surprendre au retour des vestiaires par Anthony Castera <strong>(1-1, 47e)<\/strong>. Les Girondins ont m\u00eame termin\u00e9 la rencontre en inf\u00e9riorit\u00e9 num\u00e9rique apr\u00e8s l\u2019expulsion d\u2019Oualid El Hajjam (86e) qui n\u2019aura finalement eu aucune incidence sur le score final. <a target=\"_blank\" href=\"https:\/\/www.sofoot.com\/breves\/national-2-lentraineur-des-girondins-de-bordeaux-bruno-irles-pourrait-sauter-en-cas-de-defaite-ce-week-end-contre-angouleme\" rel=\"nofollow noopener\">L\u2019avenir du coach girondin reste en suspens,<\/a> puisque les dirigeants bordelais lui auraient fait savoir<strong> en d\u00e9but de semaine qu\u2019en cas de d\u00e9faite ce samedi face \u00e0 Angoul\u00eame, son poste pourrait \u00eatre menac\u00e9.\u00a0<\/strong><\/p>\n<p>Affaire \u00e0 suivre.<\/p>\n<p>\t\t\t\t\t\t\t\t\t\t<a class=\"lien-connexe\" href=\"https:\/\/www.sofoot.com\/breves\/national-2-lentraineur-des-girondins-de-bordeaux-bruno-irles-pourrait-sauter-en-cas-de-defaite-ce-week-end-contre-angouleme\" rel=\"nofollow noopener\" target=\"_blank\">Les dirigeants des Girondins posent un ultimatum \u00e0 Bruno Irles avant Angoul\u00eame<\/a>\t\t\t\t\t<script async src=\"https:\/\/platform.twitter.com\/widgets.js\" charset=\"utf-8\"><\/script><\/p>\n","protected":false},"excerpt":{"rendered":"Clap de fin pour Bruno Irles ? La morosit\u00e9 du d\u00e9but de saison bordelaise se confirme. Avec un&hellip;\n","protected":false},"author":2,"featured_media":406169,"comment_status":"","ping_status":"","sticky":false,"template":"","format":"standard","meta":{"footnotes":""},"categories":[2817],"tags":[1111,47,11,61,1997,69,65,64,1777,674,63,1011,27,68,66,12,62,2219,70,25,67],"class_list":{"0":"post-406168","1":"post","2":"type-post","3":"status-publish","4":"format-standard","5":"has-post-thumbnail","7":"category-bordeaux","8":"tag-actu","9":"tag-actualite","10":"tag-actualites","11":"tag-actus-football","12":"tag-bordeaux","13":"tag-bundesliga","14":"tag-championnats-europeens","15":"tag-equipe-de-france","16":"tag-eu","17":"tag-europe","18":"tag-football","19":"tag-fr","20":"tag-france","21":"tag-ligua","22":"tag-ligue-1","23":"tag-news","24":"tag-news-foot","25":"tag-nouvelle-aquitaine","26":"tag-premier-league","27":"tag-republique-francaise","28":"tag-serie-a"},"share_on_mastodon":{"url":"https:\/\/pubeurope.com\/@fr\/115239884166675194","error":""},"_links":{"self":[{"href":"https:\/\/www.europesays.com\/fr\/wp-json\/wp\/v2\/posts\/406168","targetHints":{"allow":["GET"]}}],"collection":[{"href":"https:\/\/www.europesays.com\/fr\/wp-json\/wp\/v2\/posts"}],"about":[{"href":"https:\/\/www.europesays.com\/fr\/wp-json\/wp\/v2\/types\/post"}],"author":[{"embeddable":true,"href":"https:\/\/www.europesays.com\/fr\/wp-json\/wp\/v2\/users\/2"}],"replies":[{"embeddable":true,"href":"https:\/\/www.europesays.com\/fr\/wp-json\/wp\/v2\/comments?post=406168"}],"version-history":[{"count":0,"href":"https:\/\/www.europesays.com\/fr\/wp-json\/wp\/v2\/posts\/406168\/revisions"}],"wp:featuredmedia":[{"embeddable":true,"href":"https:\/\/www.europesays.com\/fr\/wp-json\/wp\/v2\/media\/406169"}],"wp:attachment":[{"href":"https:\/\/www.europesays.com\/fr\/wp-json\/wp\/v2\/media?parent=406168"}],"wp:term":[{"taxonomy":"category","embeddable":true,"href":"https:\/\/www.europesays.com\/fr\/wp-json\/wp\/v2\/categories?post=406168"},{"taxonomy":"post_tag","embeddable":true,"href":"https:\/\/www.europesays.com\/fr\/wp-json\/wp\/v2\/tags?post=406168"}],"curies":[{"name":"wp","href":"https:\/\/api.w.org\/{rel}","templated":true}]}}