{"id":406176,"date":"2025-09-21T02:21:13","date_gmt":"2025-09-21T02:21:13","guid":{"rendered":"https:\/\/www.europesays.com\/fr\/406176\/"},"modified":"2025-09-21T02:21:13","modified_gmt":"2025-09-21T02:21:13","slug":"jep-2025-les-tresors-de-marseille-en-pleine-lumiere","status":"publish","type":"post","link":"https:\/\/www.europesays.com\/fr\/406176\/","title":{"rendered":"JEP 2025, les tr\u00e9sors de Marseille en pleine lumi\u00e8re"},"content":{"rendered":"\n<p>Pass\u00e9 portuaire et industriel<\/p>\n<p>Du c\u00f4t\u00e9 du Vieux-Port, des d\u00e9parts en bateau permettront une visite comment\u00e9e de l\u2019histoire du port, avec une escale pr\u00e9vue \u00e0 <a href=\"https:\/\/www.lamarseillaise.fr\/societe\/la-digue-du-large-une-jetee-promenade-de-valeur-patrimoniale-AG14478910\" target=\"_blank\" rel=\"noopener\">la Digue du large, cette jet\u00e9e-promenade qui a inspir\u00e9 des auteurs comme Jean-Claude Izzo ou Claude McKay, h\u00e9las ferm\u00e9e au public depuis 2001<\/a>. Que dire encore de la Cit\u00e9 radieuse du Corbusier, ouvrage finalement pas si fada que \u00e7a \u00e9difi\u00e9 il y a 73\u00a0ans sur le boulevard Michelet. Autant de grands classiques architecturaux de Marseille, qui ne sauraient faire oublier le riche pass\u00e9 industriel de la ville, comme peut en t\u00e9moigner le Silo. Huit sessions de visites sont pr\u00e9vues ce week-end pour d\u00e9couvrir cet \u00ab\u00a0ancien silo \u00e0 grains\u00a0\u00bb construit en 1927 et \u00ab\u00a0r\u00e9habilit\u00e9 en salle de spectacles\u00a0\u00bb dans les ann\u00e9es 2000. Au centre interdisciplinaire de conservation et restauration du patrimoine de la Belle de Mai, le public pourra contempler, samedi, l\u2019histoire de ce b\u00e2timent qui fut l\u2019ancienne Manufacture des tabacs. Sur le territoire du Grand port maritime de Marseille, boulevard des Bassins de Radoub, l\u2019association La Navale pr\u00e9sentera quant \u00e0 elle l\u2019histoire de la r\u00e9paration navale et la m\u00e9moire ouvri\u00e8re des lieux. \u00c9rig\u00e9s \u00e0 la fin du XIXe\u00a0si\u00e8cle pour stocker des marchandises du port, les Docks de la Joliette, h\u00e9las transfigur\u00e9s en centre de commerces il y a 10\u00a0ans, seront le th\u00e9\u00e2tre de visites comment\u00e9es par l\u2019historienne Judith Aziza.<\/p>\n","protected":false},"excerpt":{"rendered":"Pass\u00e9 portuaire et industriel Du c\u00f4t\u00e9 du Vieux-Port, des d\u00e9parts en bateau permettront une visite comment\u00e9e de l\u2019histoire&hellip;\n","protected":false},"author":2,"featured_media":406177,"comment_status":"","ping_status":"","sticky":false,"template":"","format":"standard","meta":{"footnotes":""},"categories":[2814],"tags":[4405,1111,11,1777,674,1011,27,884,12,882,25],"class_list":{"0":"post-406176","1":"post","2":"type-post","3":"status-publish","4":"format-standard","5":"has-post-thumbnail","7":"category-marseille","8":"tag-weekend","9":"tag-actu","10":"tag-actualites","11":"tag-eu","12":"tag-europe","13":"tag-fr","14":"tag-france","15":"tag-marseille","16":"tag-news","17":"tag-provence-alpes-cote-dazur","18":"tag-republique-francaise"},"share_on_mastodon":{"url":"https:\/\/pubeurope.com\/@fr\/115239903735144376","error":""},"_links":{"self":[{"href":"https:\/\/www.europesays.com\/fr\/wp-json\/wp\/v2\/posts\/406176","targetHints":{"allow":["GET"]}}],"collection":[{"href":"https:\/\/www.europesays.com\/fr\/wp-json\/wp\/v2\/posts"}],"about":[{"href":"https:\/\/www.europesays.com\/fr\/wp-json\/wp\/v2\/types\/post"}],"author":[{"embeddable":true,"href":"https:\/\/www.europesays.com\/fr\/wp-json\/wp\/v2\/users\/2"}],"replies":[{"embeddable":true,"href":"https:\/\/www.europesays.com\/fr\/wp-json\/wp\/v2\/comments?post=406176"}],"version-history":[{"count":0,"href":"https:\/\/www.europesays.com\/fr\/wp-json\/wp\/v2\/posts\/406176\/revisions"}],"wp:featuredmedia":[{"embeddable":true,"href":"https:\/\/www.europesays.com\/fr\/wp-json\/wp\/v2\/media\/406177"}],"wp:attachment":[{"href":"https:\/\/www.europesays.com\/fr\/wp-json\/wp\/v2\/media?parent=406176"}],"wp:term":[{"taxonomy":"category","embeddable":true,"href":"https:\/\/www.europesays.com\/fr\/wp-json\/wp\/v2\/categories?post=406176"},{"taxonomy":"post_tag","embeddable":true,"href":"https:\/\/www.europesays.com\/fr\/wp-json\/wp\/v2\/tags?post=406176"}],"curies":[{"name":"wp","href":"https:\/\/api.w.org\/{rel}","templated":true}]}}