{"id":406180,"date":"2025-09-21T02:23:12","date_gmt":"2025-09-21T02:23:12","guid":{"rendered":"https:\/\/www.europesays.com\/fr\/406180\/"},"modified":"2025-09-21T02:23:12","modified_gmt":"2025-09-21T02:23:12","slug":"le-film-culte-heat-en-cloture-du-festival-lumiere","status":"publish","type":"post","link":"https:\/\/www.europesays.com\/fr\/406180\/","title":{"rendered":"Le film culte Heat en cl\u00f4ture du festival Lumi\u00e8re"},"content":{"rendered":"<p>                            <img loading=\"lazy\" width=\"1200\" height=\"791\" class=\"attachment-article size-article wp-post-image lazyload\" alt=\"Le film Heat vient cl\u00f4turer le Festival Lumi\u00e8re.\" decoding=\"async\" src=\"https:\/\/www.europesays.com\/fr\/wp-content\/uploads\/2025\/09\/unnamed-1.jpg\" data-eio-rwidth=\"1200\" data-eio-rheight=\"791\"\/><\/p>\n<p>Le film Heat vient cl\u00f4turer le Festival Lumi\u00e8re.<\/p>\n<p class=\"content\" style=\"font-size:1.2em;font-weight:700\">Le film culte Heat, datant de 1995, sera pr\u00e9sent\u00e9 en 4K \u00e0 la Halle Tony Garnier le dimanche 19 octobre prochain pour cl\u00f4turer le festival de cin\u00e9ma. <\/p>\n<p>Le festival Lumi\u00e8re s&rsquo;ach\u00e8vera par le film phare de Michael Mann, prix lumi\u00e8re 2025, avec la projection de son film Heat dans sa restauration 4K d\u00e9finitive, \u00e0 la Halle Tony Garnier, le dimanche 19 octobre prochain. Chef-d&rsquo;oeuvre du polar contemporain, le film culte r\u00e9unissant deux l\u00e9gendes d&rsquo;Hollywood, Al Pacino et Robert de Niro, sera pr\u00e9sent\u00e9 en pr\u00e9sence de son r\u00e9alisateur. <\/p>\n<p>Pr\u00e8s de trente ans apr\u00e8s sa sortie, Heat continue d&rsquo;inspirer cin\u00e9astes, s\u00e9ries et jeux vid\u00e9o. Il demeure une r\u00e9f\u00e9rence incontournable du cin\u00e9ma des ann\u00e9es 1990. <\/p>\n<p><strong>Tarifs :<\/strong> entre 15 (tarif r\u00e9duit) et 18 euros. Billetterie en ligne : <a href=\"https:\/\/billetterie.seetickets.fr\/seance-de-cloture-heat-loisirs-la-halle-tony-garnier-lyon-19-octobre-2025-css5-institutlumiere-pg101-ri11373781.html?utm_source=brevo&amp;utm_campaign=FL25%20nuit%20anime%202_copy&amp;utm_medium=email&amp;utm_id=3747\" target=\"_blank\" rel=\"noopener\">ici<\/a>.<\/p>\n","protected":false},"excerpt":{"rendered":"Le film Heat vient cl\u00f4turer le Festival Lumi\u00e8re. Le film culte Heat, datant de 1995, sera pr\u00e9sent\u00e9 en&hellip;\n","protected":false},"author":2,"featured_media":406181,"comment_status":"","ping_status":"","sticky":false,"template":"","format":"standard","meta":{"footnotes":""},"categories":[1889],"tags":[1111,11,2430,1777,674,34755,1011,27,2428,12,25],"class_list":{"0":"post-406180","1":"post","2":"type-post","3":"status-publish","4":"format-standard","5":"has-post-thumbnail","7":"category-lyon","8":"tag-actu","9":"tag-actualites","10":"tag-auvergne-rhone-alpes","11":"tag-eu","12":"tag-europe","13":"tag-festival-lumiere","14":"tag-fr","15":"tag-france","16":"tag-lyon","17":"tag-news","18":"tag-republique-francaise"},"share_on_mastodon":{"url":"https:\/\/pubeurope.com\/@fr\/115239912049502554","error":""},"_links":{"self":[{"href":"https:\/\/www.europesays.com\/fr\/wp-json\/wp\/v2\/posts\/406180","targetHints":{"allow":["GET"]}}],"collection":[{"href":"https:\/\/www.europesays.com\/fr\/wp-json\/wp\/v2\/posts"}],"about":[{"href":"https:\/\/www.europesays.com\/fr\/wp-json\/wp\/v2\/types\/post"}],"author":[{"embeddable":true,"href":"https:\/\/www.europesays.com\/fr\/wp-json\/wp\/v2\/users\/2"}],"replies":[{"embeddable":true,"href":"https:\/\/www.europesays.com\/fr\/wp-json\/wp\/v2\/comments?post=406180"}],"version-history":[{"count":0,"href":"https:\/\/www.europesays.com\/fr\/wp-json\/wp\/v2\/posts\/406180\/revisions"}],"wp:featuredmedia":[{"embeddable":true,"href":"https:\/\/www.europesays.com\/fr\/wp-json\/wp\/v2\/media\/406181"}],"wp:attachment":[{"href":"https:\/\/www.europesays.com\/fr\/wp-json\/wp\/v2\/media?parent=406180"}],"wp:term":[{"taxonomy":"category","embeddable":true,"href":"https:\/\/www.europesays.com\/fr\/wp-json\/wp\/v2\/categories?post=406180"},{"taxonomy":"post_tag","embeddable":true,"href":"https:\/\/www.europesays.com\/fr\/wp-json\/wp\/v2\/tags?post=406180"}],"curies":[{"name":"wp","href":"https:\/\/api.w.org\/{rel}","templated":true}]}}