{"id":406188,"date":"2025-09-21T02:28:12","date_gmt":"2025-09-21T02:28:12","guid":{"rendered":"https:\/\/www.europesays.com\/fr\/406188\/"},"modified":"2025-09-21T02:28:12","modified_gmt":"2025-09-21T02:28:12","slug":"michel-barnier-part-favori-face-a-la-gauche","status":"publish","type":"post","link":"https:\/\/www.europesays.com\/fr\/406188\/","title":{"rendered":"Michel Barnier part favori face \u00e0 la gauche"},"content":{"rendered":"<p class=\"mb-4 text-lg md:leading-8 break-words\">Les Parisiens de la deuxi\u00e8me circonscription, bastion de la droite, sont appel\u00e9s dimanche \u00e0 \u00e9lire leur nouveau d\u00e9put\u00e9, au premier tour d&rsquo;une l\u00e9gislative partielle opposant l&rsquo;ancien Premier ministre LR Michel Barnier, donn\u00e9 favori, \u00e0 la socialiste Fr\u00e9d\u00e9rique Bredin.<\/p>\n<p class=\"mb-4 text-lg md:leading-8 break-words\">S&rsquo;il est \u00e9lu, l&rsquo;ex-Premier ministre \u00e9ph\u00e9m\u00e8re d&rsquo;Emmanuel Macron, 74 ans, sera le seul d\u00e9put\u00e9 LR de la capitale o\u00f9 depuis 2022 les 18 circonscriptions sont partag\u00e9es entre la gauche et les macronistes.<\/p>\n<p class=\"mb-4 text-lg md:leading-8 break-words\">Son adversaire principale parmi les 17 candidats en lice: la socialiste Fr\u00e9d\u00e9rique Bredin, 68 ans, une ancienne ministre des Sports de Fran\u00e7ois Mitterrand, seule candidate de gauche.<\/p>\n<p class=\"mb-4 text-lg md:leading-8 break-words\">L&rsquo;issue du scrutin, provoqu\u00e9 par l&rsquo;invalidation par le Conseil constitutionnel de l&rsquo;\u00e9lection du d\u00e9put\u00e9 macroniste Jean Laussucq, fait assez peu de doutes dans cette circonscription d&rsquo;environ 100.000 habitants \u00e0 cheval sur les 5e, 6 et 7e arrondissements, r\u00e9put\u00e9e imperdable par la droite. <\/p>\n<p class=\"mb-4 text-lg md:leading-8 break-words\">Seul suspense: la tenue ou pas d&rsquo;un second tour, au vu notamment du risque d&rsquo;abstention \u00e9lev\u00e9e, le scrutin exigeant qu&rsquo;au moins un quart des \u00e9lecteurs inscrits se rendent aux urnes pour qu&rsquo;un candidat puisse l&#8217;emporter d\u00e8s le premier tour.<\/p>\n<p class=\"mb-4 text-lg md:leading-8 break-words\">\u00ab\u00a0Le vrai probl\u00e8me qu&rsquo;on a, c&rsquo;est que personne ne sait qu&rsquo;on vote dimanche\u00a0\u00bb, a reconnu Val\u00e9rie P\u00e9cresse, pr\u00e9sidente LR de la r\u00e9gion Ile-de-France.<\/p>\n<p class=\"mb-4 text-lg md:leading-8 break-words\">Michel Barnier a la voie libre dans son camp depuis le retrait de Rachida Dati, qui avait menac\u00e9 au d\u00e9but de l&rsquo;\u00e9t\u00e9 de se pr\u00e9senter face \u00e0 lui, le soup\u00e7onnant d&rsquo;avoir des ambitions municipales. La maire du 7e arrondissement a finalement jet\u00e9 l&rsquo;\u00e9ponge moyennant son intronisation par les R\u00e9publicains pour la mairie de Paris, \u00e9vitant un duel fratricide.<\/p>\n<p class=\"mb-4 text-lg md:leading-8 break-words\">\u00ab\u00a0Chacun est maintenant \u00e0 sa place\u00a0\u00bb, a soulign\u00e9 l&rsquo;ancien chef du gouvernement, renvers\u00e9 en d\u00e9cembre apr\u00e8s seulement trois mois \u00e0 Matignon, qui s&rsquo;est affich\u00e9 avec la ministre de la Culture d\u00e9missionnaire durant sa campagne \u00e9clair.<\/p>\n<p class=\"mb-4 text-lg md:leading-8 break-words\">&#8211; \u00ab\u00a0Renaissance s&rsquo;est fait avoir\u00a0\u00bb &#8211;<\/p>\n<p class=\"mb-4 text-lg md:leading-8 break-words\">\u00ab\u00a0Je serai un d\u00e9put\u00e9 exigeant et loyal \u00e0 l&rsquo;\u00e9gard du nouveau gouvernement\u00a0\u00bb, a promis l&rsquo;ancien ministre de Jacques Chirac et Nicolas Sarkozy, plusieurs fois d\u00e9put\u00e9 de Savoie, vendredi lors de son dernier meeting de campagne.<\/p>\n<p class=\"mb-4 text-lg md:leading-8 break-words\">Le Savoyard vit \u00e0 Paris depuis 12 ans mais n&rsquo;y est pas inscrit. \u00ab\u00a0Il votera avec la procuration d&rsquo;un ami. Il s&rsquo;inscrira apr\u00e8s sa victoire\u00a0\u00bb, a dit son entourage \u00e0 l&rsquo;AFP.<\/p>\n<p class=\"mb-4 text-lg md:leading-8 break-words\">Fr\u00e9d\u00e9rique Bredin esp\u00e8re mettre Michel Barnier en ballottage au second tour (pr\u00e9vu le 28 septembre), \u00e0 l&rsquo;aune des r\u00e9sultats des l\u00e9gislatives de 2024: la socialiste Marine Rosset, sa suppl\u00e9ante, avait cr\u00e9\u00e9 la surprise en arrivant en t\u00eate du premier tour, sous la banni\u00e8re du Nouveau front populaire.<\/p>\n<p class=\"mb-4 text-lg md:leading-8 break-words\">L&rsquo;ancienne maire de F\u00e9camp, qui voit en son adversaire le \u00ab\u00a0symbole de l&rsquo;\u00e9chec gouvernemental\u00a0\u00bb, pense aussi que les \u00ab\u00a0man\u0153uvres\u00a0\u00bb de la droite cet \u00e9t\u00e9 repousseront une partie de l&rsquo;\u00e9lectorat du centre droit.<\/p>\n<p class=\"mb-4 text-lg md:leading-8 break-words\">\u00ab\u00a0Barnier s&rsquo;est vendu pour un plat de lentilles, il a renonc\u00e9 \u00e0 ses valeurs pour servir de marchepied \u00e0 Dati\u00a0\u00bb, a cingl\u00e9 le candidat PS \u00e0 la mairie de Paris Emmanuel Gr\u00e9goire.<\/p>\n<p class=\"mb-4 text-lg md:leading-8 break-words\">Le camp adverse mart\u00e8le de son c\u00f4t\u00e9 que Fr\u00e9d\u00e9rique Bredin est \u00ab\u00a0la candidate de LFI\u00a0\u00bb, les Insoumis n&rsquo;ayant pas pr\u00e9sent\u00e9 de candidat.<\/p>\n<p class=\"mb-4 text-lg md:leading-8 break-words\">\u00ab\u00a0J&rsquo;h\u00e9site, on a deux candidats de bon niveau. Bredin a \u00e9t\u00e9 une bonne maire de F\u00e9camp, Barnier a \u00e9t\u00e9 bien avec les Jeux olympiques d&rsquo;Albertville (1992)\u00a0\u00bb, a confi\u00e9 \u00e0 l&rsquo;AFP Olivier Missofle, 69 ans, un habitant du 5e.<\/p>\n<p class=\"mb-4 text-lg md:leading-8 break-words\">L&rsquo;ex-n\u00e9gociateur du Brexit a pris pour suppl\u00e9ante la maire du 5e arrondissement Florence Berthout, du parti Horizons de l&rsquo;ancien Premier ministre Edouard Philippe.<\/p>\n<p class=\"mb-4 text-lg md:leading-8 break-words\">Un attelage que le patron de Renaissance Gabriel Attal a v\u00e9cu comme une \u00ab\u00a0trahison\u00a0\u00bb car il voulait que la suppl\u00e9ance revienne \u00e0 l&rsquo;un de siens, relate \u00e0 l&rsquo;AFP une source en interne. Le parti pr\u00e9sidentiel \u00ab\u00a0s&rsquo;est fait totalement avoir par le deal Dati-Barnier conclu sur son dos\u00a0\u00bb, selon elle.<\/p>\n<p class=\"mb-4 text-lg md:leading-8 break-words\">Venu soutenir Michel Barnier \u00e0 son meeting de vendredi, le patron des LR Bruno Retailleau, ministre de l&rsquo;Int\u00e9rieur d\u00e9missionnaire, s&rsquo;est f\u00e9licit\u00e9 d&rsquo;un \u00ab\u00a0retour du clivage droite-gauche\u00a0\u00bb.<\/p>\n<p class=\"mb-4 text-lg md:leading-8 break-words\">A droite de l&rsquo;\u00e9chiquier politique, le candidat LR affrontera Thierry Mariani (RN) et Hilaire Bouy\u00e9 (Reconqu\u00eate).<\/p>\n<p class=\"mb-4 text-lg md:leading-8 break-words\">juc\/asl\/alv<\/p>\n","protected":false},"excerpt":{"rendered":"Les Parisiens de la deuxi\u00e8me circonscription, bastion de la droite, sont appel\u00e9s dimanche \u00e0 \u00e9lire leur nouveau d\u00e9put\u00e9,&hellip;\n","protected":false},"author":2,"featured_media":406189,"comment_status":"","ping_status":"","sticky":false,"template":"","format":"standard","meta":{"footnotes":""},"categories":[1888],"tags":[1111,1928,11,1927,1777,674,1011,27,44130,2381,27636,2616,12,1926,626,1925,3363,25],"class_list":{"0":"post-406188","1":"post","2":"type-post","3":"status-publish","4":"format-standard","5":"has-post-thumbnail","7":"category-paris","8":"tag-actu","9":"tag-actu-paris","10":"tag-actualites","11":"tag-actualites-paris","12":"tag-eu","13":"tag-europe","14":"tag-fr","15":"tag-france","16":"tag-frederique-bredin","17":"tag-mairie-de-paris","18":"tag-michel-barnier","19":"tag-ministre-de-la-culture","20":"tag-news","21":"tag-news-paris","22":"tag-paris","23":"tag-paris-news","24":"tag-premier-ministre","25":"tag-republique-francaise"},"share_on_mastodon":{"url":"https:\/\/pubeurope.com\/@fr\/115239931302642406","error":""},"_links":{"self":[{"href":"https:\/\/www.europesays.com\/fr\/wp-json\/wp\/v2\/posts\/406188","targetHints":{"allow":["GET"]}}],"collection":[{"href":"https:\/\/www.europesays.com\/fr\/wp-json\/wp\/v2\/posts"}],"about":[{"href":"https:\/\/www.europesays.com\/fr\/wp-json\/wp\/v2\/types\/post"}],"author":[{"embeddable":true,"href":"https:\/\/www.europesays.com\/fr\/wp-json\/wp\/v2\/users\/2"}],"replies":[{"embeddable":true,"href":"https:\/\/www.europesays.com\/fr\/wp-json\/wp\/v2\/comments?post=406188"}],"version-history":[{"count":0,"href":"https:\/\/www.europesays.com\/fr\/wp-json\/wp\/v2\/posts\/406188\/revisions"}],"wp:featuredmedia":[{"embeddable":true,"href":"https:\/\/www.europesays.com\/fr\/wp-json\/wp\/v2\/media\/406189"}],"wp:attachment":[{"href":"https:\/\/www.europesays.com\/fr\/wp-json\/wp\/v2\/media?parent=406188"}],"wp:term":[{"taxonomy":"category","embeddable":true,"href":"https:\/\/www.europesays.com\/fr\/wp-json\/wp\/v2\/categories?post=406188"},{"taxonomy":"post_tag","embeddable":true,"href":"https:\/\/www.europesays.com\/fr\/wp-json\/wp\/v2\/tags?post=406188"}],"curies":[{"name":"wp","href":"https:\/\/api.w.org\/{rel}","templated":true}]}}