{"id":406192,"date":"2025-09-21T02:30:14","date_gmt":"2025-09-21T02:30:14","guid":{"rendered":"https:\/\/www.europesays.com\/fr\/406192\/"},"modified":"2025-09-21T02:30:14","modified_gmt":"2025-09-21T02:30:14","slug":"michel-barnier-part-favori-face-a-la-gauche-2","status":"publish","type":"post","link":"https:\/\/www.europesays.com\/fr\/406192\/","title":{"rendered":"Michel Barnier part favori face \u00e0 la gauche"},"content":{"rendered":"<p>S&rsquo;il est \u00e9lu, l&rsquo;ex-Premier ministre \u00e9ph\u00e9m\u00e8re d&rsquo;Emmanuel Macron, 74 ans, sera le seul d\u00e9put\u00e9 LR de la capitale o\u00f9 depuis 2022 les 18 circonscriptions sont partag\u00e9es entre la gauche et les macronistes. <\/p>\n<p>Son adversaire principale parmi les 17 candidats en lice: la socialiste Fr\u00e9d\u00e9rique Bredin, 68 ans, une ancienne ministre des Sports de Fran\u00e7ois Mitterrand, seule candidate de gauche.<\/p>\n<p>L&rsquo;issue du scrutin, provoqu\u00e9 par l&rsquo;invalidation par le Conseil constitutionnel de l&rsquo;\u00e9lection du d\u00e9put\u00e9 macroniste Jean Laussucq, fait assez peu de doutes dans cette circonscription d&rsquo;environ 100.000 habitants \u00e0 cheval sur les 5e, 6 et 7e arrondissements, r\u00e9put\u00e9e imperdable par la droite.  <\/p>\n<p>Seul suspense: la tenue ou pas d&rsquo;un second tour, au vu notamment du risque d&rsquo;abstention \u00e9lev\u00e9e, le scrutin exigeant qu&rsquo;au moins un quart des \u00e9lecteurs inscrits se rendent aux urnes pour qu&rsquo;un candidat puisse l&#8217;emporter d\u00e8s le premier tour. <\/p>\n<p>\u00ab\u00a0Le vrai probl\u00e8me qu&rsquo;on a, c&rsquo;est que personne ne sait qu&rsquo;on vote dimanche\u00a0\u00bb, a reconnu Val\u00e9rie P\u00e9cresse, pr\u00e9sidente LR de la r\u00e9gion Ile-de-France.<\/p>\n<p>Michel Barnier a la voie libre dans son camp depuis le retrait de Rachida Dati, qui avait menac\u00e9 au d\u00e9but de l&rsquo;\u00e9t\u00e9 de se pr\u00e9senter face \u00e0 lui, le soup\u00e7onnant d&rsquo;avoir des ambitions municipales. La maire du 7e arrondissement a finalement jet\u00e9 l&rsquo;\u00e9ponge moyennant son intronisation par les R\u00e9publicains pour la mairie de Paris, \u00e9vitant un duel fratricide.<\/p>\n<p>\u00ab\u00a0Chacun est maintenant \u00e0 sa place\u00a0\u00bb, a soulign\u00e9 l&rsquo;ancien chef du gouvernement, renvers\u00e9 en d\u00e9cembre apr\u00e8s seulement trois mois \u00e0 Matignon, qui s&rsquo;est affich\u00e9 avec la ministre de la Culture d\u00e9missionnaire durant sa campagne \u00e9clair.<\/p>\n<p>&#8211; \u00ab\u00a0Renaissance s&rsquo;est fait avoir\u00a0\u00bb &#8211;<\/p>\n<p><img alt=\"Fr\u00e9d\u00e9rique Bredin, ancienne ministre des Sports de Fran\u00e7ois Mitterand, et l'ex-Premier ministre Michel Barnier\" loading=\"lazy\" decoding=\"async\" data-nimg=\"fill\" class=\" TwicCore_img__i9TC1 undefined  undefined\" style=\"position:absolute;height:100%;width:100%;left:0;top:0;right:0;bottom:0;color:transparent;background-size:cover;background-position:50% 50%;background-repeat:no-repeat;background-image:url(&quot;data:image\/svg+xml;charset=utf-8,%3Csvg xmlns='http:\/\/www.w3.org\/2000\/svg' %3E%3Cfilter id='b' color-interpolation-filters='sRGB'%3E%3CfeGaussianBlur stdDeviation='20'\/%3E%3CfeColorMatrix values='1 0 0 0 0 0 1 0 0 0 0 0 1 0 0 0 0 0 100 -1' result='s'\/%3E%3CfeFlood x='0' y='0' width='100%25' height='100%25'\/%3E%3CfeComposite operator='out' in='s'\/%3E%3CfeComposite in2='SourceGraphic'\/%3E%3CfeGaussianBlur stdDeviation='20'\/%3E%3C\/filter%3E%3Cimage width='100%25' height='100%25' x='0' y='0' preserveAspectRatio='none' style='filter: url(%23b);' href='https:\/\/pictures.laprovence.com\/cdn-cgi\/image\/blur=250\/media\/afp\/9f73052ce762d2c20cf214c46d3802222727ac59.jpg'\/%3E%3C\/svg%3E&quot;)\"   src=\"https:\/\/www.europesays.com\/fr\/wp-content\/uploads\/2025\/09\/9f73052ce762d2c20cf214c46d3802222727ac59.jpg\"\/>Fr\u00e9d\u00e9rique Bredin, ancienne ministre des Sports de Fran\u00e7ois Mitterand, et l&rsquo;ex-Premier ministre Michel Barnier PHOTO AFP \/ Julien DE ROSA, Ludovic MARIN<\/p>\n<p>\u00ab\u00a0Je serai un d\u00e9put\u00e9 exigeant et loyal \u00e0 l&rsquo;\u00e9gard du nouveau gouvernement\u00a0\u00bb, a promis l&rsquo;ancien ministre de Jacques Chirac et Nicolas Sarkozy, plusieurs fois d\u00e9put\u00e9 de Savoie, vendredi lors de son dernier meeting de campagne. <\/p>\n<p>Le Savoyard vit \u00e0 Paris depuis 12 ans mais n&rsquo;y est pas inscrit. \u00ab\u00a0Il votera avec la procuration d&rsquo;un ami. Il s&rsquo;inscrira apr\u00e8s sa victoire\u00a0\u00bb, a dit son entourage \u00e0 l&rsquo;AFP.<\/p>\n<p>Fr\u00e9d\u00e9rique Bredin esp\u00e8re mettre Michel Barnier en ballottage au second tour (pr\u00e9vu le 28 septembre), \u00e0 l&rsquo;aune des r\u00e9sultats des l\u00e9gislatives de 2024: la socialiste Marine Rosset, sa suppl\u00e9ante, avait cr\u00e9\u00e9 la surprise en arrivant en t\u00eate du premier tour, sous la banni\u00e8re du Nouveau front populaire.<\/p>\n<p>L&rsquo;ancienne maire de F\u00e9camp, qui voit en son adversaire le \u00ab\u00a0symbole de l&rsquo;\u00e9chec gouvernemental\u00a0\u00bb, pense aussi que les \u00ab\u00a0man\u0153uvres\u00a0\u00bb de la droite cet \u00e9t\u00e9 repousseront une partie de l&rsquo;\u00e9lectorat du centre droit.<\/p>\n<p>\u00ab\u00a0Barnier s&rsquo;est vendu pour un plat de lentilles, il a renonc\u00e9 \u00e0 ses valeurs pour servir de marchepied \u00e0 Dati\u00a0\u00bb, a cingl\u00e9 le candidat PS \u00e0 la mairie de Paris Emmanuel Gr\u00e9goire.<\/p>\n<p>Le camp adverse mart\u00e8le de son c\u00f4t\u00e9 que Fr\u00e9d\u00e9rique Bredin est \u00ab\u00a0la candidate de LFI\u00a0\u00bb, les Insoumis n&rsquo;ayant pas pr\u00e9sent\u00e9 de candidat. <\/p>\n<p>\u00ab\u00a0J&rsquo;h\u00e9site, on a deux candidats de bon niveau. Bredin a \u00e9t\u00e9 une bonne maire de F\u00e9camp, Barnier a \u00e9t\u00e9 bien avec les Jeux olympiques d&rsquo;Albertville (1992)\u00a0\u00bb, a confi\u00e9 \u00e0 l&rsquo;AFP Olivier Missofle, 69 ans, un habitant du 5e. <\/p>\n<p>L&rsquo;ex-n\u00e9gociateur du Brexit a pris pour suppl\u00e9ante la maire du 5e arrondissement Florence Berthout, du parti Horizons de l&rsquo;ancien Premier ministre Edouard Philippe.<\/p>\n<p>Un attelage que le patron de Renaissance Gabriel Attal a v\u00e9cu comme une \u00ab\u00a0trahison\u00a0\u00bb car il voulait que la suppl\u00e9ance revienne \u00e0 l&rsquo;un de siens, relate \u00e0 l&rsquo;AFP une source en interne. Le parti pr\u00e9sidentiel \u00ab\u00a0s&rsquo;est fait totalement avoir par le deal Dati-Barnier conclu sur son dos\u00a0\u00bb, selon elle.<\/p>\n<p>Venu soutenir Michel Barnier \u00e0 son meeting de vendredi, le patron des LR Bruno Retailleau, ministre de l&rsquo;Int\u00e9rieur d\u00e9missionnaire, s&rsquo;est f\u00e9licit\u00e9 d&rsquo;un \u00ab\u00a0retour du clivage droite-gauche\u00a0\u00bb.<\/p>\n<p>A droite de l&rsquo;\u00e9chiquier politique, le candidat LR affrontera Thierry Mariani (RN) et Hilaire Bouy\u00e9 (Reconqu\u00eate).<\/p>\n","protected":false},"excerpt":{"rendered":"S&rsquo;il est \u00e9lu, l&rsquo;ex-Premier ministre \u00e9ph\u00e9m\u00e8re d&rsquo;Emmanuel Macron, 74 ans, sera le seul d\u00e9put\u00e9 LR de la capitale&hellip;\n","protected":false},"author":2,"featured_media":406193,"comment_status":"","ping_status":"","sticky":false,"template":"","format":"standard","meta":{"footnotes":""},"categories":[1888],"tags":[17,11,41749,1777,674,30127,1011,27,329,39286,3103,12,626,15178,928,25],"class_list":{"0":"post-406192","1":"post","2":"type-post","3":"status-publish","4":"format-standard","5":"has-post-thumbnail","7":"category-paris","8":"tag-17","9":"tag-actualites","10":"tag-barnier","11":"tag-eu","12":"tag-europe","13":"tag-favori","14":"tag-fr","15":"tag-france","16":"tag-france-monde","17":"tag-legislative","18":"tag-michel","19":"tag-news","20":"tag-paris","21":"tag-part","22":"tag-partielle","23":"tag-republique-francaise"},"share_on_mastodon":{"url":"https:\/\/pubeurope.com\/@fr\/115239939205274875","error":""},"_links":{"self":[{"href":"https:\/\/www.europesays.com\/fr\/wp-json\/wp\/v2\/posts\/406192","targetHints":{"allow":["GET"]}}],"collection":[{"href":"https:\/\/www.europesays.com\/fr\/wp-json\/wp\/v2\/posts"}],"about":[{"href":"https:\/\/www.europesays.com\/fr\/wp-json\/wp\/v2\/types\/post"}],"author":[{"embeddable":true,"href":"https:\/\/www.europesays.com\/fr\/wp-json\/wp\/v2\/users\/2"}],"replies":[{"embeddable":true,"href":"https:\/\/www.europesays.com\/fr\/wp-json\/wp\/v2\/comments?post=406192"}],"version-history":[{"count":0,"href":"https:\/\/www.europesays.com\/fr\/wp-json\/wp\/v2\/posts\/406192\/revisions"}],"wp:featuredmedia":[{"embeddable":true,"href":"https:\/\/www.europesays.com\/fr\/wp-json\/wp\/v2\/media\/406193"}],"wp:attachment":[{"href":"https:\/\/www.europesays.com\/fr\/wp-json\/wp\/v2\/media?parent=406192"}],"wp:term":[{"taxonomy":"category","embeddable":true,"href":"https:\/\/www.europesays.com\/fr\/wp-json\/wp\/v2\/categories?post=406192"},{"taxonomy":"post_tag","embeddable":true,"href":"https:\/\/www.europesays.com\/fr\/wp-json\/wp\/v2\/tags?post=406192"}],"curies":[{"name":"wp","href":"https:\/\/api.w.org\/{rel}","templated":true}]}}