{"id":406196,"date":"2025-09-21T02:32:16","date_gmt":"2025-09-21T02:32:16","guid":{"rendered":"https:\/\/www.europesays.com\/fr\/406196\/"},"modified":"2025-09-21T02:32:16","modified_gmt":"2025-09-21T02:32:16","slug":"une-possible-rencontre-entre-zelensky-et-trump-et-une-nouvelle-attaque-aerienne-massive-russe-2","status":"publish","type":"post","link":"https:\/\/www.europesays.com\/fr\/406196\/","title":{"rendered":"Une possible rencontre entre Zelensky et Trump et une nouvelle attaque a\u00e9rienne massive russe"},"content":{"rendered":"<p class=\"mb-4 text-lg md:leading-8 break-words\"><strong>recap &#8211; \u00ab 20 Minutes \u00bb fait le point pour vous tous les soirs sur le conflit en Ukraine. Ce samedi, la journ\u00e9e a \u00e9t\u00e9 marqu\u00e9e par l\u2019annonce d\u2019une possible rencontre entre Volodymyr Zelensky et Donald Trump<\/strong><\/p>\n<p class=\"mb-4 text-lg md:leading-8 break-words\">Vous avez rat\u00e9 les derniers \u00e9v\u00e9nements sur la <a href=\"https:\/\/www.20minutes.fr\/monde\/ukraine\/?at_medium=RSS%20feed&amp;at_campaign=ynews&amp;utm_source=yahoo&amp;utm_medium=rss&amp;utm_campaign=news_feed&amp;utm_content=in_article_link\" rel=\"nofollow noopener\" target=\"_blank\" data-ylk=\"slk:guerre en Ukraine;elm:context_link;itc:0;sec:content-canvas\" class=\"link \">guerre en Ukraine<\/a> ? 20 Minutes fait le point pour vous tous les soirs. Voici l\u2019essentiel de ce samedi 20 septembre, 1.305e jour du conflit.<\/p>\n<p>Le fait du jour<\/p>\n<p class=\"mb-4 text-lg md:leading-8 break-words\">Le pr\u00e9sident ukrainien <a href=\"https:\/\/www.20minutes.fr\/monde\/volodymyr-zelensky\/?at_medium=RSS%20feed&amp;at_campaign=ynews&amp;utm_source=yahoo&amp;utm_medium=rss&amp;utm_campaign=news_feed&amp;utm_content=in_article_link\" rel=\"nofollow noopener\" target=\"_blank\" data-ylk=\"slk:Volodymyr Zelensky;elm:context_link;itc:0;sec:content-canvas\" class=\"link \">Volodymyr Zelensky<\/a> a affirm\u00e9<a href=\"https:\/\/www.20minutes.fr\/monde\/ukraine\/4174277-20250920-guerre-ukraine-nouvelle-rencontre-trump-zelensky-marge-sommet-onu-semaine-prochaine?at_medium=RSS%20feed&amp;at_campaign=ynews&amp;utm_source=yahoo&amp;utm_medium=rss&amp;utm_campaign=news_feed&amp;utm_content=in_article_link\" rel=\"nofollow noopener\" target=\"_blank\" data-ylk=\"slk:qu\u2019il rencontrerait Donald Trump la semaine prochaine;elm:context_link;itc:0;sec:content-canvas\" class=\"link \"> qu\u2019il rencontrerait Donald Trump la semaine prochaine<\/a> en marge de l\u2019Assembl\u00e9e g\u00e9n\u00e9rale de l\u2019ONU \u00e0 New York, alors que les efforts diplomatiques pour mettre fin \u00e0 l\u2019invasion russe semblent dans l\u2019impasse.<\/p>\n<p class=\"mb-4 text-lg md:leading-8 break-words\">Donald Trump a lanc\u00e9 des ultimatums, sous peine de sanctions, pour pousser <a href=\"https:\/\/www.20minutes.fr\/monde\/vladimir_poutine\/?at_medium=RSS%20feed&amp;at_campaign=ynews&amp;utm_source=yahoo&amp;utm_medium=rss&amp;utm_campaign=news_feed&amp;utm_content=in_article_link\" rel=\"nofollow noopener\" target=\"_blank\" data-ylk=\"slk:Vladimir Poutine;elm:context_link;itc:0;sec:content-canvas\" class=\"link \">Vladimir Poutine<\/a> \u00e0 un compromis et mettre fin \u00e0 la guerre. Mais le pr\u00e9sident russe n\u2019a pas pli\u00e9, et son homologue am\u00e9ricain n\u2019a pas mis ses menaces \u00e0 ex\u00e9cution.<\/p>\n<p class=\"mb-4 text-lg md:leading-8 break-words\">Volodymyr Zelensky a d\u00e9clar\u00e9 \u00e0 un groupe de journalistes, dont l\u2019AFP, qu\u2019il aurait \u00ab une r\u00e9union avec le pr\u00e9sident des Etats-Unis \u00bb dans le cadre de son d\u00e9placement \u00e0 New York pour l\u2019Assembl\u00e9e g\u00e9n\u00e9rale de l\u2019ONU la semaine prochaine. Le pr\u00e9sident ukrainien, dont les commentaires \u00e9taient plac\u00e9s sous embargo jusqu\u2019\u00e0 samedi, a affirm\u00e9 qu\u2019il soul\u00e8verait la question des sanctions contre Moscou.<\/p>\n<p>La d\u00e9claration du jour<\/p>\n<blockquote class=\"mb-4 border-l-2 pl-5 italic text-tertiary\">\n<p class=\"mb-4 text-lg md:leading-8 break-words\">\u00ab Je pense que nous perdons beaucoup de temps si nous attendons, n\u2019imposons pas de sanctions ou ne prenons pas les mesures que nous attendons vraiment de lui \u00bb<\/p>\n<\/blockquote>\n<p class=\"mb-4 text-lg md:leading-8 break-words\">C\u2019est ce qu\u2019a d\u00e9clar\u00e9 le pr\u00e9sident ukrainien Volodymyr Zelensky ce samedi. Il a affirm\u00e9 plus tard attendre des \u00ab sanctions fortes \u00bb de la part de Washington, estimant que l\u2019Europe \u00ab fait sa part \u00bb.<\/p>\n<p class=\"mb-4 text-lg md:leading-8 break-words\">Donald Trump s\u2019est dit pr\u00eat \u00e0 pre(&#8230;)<\/p>\n<p class=\"mb-4 text-lg md:leading-8 break-words\"><a href=\"https:\/\/www.20minutes.fr\/monde\/ukraine\/4174296-20250920-guerre-ukraine-possible-rencontre-entre-zelensky-trump-nouvelle-attaque-aerienne-massive-russe?at_medium=RSS%20feed&amp;at_campaign=ynews&amp;utm_source=yahoo&amp;utm_medium=rss&amp;utm_campaign=news_feed&amp;utm_content=read_more_link&quot;\" rel=\"nofollow noopener\" target=\"_blank\" data-ylk=\"slk:Lire la suite sur 20minutes;elm:context_link;itc:0;sec:content-canvas\" class=\"link \">Lire la suite sur 20minutes<\/a><\/p>\n<p>\u00c0 lire aussi :<br \/><a href=\"https:\/\/www.20minutes.fr\/monde\/ukraine\/4174277-20250920-guerre-ukraine-nouvelle-rencontre-trump-zelensky-marge-sommet-onu-semaine-prochaine?at_medium=RSS%20feed&amp;at_campaign=ynews&amp;utm_source=yahoo&amp;utm_medium=rss&amp;utm_campaign=news_feed&amp;utm_content=related_content_link\" rel=\"nofollow noopener\" target=\"_blank\" data-ylk=\"slk:Guerre en Ukraine : Un nouveau t\u00eate-\u00e0-t\u00eate Trump-Zelensky en marge du sommet de l\u2019ONU la semaine prochaine;elm:context_link;itc:0;sec:content-canvas\" class=\"link \">Guerre en Ukraine : Un nouveau t\u00eate-\u00e0-t\u00eate Trump-Zelensky en marge du sommet de l\u2019ONU la semaine prochaine<\/a><br \/><a href=\"https:\/\/www.20minutes.fr\/monde\/ukraine\/4174114-20250919-guerre-ukraine-combat-russes-interceptes-ciel-otan-fermeture-robinet-gaz?at_medium=RSS%20feed&amp;at_campaign=ynews&amp;utm_source=yahoo&amp;utm_medium=rss&amp;utm_campaign=news_feed&amp;utm_content=related_content_link\" rel=\"nofollow noopener\" target=\"_blank\" data-ylk=\"slk:Guerre en Ukraine : Des avions de combat russes intercept\u00e9s dans le ciel de l\u2019Otan et fermeture du robinet de gaz;elm:context_link;itc:0;sec:content-canvas\" class=\"link \">Guerre en Ukraine : Des avions de combat russes intercept\u00e9s dans le ciel de l\u2019Otan et fermeture du robinet de gaz<\/a><\/p>\n","protected":false},"excerpt":{"rendered":"recap &#8211; \u00ab 20 Minutes \u00bb fait le point pour vous tous les soirs sur le conflit en&hellip;\n","protected":false},"author":2,"featured_media":406197,"comment_status":"","ping_status":"","sticky":false,"template":"","format":"standard","meta":{"footnotes":""},"categories":[1590],"tags":[11,75,1777,674,12,1325,14903,220,134],"class_list":{"0":"post-406196","1":"post","2":"type-post","3":"status-publish","4":"format-standard","5":"has-post-thumbnail","7":"category-ukraine","8":"tag-actualites","9":"tag-donald-trump","10":"tag-eu","11":"tag-europe","12":"tag-news","13":"tag-president-des-etats-unis","14":"tag-semaine-prochaine","15":"tag-ukraine","16":"tag-volodymyr-zelensky"},"share_on_mastodon":{"url":"https:\/\/pubeurope.com\/@fr\/115239947256825519","error":""},"_links":{"self":[{"href":"https:\/\/www.europesays.com\/fr\/wp-json\/wp\/v2\/posts\/406196","targetHints":{"allow":["GET"]}}],"collection":[{"href":"https:\/\/www.europesays.com\/fr\/wp-json\/wp\/v2\/posts"}],"about":[{"href":"https:\/\/www.europesays.com\/fr\/wp-json\/wp\/v2\/types\/post"}],"author":[{"embeddable":true,"href":"https:\/\/www.europesays.com\/fr\/wp-json\/wp\/v2\/users\/2"}],"replies":[{"embeddable":true,"href":"https:\/\/www.europesays.com\/fr\/wp-json\/wp\/v2\/comments?post=406196"}],"version-history":[{"count":0,"href":"https:\/\/www.europesays.com\/fr\/wp-json\/wp\/v2\/posts\/406196\/revisions"}],"wp:featuredmedia":[{"embeddable":true,"href":"https:\/\/www.europesays.com\/fr\/wp-json\/wp\/v2\/media\/406197"}],"wp:attachment":[{"href":"https:\/\/www.europesays.com\/fr\/wp-json\/wp\/v2\/media?parent=406196"}],"wp:term":[{"taxonomy":"category","embeddable":true,"href":"https:\/\/www.europesays.com\/fr\/wp-json\/wp\/v2\/categories?post=406196"},{"taxonomy":"post_tag","embeddable":true,"href":"https:\/\/www.europesays.com\/fr\/wp-json\/wp\/v2\/tags?post=406196"}],"curies":[{"name":"wp","href":"https:\/\/api.w.org\/{rel}","templated":true}]}}