{"id":406202,"date":"2025-09-21T02:35:14","date_gmt":"2025-09-21T02:35:14","guid":{"rendered":"https:\/\/www.europesays.com\/fr\/406202\/"},"modified":"2025-09-21T02:35:14","modified_gmt":"2025-09-21T02:35:14","slug":"eurovision-2026-apres-lautriche-lallemagne-soppose-aux-appels-au-boycott","status":"publish","type":"post","link":"https:\/\/www.europesays.com\/fr\/406202\/","title":{"rendered":"Eurovision\u00a02026 : apr\u00e8s l\u2019Autriche, l\u2019Allemagne s\u2019oppose aux appels au boycott"},"content":{"rendered":"<p>Le ministre allemand de la Culture <a href=\"https:\/\/programmetv.ouest-france.fr\/divers\/divertissement\/eurovision\/tout-boycott-culturel-de-leurovision-est-stupide-et-vain-estime-lautriche-3615e896-955d-11f0-87cf-e619b6e4aa34\" target=\"_self\" rel=\"nofollow noopener\">a fustig\u00e9 ce samedi 20\u00a0septembre 2025<\/a> les appels de plusieurs pays europ\u00e9ens au boycott de la prochaine \u00e9dition de l\u2019Eurovision de la chanson si Isra\u00ebl y participe.<\/p>\n<p><strong>\u00ab\u00a0L\u2019Eurovision a \u00e9t\u00e9 fond\u00e9e pour rapprocher les nations gr\u00e2ce \u00e0 la musique. Exclure Isra\u00ebl aujourd\u2019hui, c\u2019est aller \u00e0 l\u2019encontre de cette id\u00e9e fondamentale et transformer en tribunal une f\u00eate d\u2019entente entre les peuples\u00a0\u00bb,<\/strong> a d\u00e9clar\u00e9 dans un communiqu\u00e9 Wolfram Weimer, embo\u00eetant le pas \u00e0 l\u2019Autriche, pays h\u00f4te qui avait d\u00e9j\u00e0 regrett\u00e9 jeudi les appels aux boycotts.<\/p>\n<p><strong>Lire aussi\u00a0:<\/strong> <a href=\"https:\/\/programmetv.ouest-france.fr\/divers\/divertissement\/eurovision\/eurovision-2026-france-televisions-confirme-la-participation-de-la-france-malgre-lappel-au-boycott-61536d9a-93ea-11f0-8aaf-26b4770f0f96\" target=\"_self\" rel=\"nofollow noopener\">Eurovision 2026. France T\u00e9l\u00e9visions confirme la participation de la France malgr\u00e9 l\u2019appel au boycott<\/a><\/p>\n<p>La Belgique, la Su\u00e8de et la Finlande r\u00e9fl\u00e9chissent \u00e0 un boycott<\/p>\n<p><a href=\"https:\/\/programmetv.ouest-france.fr\/divers\/divertissement\/eurovision\/eurovision-2026-lirlande-annonce-se-retirer-du-concours-en-cas-de-participation-disrael-9b0bb7a2-8faf-11f0-a247-44b729b0842f\" target=\"_self\" rel=\"nofollow noopener\">L\u2019Espagne, l\u2019Irlande, la Slov\u00e9nie, l\u2019Islande et les Pays-Bas<\/a> ont annonc\u00e9 qu\u2019ils n\u2019enverraient pas de repr\u00e9sentant au concours \u00e0 Vienne en mai prochain, si Isra\u00ebl est autoris\u00e9 \u00e0 participer.<\/p>\n<p>D\u2019autres pays comme la Belgique, la Su\u00e8de et la Finlande r\u00e9fl\u00e9chissent \u00e9galement \u00e0 un boycott. Ils ont jusqu\u2019\u00e0 d\u00e9cembre pour se d\u00e9cider.<\/p>\n<p><strong>\u00ab\u00a0L\u2019Eurovision repose sur le principe que les artistes sont jug\u00e9s sur leur art et non sur leur nationalit\u00e9. La culture de l\u2019annulation n\u2019est pas la solution \u2013 la solution, c\u2019est la diversit\u00e9 et la coh\u00e9sion\u00a0\u00bb,<\/strong> a ajout\u00e9 le ministre conservateur.<\/p>\n<p><strong>\u00ab\u00a0C\u2019est pr\u00e9cis\u00e9ment parce que l\u2019Eurovision est n\u00e9 des ruines de la guerre qu\u2019il ne doit pas devenir une sc\u00e8ne d\u2019exclusion\u00a0\u00bb,<\/strong> a-t-il poursuivi.<\/p>\n<p>L\u2019Eurovision est en r\u00e9alit\u00e9 r\u00e9guli\u00e8rement le th\u00e9\u00e2tre d\u2019oppositions g\u00e9opolitiques. La Russie a \u00e9t\u00e9 exclue \u00e0 la suite de l\u2019invasion de l\u2019Ukraine en 2022. Le B\u00e9larus l\u2019avait \u00e9t\u00e9 un an plus t\u00f4t apr\u00e8s la r\u00e9\u00e9lection contest\u00e9e du pr\u00e9sident Alexandre Loukachenko. En raison de sa responsabilit\u00e9 historique vis-\u00e0-vis de l\u2019extermination de six millions de juifs pendant la Seconde Guerre mondiale, l\u2019Allemagne est avec les \u00c9tats-Unis l\u2019un des plus grands soutiens d\u2019Isra\u00ebl.<\/p>\n<p>\u00a0<\/p>\n","protected":false},"excerpt":{"rendered":"Le ministre allemand de la Culture a fustig\u00e9 ce samedi 20\u00a0septembre 2025 les appels de plusieurs pays europ\u00e9ens&hellip;\n","protected":false},"author":2,"featured_media":406203,"comment_status":"","ping_status":"","sticky":false,"template":"","format":"standard","meta":{"footnotes":""},"categories":[1587],"tags":[5734,11,672,1438,10641,13989,7976,1804,1805,1803,1777,674,2399,1801,12,43292,1802],"class_list":{"0":"post-406202","1":"post","2":"type-post","3":"status-publish","4":"format-standard","5":"has-post-thumbnail","7":"category-allemagne","8":"tag-5734","9":"tag-actualites","10":"tag-allemagne","11":"tag-angers","12":"tag-appels","13":"tag-autriche","14":"tag-boycott","15":"tag-bundesrepublik-deutschland","16":"tag-de","17":"tag-deutschland","18":"tag-eu","19":"tag-europe","20":"tag-eurovision","21":"tag-germany","22":"tag-news","23":"tag-oppose","24":"tag-republique-federale-dallemagne"},"share_on_mastodon":{"url":"https:\/\/pubeurope.com\/@fr\/115239958910677885","error":""},"_links":{"self":[{"href":"https:\/\/www.europesays.com\/fr\/wp-json\/wp\/v2\/posts\/406202","targetHints":{"allow":["GET"]}}],"collection":[{"href":"https:\/\/www.europesays.com\/fr\/wp-json\/wp\/v2\/posts"}],"about":[{"href":"https:\/\/www.europesays.com\/fr\/wp-json\/wp\/v2\/types\/post"}],"author":[{"embeddable":true,"href":"https:\/\/www.europesays.com\/fr\/wp-json\/wp\/v2\/users\/2"}],"replies":[{"embeddable":true,"href":"https:\/\/www.europesays.com\/fr\/wp-json\/wp\/v2\/comments?post=406202"}],"version-history":[{"count":0,"href":"https:\/\/www.europesays.com\/fr\/wp-json\/wp\/v2\/posts\/406202\/revisions"}],"wp:featuredmedia":[{"embeddable":true,"href":"https:\/\/www.europesays.com\/fr\/wp-json\/wp\/v2\/media\/406203"}],"wp:attachment":[{"href":"https:\/\/www.europesays.com\/fr\/wp-json\/wp\/v2\/media?parent=406202"}],"wp:term":[{"taxonomy":"category","embeddable":true,"href":"https:\/\/www.europesays.com\/fr\/wp-json\/wp\/v2\/categories?post=406202"},{"taxonomy":"post_tag","embeddable":true,"href":"https:\/\/www.europesays.com\/fr\/wp-json\/wp\/v2\/tags?post=406202"}],"curies":[{"name":"wp","href":"https:\/\/api.w.org\/{rel}","templated":true}]}}