{"id":406209,"date":"2025-09-21T02:39:16","date_gmt":"2025-09-21T02:39:16","guid":{"rendered":"https:\/\/www.europesays.com\/fr\/406209\/"},"modified":"2025-09-21T02:39:16","modified_gmt":"2025-09-21T02:39:16","slug":"disparition-de-delphine-jubillar-avec-le-proces-ca-va-nouvelle-bouffee-dangoisse-pour-les-habitants-de-cagnac-les-mines","status":"publish","type":"post","link":"https:\/\/www.europesays.com\/fr\/406209\/","title":{"rendered":"Disparition de Delphine Jubillar : \u201cavec le proc\u00e8s \u00e7a va\u2026\u201d, nouvelle bouff\u00e9e d\u2019angoisse pour les habitants de Cagnac-les-Mines"},"content":{"rendered":"<p class=\"p1\">La v\u00e9rit\u00e9 finira-t-elle par \u00e9clater ? Pr\u00e8s de cinq<br \/>\nans apr\u00e8s la disparition de <a href=\"https:\/\/www.closermag.fr\/vecu\/disparition-de-delphine-jubillar-cet-objet-symbolique-qui-trone-devant-la-maison-de-cagnac-les-mines-3567669\" target=\"_blank\" rel=\"noopener\"><br \/>\nDelphine Jubillar<\/a>, son mari C\u00e9dric Jubillar va \u00eatre<br \/>\n<strong>jug\u00e9 pour meurtre<\/strong>. En effet, \u00e0 partir du 22<br \/>\nseptembre, le principal suspect dans l\u2019affaire sera pr\u00e9sent\u00e9 devant<br \/>\nle tribunal judiciaire d\u2019Albi. S\u2019il continue de <strong>clamer son<br \/>\ninnocence<\/strong>, plusieurs t\u00e9moins affirment qu\u2019il aurait confi\u00e9<br \/>\navoir <a href=\"https:\/\/www.closermag.fr\/vecu\/disparition-de-delphine-jubillar-lancien-codetenu-de-cedric-jubillar-en-remet-une-louche-une-boite-dans-la-terre-3580948\" target=\"_blank\" rel=\"noopener\"><br \/>\ntu\u00e9 sa femme<\/a>.<\/p>\n<p class=\"p1\">Depuis la disparition de Delphine Jubillar, le<br \/>\nvillage de <a href=\"https:\/\/www.closermag.fr\/vecu\/faits_divers\/disparition-de-delphine-jubillar-a-quoi-ressemble-la-maison-de-cagnac-les-mines-ou-elle-vivait-avec-son-mari-cedric-photos-3563011\" target=\"_blank\" rel=\"noopener\"><br \/>\nCagnac-les-Mines<\/a> retient son souffle. Si le proc\u00e8s pourrait<br \/>\nleur permettre de tourner la page, les habitants redoutent de<br \/>\n<strong>replonger sous les projecteurs<\/strong>.<\/p>\n<p>Le village de Cagnac-les-Mines se mure dans le<br \/>\nsilence<\/p>\n<p class=\"p1\">Avant l\u2019ouverture du proc\u00e8s de C\u00e9dric Jubillar, les<br \/>\njournalistes de <a href=\"https:\/\/www.20minutes.fr\/faits_divers\/4173725-20250920-affaire-jubillar-petite-communaute-ombre-proces-cagnac-mines-tente-oublier\" target=\"_blank\" rel=\"nofollow noopener\">20 Minutes<\/a> se<br \/>\nsont rendus \u00e0 Cagnac-les-Mines. Malgr\u00e9 leurs sollicitations, la<br \/>\nplupart des habitants ont <strong>refus\u00e9 de parler<\/strong>.<br \/>\n\u201cSi c\u2019est pour les journaux, passez votre chemin, je ne<br \/>\nparlerai pas\u201d, a lanc\u00e9 une voisine du couple.<\/p>\n<p class=\"p1\">Pour un commer\u00e7ant du centre-ville, <strong>la dur\u00e9e<br \/>\nde l\u2019affaire<\/strong> a fini par lasser les habitants, qui veulent<br \/>\n<strong>passer \u00e0 autre chose<\/strong>. \u201cC\u2019est une petite<br \/>\ncommunaut\u00e9. Les gens en ont marre qu\u2019on leur parle de \u00e7a. C\u2019est<br \/>\npass\u00e9, maintenant. Mais avec le proc\u00e8s, \u00e7a va revenir, c\u2019est<br \/>\ns\u00fbr\u201d, a-t-il affirm\u00e9. Et le client d\u2019un restaurant de trancher<br \/>\n: \u201cRas-le-bol\u201d.<\/p>\n<p>La disparition de Delphine Jubillar<br \/>\ncontinue de marquer<\/p>\n<p class=\"p1\">Malgr\u00e9 <a href=\"https:\/\/www.closermag.fr\/vecu\/disparition-de-delphine-jubillar-les-enfants-du-couple-en-danger-ces-terribles-inquietudes-de-leurs-voisins-3571043\" target=\"_blank\" rel=\"noopener\"><br \/>\nle silence des voisins<\/a>, certains habitants du village ont fait<br \/>\n<strong>de rares confidences<\/strong>. Une femme de 79 ans, qui ne<br \/>\nconnaissait pas le couple Jubillar, a assur\u00e9 vouloir savoir \u201cce<br \/>\nqu\u2019il s\u2019est pass\u00e9\u201d. Elle comprend cependant que personne ne<br \/>\nsouhaite parler. \u201cC\u2019est fou cette histoire. On est si calme<br \/>\nici, normalement. Je n\u2019arrive pas \u00e0 croire que ce soit arriv\u00e9 chez<br \/>\nnous. On nous emb\u00eate parfois avec toutes ces questions, mais je<br \/>\ncomprends. C\u2019est une histoire qui marque\u201d, a-t-elle<br \/>\nexpliqu\u00e9.<\/p>\n<p class=\"p1\">Si le village ne veut <strong>plus aborder le<br \/>\nsujet<\/strong>, aucun doute que <a href=\"https:\/\/www.closermag.fr\/vecu\/disparition-de-delphine-jubillar-avant-son-proces-cedric-jubillar-gagne-une-bataille-judiciaire-et-pas-des-moindres-3580272\" target=\"_blank\" rel=\"noopener\"><br \/>\nle proc\u00e8s de C\u00e9dric Jubillar<\/a> sera tr\u00e8s suivi. \u201cMais chacun<br \/>\nrestera dans son coin de toute mani\u00e8re, quoi qu\u2019il arrive\u201d, a<br \/>\nsouffl\u00e9 un habitant. Cagnac-les-Mines retient donc son souffle, en<br \/>\nattendant de possibles r\u00e9v\u00e9lations.<\/p>\n","protected":false},"excerpt":{"rendered":"La v\u00e9rit\u00e9 finira-t-elle par \u00e9clater ? Pr\u00e8s de cinq ans apr\u00e8s la disparition de Delphine Jubillar, son mari&hellip;\n","protected":false},"author":2,"featured_media":406210,"comment_status":"","ping_status":"","sticky":false,"template":"","format":"standard","meta":{"footnotes":""},"categories":[2],"tags":[11,548,33031,1011,27,12,25],"class_list":{"0":"post-406209","1":"post","2":"type-post","3":"status-publish","4":"format-standard","5":"has-post-thumbnail","7":"category-actualites","8":"tag-actualites","9":"tag-article-simple","10":"tag-delphine-jubillar","11":"tag-fr","12":"tag-france","13":"tag-news","14":"tag-republique-francaise"},"share_on_mastodon":{"url":"https:\/\/pubeurope.com\/@fr\/115239974559920496","error":""},"_links":{"self":[{"href":"https:\/\/www.europesays.com\/fr\/wp-json\/wp\/v2\/posts\/406209","targetHints":{"allow":["GET"]}}],"collection":[{"href":"https:\/\/www.europesays.com\/fr\/wp-json\/wp\/v2\/posts"}],"about":[{"href":"https:\/\/www.europesays.com\/fr\/wp-json\/wp\/v2\/types\/post"}],"author":[{"embeddable":true,"href":"https:\/\/www.europesays.com\/fr\/wp-json\/wp\/v2\/users\/2"}],"replies":[{"embeddable":true,"href":"https:\/\/www.europesays.com\/fr\/wp-json\/wp\/v2\/comments?post=406209"}],"version-history":[{"count":0,"href":"https:\/\/www.europesays.com\/fr\/wp-json\/wp\/v2\/posts\/406209\/revisions"}],"wp:featuredmedia":[{"embeddable":true,"href":"https:\/\/www.europesays.com\/fr\/wp-json\/wp\/v2\/media\/406210"}],"wp:attachment":[{"href":"https:\/\/www.europesays.com\/fr\/wp-json\/wp\/v2\/media?parent=406209"}],"wp:term":[{"taxonomy":"category","embeddable":true,"href":"https:\/\/www.europesays.com\/fr\/wp-json\/wp\/v2\/categories?post=406209"},{"taxonomy":"post_tag","embeddable":true,"href":"https:\/\/www.europesays.com\/fr\/wp-json\/wp\/v2\/tags?post=406209"}],"curies":[{"name":"wp","href":"https:\/\/api.w.org\/{rel}","templated":true}]}}